{"id":9594,"date":"2021-09-04T13:40:13","date_gmt":"2021-09-04T11:40:13","guid":{"rendered":"https:\/\/boklima.de\/?p=9594"},"modified":"2021-10-20T00:30:42","modified_gmt":"2021-10-19T22:30:42","slug":"baumfaellungen-alleestr-moegliche-rettung-einzelner-baaeume","status":"publish","type":"post","link":"https:\/\/boklima.de\/?p=9594","title":{"rendered":"Baumf\u00e4llungen Alleestr &#8212; M\u00f6gliche Rettung einzelner B\u00e4ume"},"content":{"rendered":"\n<h2 class=\"wp-block-heading\"><span class=\"ez-toc-section\" id=\"Aufstellung\"><\/span>Aufstellung :<span class=\"ez-toc-section-end\"><\/span><\/h2>\n\n\n\n<p>Liste aller B\u00e4ume Alleestra\u00dfe : <a href=\"https:\/\/boklima.de\/wp-content\/uploads\/2021\/10\/baumkataster-bochum-alleestr.ods\" target=\"_blank\" rel=\"noreferrer noopener\">hier (als ods)<\/a><\/p>\n\n\n\n<h1 class=\"wp-block-heading\"><span class=\"ez-toc-section\" id=\"Alleestrasse_Moeglichkeiten_zur_Baum-Rettung\"><\/span>Alleestra\u00dfe : M\u00f6glichkeiten zur Baum-Rettung<span class=\"ez-toc-section-end\"><\/span><\/h1>\n\n\n\n<p>Baumnummerierung aus : 210901-20211519-Anlage_3-_Lageplan_Teil_1_mit_Querschnitt_DIN_A4-_ohne_Massstab<br>(hier als screencopy \ud83d\ude42<\/p>\n\n\n\n<figure class=\"wp-block-image size-large\"><a href=\"https:\/\/boklima.de\/wp-content\/uploads\/2021\/09\/image-4.png\"><img loading=\"lazy\" decoding=\"async\" width=\"1024\" height=\"213\" src=\"https:\/\/boklima.de\/wp-content\/uploads\/2021\/09\/image-4-1024x213.png\" alt=\"\" class=\"wp-image-9596\" srcset=\"https:\/\/boklima.de\/wp-content\/uploads\/2021\/09\/image-4-1024x213.png 1024w, https:\/\/boklima.de\/wp-content\/uploads\/2021\/09\/image-4-300x63.png 300w, https:\/\/boklima.de\/wp-content\/uploads\/2021\/09\/image-4-768x160.png 768w, https:\/\/boklima.de\/wp-content\/uploads\/2021\/09\/image-4-1536x320.png 1536w, https:\/\/boklima.de\/wp-content\/uploads\/2021\/09\/image-4-1200x250.png 1200w, https:\/\/boklima.de\/wp-content\/uploads\/2021\/09\/image-4.png 1809w\" sizes=\"auto, (max-width: 709px) 85vw, (max-width: 909px) 67vw, (max-width: 1362px) 62vw, 840px\" \/><\/a><\/figure>\n\n\n\n<p><\/p>\n\n\n\n<p>Hier als <a href=\"https:\/\/boklima.de\/wp-content\/uploads\/2021\/09\/210904-aleestr-baumrettungsmassnahmen-01.odt\" target=\"_blank\" rel=\"noreferrer noopener\">odt<\/a>&#8211; bzw. <a href=\"https:\/\/boklima.de\/wp-content\/uploads\/2021\/09\/210904-aleestr-baumrettungsmassnahmen-01.pdf\" target=\"_blank\" rel=\"noreferrer noopener\">pdf<\/a>-Datei <\/p>\n\n\n\n<p>Tabellarische \u00dcbersicht \u00fcber die potentiell ab-zu-hackenden B\u00e4ume und welche Ma\u00dfnahmen es doch noch zur Rettung geben k\u00f6nnte<\/p>\n\n\n\n<figure class=\"wp-block-table\"><table><thead><tr><th>Baum<\/th><th>Warum zu f\u00e4llen<br>( Womit begr\u00fcndet die Verwaltung dies )<br>(z.B Einfahrt , Leitung , ..)<\/th><th>M\u00f6glichkeiten zu Rettung<\/th><th>M\u00f6gliche Massnahmen<\/th><th>Anmerkungen<\/th><\/tr><\/thead><tbody><tr><td>01<\/td><td><br><\/td><td><br><\/td><td><br><\/td><td><br><\/td><\/tr><tr><td>02<\/td><td><br><\/td><td><br><\/td><td><br><\/td><td><br><\/td><\/tr><tr><td>03<\/td><td><br><\/td><td><br><\/td><td><br><\/td><td><br><\/td><\/tr><tr><td>04<\/td><td><br><\/td><td><br><\/td><td><br><\/td><td><br><\/td><\/tr><tr><td>05<\/td><td><br><\/td><td><br><\/td><td><br><\/td><td><br><\/td><\/tr><tr><td>06<\/td><td><br><\/td><td><br><\/td><td><br><\/td><td><br><\/td><\/tr><tr><td>07<\/td><td><br><\/td><td><br><\/td><td><br><\/td><td><br><\/td><\/tr><tr><td>08<\/td><td><br><\/td><td><br><\/td><td><br><\/td><td><br><\/td><\/tr><tr><td>09<\/td><td><br><\/td><td><br><\/td><td><br><\/td><td><br><\/td><\/tr><tr><td>10<\/td><td><br><\/td><td><br><\/td><td><br><\/td><td><br><\/td><\/tr><tr><td>11<\/td><td><br><\/td><td><br><\/td><td><br><\/td><td><br><\/td><\/tr><tr><td>12<\/td><td><br><\/td><td><br><\/td><td><br><\/td><td><br><\/td><\/tr><tr><td>13<\/td><td><br><\/td><td><br><\/td><td><br><\/td><td><br><\/td><\/tr><tr><td>14<\/td><td><br><\/td><td><br><\/td><td><br><\/td><td><br><\/td><\/tr><tr><td>15<\/td><td><br><\/td><td><br><\/td><td><br><\/td><td><br><\/td><\/tr><tr><td>16<\/td><td><br><\/td><td><br><\/td><td><br><\/td><td><br><\/td><\/tr><tr><td>17<\/td><td><br><\/td><td><br><\/td><td><br><\/td><td><br><\/td><\/tr><tr><td>18<\/td><td><br><\/td><td><br><\/td><td><br><\/td><td><br><\/td><\/tr><tr><td>19<\/td><td><br><\/td><td><br><\/td><td><br><\/td><td><br><\/td><\/tr><tr><td>20<\/td><td><br><\/td><td><br><\/td><td><br><\/td><td><br><\/td><\/tr><tr><td>21<\/td><td><br><\/td><td><br><\/td><td><br><\/td><td><br><\/td><\/tr><tr><td><br><\/td><td><br><\/td><td><br><\/td><td><br><\/td><td><br><\/td><\/tr><tr><td><br><\/td><td><br><\/td><td><br><\/td><td><br><\/td><td><br><\/td><\/tr><tr><td><br><\/td><td><br><\/td><td><br><\/td><td><br><\/td><td><br><\/td><\/tr><tr><td><br><\/td><td><br><\/td><td><br><\/td><td><br><\/td><td><br><\/td><\/tr><tr><td><br><\/td><td><br><\/td><td><br><\/td><td><br><\/td><td><br><\/td><\/tr><tr><td><br><\/td><td><br><\/td><td><br><\/td><td><br><\/td><td><br><\/td><\/tr><tr><td><br><\/td><td><br><\/td><td><br><\/td><td><br><\/td><td><br><\/td><\/tr><tr><td><br><\/td><td><br><\/td><td><br><\/td><td><br><\/td><td><br><\/td><\/tr><\/tbody><\/table><\/figure>\n\n\n\n<p>Eine Aktivit\u00e4t waer doch Mariyas Gruen-Rote-Plakate an die B\u00e4ume zu h\u00e4ngen ?!<\/p>\n<div id=\"ez-toc-container\" class=\"ez-toc-v2_0_82_2 counter-hierarchy ez-toc-counter ez-toc-transparent ez-toc-container-direction\">\n<div class=\"ez-toc-title-container\">\n<p class=\"ez-toc-title\" style=\"cursor:inherit\">Inhalte dieser Seite :<\/p>\n<span class=\"ez-toc-title-toggle\"><a href=\"#\" class=\"ez-toc-pull-right ez-toc-btn ez-toc-btn-xs ez-toc-btn-default ez-toc-toggle\" aria-label=\"Toggle Table of Content\"><span class=\"ez-toc-js-icon-con\"><span class=\"\"><span class=\"eztoc-hide\" style=\"display:none;\">Toggle<\/span><span class=\"ez-toc-icon-toggle-span\"><svg style=\"fill: #999;color:#999\" xmlns=\"http:\/\/www.w3.org\/2000\/svg\" class=\"list-377408\" width=\"20px\" height=\"20px\" viewBox=\"0 0 24 24\" fill=\"none\"><path d=\"M6 6H4v2h2V6zm14 0H8v2h12V6zM4 11h2v2H4v-2zm16 0H8v2h12v-2zM4 16h2v2H4v-2zm16 0H8v2h12v-2z\" fill=\"currentColor\"><\/path><\/svg><svg style=\"fill: #999;color:#999\" class=\"arrow-unsorted-368013\" xmlns=\"http:\/\/www.w3.org\/2000\/svg\" width=\"10px\" height=\"10px\" viewBox=\"0 0 24 24\" version=\"1.2\" baseProfile=\"tiny\"><path d=\"M18.2 9.3l-6.2-6.3-6.2 6.3c-.2.2-.3.4-.3.7s.1.5.3.7c.2.2.4.3.7.3h11c.3 0 .5-.1.7-.3.2-.2.3-.5.3-.7s-.1-.5-.3-.7zM5.8 14.7l6.2 6.3 6.2-6.3c.2-.2.3-.5.3-.7s-.1-.5-.3-.7c-.2-.2-.4-.3-.7-.3h-11c-.3 0-.5.1-.7.3-.2.2-.3.5-.3.7s.1.5.3.7z\"\/><\/svg><\/span><\/span><\/span><\/a><\/span><\/div>\n<nav><ul class='ez-toc-list ez-toc-list-level-1 eztoc-toggle-hide-by-default' ><ul class='ez-toc-list-level-2' ><li class='ez-toc-heading-level-2'><a class=\"ez-toc-link ez-toc-heading-1\" href=\"https:\/\/boklima.de\/?p=9594\/#Aufstellung\" >Aufstellung :<\/a><\/li><\/ul><\/li><li class='ez-toc-page-1 ez-toc-heading-level-1'><a class=\"ez-toc-link ez-toc-heading-2\" href=\"https:\/\/boklima.de\/?p=9594\/#Alleestrasse_Moeglichkeiten_zur_Baum-Rettung\" >Alleestra\u00dfe : M\u00f6glichkeiten zur Baum-Rettung<\/a><\/li><\/ul><\/nav><\/div>\n","protected":false},"excerpt":{"rendered":"<p>Aufstellung : Liste aller B\u00e4ume Alleestra\u00dfe : hier (als ods) Alleestra\u00dfe : M\u00f6glichkeiten zur Baum-Rettung Baumnummerierung aus : 210901-20211519-Anlage_3-_Lageplan_Teil_1_mit_Querschnitt_DIN_A4-_ohne_Massstab(hier als screencopy \ud83d\ude42 Hier als odt&#8211; bzw. pdf-Datei Tabellarische \u00dcbersicht \u00fcber die potentiell ab-zu-hackenden B\u00e4ume und welche Ma\u00dfnahmen es doch noch zur Rettung geben k\u00f6nnte Baum Warum zu f\u00e4llen( Womit begr\u00fcndet die Verwaltung dies )(z.B Einfahrt &hellip; <a href=\"https:\/\/boklima.de\/?p=9594\" class=\"more-link\"><span class=\"screen-reader-text\">\u201eBaumf\u00e4llungen Alleestr &#8212; M\u00f6gliche Rettung einzelner B\u00e4ume\u201c <\/span>weiterlesen<\/a><\/p>\n","protected":false},"author":8,"featured_media":0,"comment_status":"open","ping_status":"open","sticky":false,"template":"","format":"standard","meta":{"ngg_post_thumbnail":0,"footnotes":"","_share_on_mastodon":"0"},"categories":[105],"tags":[],"class_list":["post-9594","post","type-post","status-publish","format-standard","hentry","category-intern-alle-fuer-alle-angemeldeten-mitglieder-lesbar"],"share_on_mastodon":{"url":"","error":""},"rttpg_featured_image_url":null,"rttpg_author":{"display_name":"thomas","author_link":"https:\/\/boklima.de\/?author=8"},"rttpg_comment":1,"rttpg_category":"<a href=\"https:\/\/boklima.de\/?cat=105\" rel=\"category\">intern Alle<\/a>","rttpg_excerpt":"Aufstellung : Liste aller B\u00e4ume Alleestra\u00dfe : hier (als ods) Alleestra\u00dfe : M\u00f6glichkeiten zur Baum-Rettung Baumnummerierung aus : 210901-20211519-Anlage_3-_Lageplan_Teil_1_mit_Querschnitt_DIN_A4-_ohne_Massstab(hier als screencopy \ud83d\ude42 Hier als odt&#8211; bzw. pdf-Datei Tabellarische \u00dcbersicht \u00fcber die potentiell ab-zu-hackenden B\u00e4ume und welche Ma\u00dfnahmen es doch noch zur Rettung geben k\u00f6nnte Baum Warum zu f\u00e4llen( Womit begr\u00fcndet die Verwaltung dies )(z.B Einfahrt&hellip;","_links":{"self":[{"href":"https:\/\/boklima.de\/index.php?rest_route=\/wp\/v2\/posts\/9594","targetHints":{"allow":["GET"]}}],"collection":[{"href":"https:\/\/boklima.de\/index.php?rest_route=\/wp\/v2\/posts"}],"about":[{"href":"https:\/\/boklima.de\/index.php?rest_route=\/wp\/v2\/types\/post"}],"author":[{"embeddable":true,"href":"https:\/\/boklima.de\/index.php?rest_route=\/wp\/v2\/users\/8"}],"replies":[{"embeddable":true,"href":"https:\/\/boklima.de\/index.php?rest_route=%2Fwp%2Fv2%2Fcomments&post=9594"}],"version-history":[{"count":3,"href":"https:\/\/boklima.de\/index.php?rest_route=\/wp\/v2\/posts\/9594\/revisions"}],"predecessor-version":[{"id":10116,"href":"https:\/\/boklima.de\/index.php?rest_route=\/wp\/v2\/posts\/9594\/revisions\/10116"}],"wp:attachment":[{"href":"https:\/\/boklima.de\/index.php?rest_route=%2Fwp%2Fv2%2Fmedia&parent=9594"}],"wp:term":[{"taxonomy":"category","embeddable":true,"href":"https:\/\/boklima.de\/index.php?rest_route=%2Fwp%2Fv2%2Fcategories&post=9594"},{"taxonomy":"post_tag","embeddable":true,"href":"https:\/\/boklima.de\/index.php?rest_route=%2Fwp%2Fv2%2Ftags&post=9594"}],"curies":[{"name":"wp","href":"https:\/\/api.w.org\/{rel}","templated":true}]}}