{"id":9520,"date":"2021-08-30T16:33:25","date_gmt":"2021-08-30T14:33:25","guid":{"rendered":"https:\/\/boklima.de\/?p=9520"},"modified":"2021-08-31T11:04:23","modified_gmt":"2021-08-31T09:04:23","slug":"zukuenftige-klimapolitik-der-parteien","status":"publish","type":"post","link":"https:\/\/boklima.de\/?p=9520","title":{"rendered":"zuk\u00fcnftige Klimapolitik der Parteien"},"content":{"rendered":"\n<hr class=\"wp-block-separator\"\/>\n\n\n\n<h2 class=\"wp-block-heading\"><span class=\"ez-toc-section\" id=\"280821_Helmholz_Klimainitiative_Original_hier\"><\/span>(28.08.21, Helmholz Klimainitiative) , Original : <a href=\"https:\/\/www.helmholtz-klima.de\/aktuelles\/klimapolitik-wahlprogramme-bundestagswahl2021\" target=\"_blank\" rel=\"noreferrer noopener\">hier<\/a> <span class=\"ez-toc-section-end\"><\/span><\/h2>\n\n\n\n<p>xx<\/p>\n\n\n\n<figure class=\"wp-block-image size-large\"><a href=\"https:\/\/boklima.de\/wp-content\/uploads\/2021\/08\/image-7.png\"><img loading=\"lazy\" decoding=\"async\" width=\"889\" height=\"442\" src=\"https:\/\/boklima.de\/wp-content\/uploads\/2021\/08\/image-7.png\" alt=\"\" class=\"wp-image-9530\" srcset=\"https:\/\/boklima.de\/wp-content\/uploads\/2021\/08\/image-7.png 889w, https:\/\/boklima.de\/wp-content\/uploads\/2021\/08\/image-7-300x149.png 300w, https:\/\/boklima.de\/wp-content\/uploads\/2021\/08\/image-7-768x382.png 768w\" sizes=\"auto, (max-width: 709px) 85vw, (max-width: 909px) 67vw, (max-width: 1362px) 62vw, 840px\" \/><\/a><\/figure>\n\n\n\n<h3 class=\"wp-block-heading\"><span class=\"ez-toc-section\" id=\"Erneuerbare_Energien\"><\/span>Erneuerbare Energien<span class=\"ez-toc-section-end\"><\/span><\/h3>\n\n\n\n<p>Wie schnell die Klimawende gelingt, h\u00e4ngt vor allem vom Ausbau erneuerbarer Energien ab. Gr\u00fcne und Linke setzen in ihren Wahlprogrammen j\u00e4hrliche Ausbauziele. Bis 2025 wollen <strong>Gr\u00fcne<\/strong> und <strong>Linke<\/strong> zum Beispiel pro Jahr mindestens zehn oder sogar bis zu zw\u00f6lf Gigawatt Photovoltaik pro Jahr neu bauen \u2013 2020 waren es nur <a href=\"https:\/\/www.erneuerbare-energien.de\/EE\/Redaktion\/DE\/Downloads\/entwicklung-der-erneuerbaren-energien-in-deutschland-2020.pdf\" target=\"_blank\" rel=\"noreferrer noopener\">vier Gigawatt<\/a>.<\/p>\n\n\n\n<p>Die <strong>SPD<\/strong> will die Stromversorgung bis 2040 komplett auf erneuerbare Energien umstellen und verbindliche Ausbauziele f\u00fcr \u201eerneuerbare Energien wie Sonne, Wind und Geothermie\u201c in einem \u201eZukunftspakt\u201c zwischen Bund, L\u00e4ndern und Kommunen festlegen. Als weiteres Herzst\u00fcck ihrer Klimapolitik bezeichnet sie die Beteiligung der B\u00fcrger*innen vor Ort, zum Beispiel durch Energiegenossenschaften, die Windparks oder andere Anlagen betreiben.<\/p>\n\n\n\n<p><strong>CDU\/CSU<\/strong> nennen in ihrem Programm keine festen Jahresziele f\u00fcr regenerative Energien, aber auch sie erkl\u00e4ren, Erneuerbare \u201edeutlich schneller\u201c ausbauen zu wollen. Die Union k\u00fcndigt zum Beispiel ein \u201eSonnenpaket\u201c an, um Photovoltaik zu f\u00f6rdern \u2013 dazu soll etwa eine Onlineplattform f\u00fcr einfachere Genehmigungen geh\u00f6ren.<\/p>\n\n\n\n<p>Die <strong>FDP<\/strong> lehnt dagegen die F\u00f6rderung einzelner Technologien ab und will Zahlungen nach dem Erneuerbare-Energien-Gesetz (EEG) f\u00fcr neue Anlagen abschaffen. Stattdessen m\u00f6chten die Liberalen die Eigenversorgung mit Gr\u00fcnstrom vereinfachen und sie vertrauen darauf, dass ein steigender CO<sub>2<\/sub>-Preis fossile Energien gegen\u00fcber erneuerbaren unattraktiver machen werde.<\/p>\n\n\n\n<p>Die <strong>AfD<\/strong> lehnt eine \u201ekomplette Umstellung\u201c auf volatile \u2013 also mit dem Wetter schwankende \u2013 erneuerbare Energien wie Wind und Solar ab. Gleichzeitig nennt sie eine Reihe von Bedingungen f\u00fcr einzelne Technologien. Der Mindestabstand von Windr\u00e4dern zu Wohnbebauung etwa m\u00fcsse das Zehnfache der Gesamth\u00f6he, mindestens jedoch 2500 Meter betragen.<\/p>\n\n\n\n<h3 class=\"wp-block-heading\"><span class=\"ez-toc-section\" id=\"Mobilitaet\"><\/span>Mobilit\u00e4t<span class=\"ez-toc-section-end\"><\/span><\/h3>\n\n\n\n<p>Beim Klimaschutz im Verkehr hat Deutschland noch besonders gro\u00dfen Nachholbedarf. Fast alle Parteien bekennen sich deshalb zum Ausbau der Bahn, des \u00f6ffentlichen Nah- und des Radverkehrs sowie der Lades\u00e4ulen f\u00fcr Elektroautos. Nur die <strong>AfD<\/strong> wendet sich in ihrem Wahlprogramm gegen eine \u201eeinseitige F\u00f6rderung der Elektromobilit\u00e4t\u201c ebenso wie gegen die \u201eF\u00f6rderung einer Wasserstoffwirtschaft\u201c.<\/p>\n\n\n\n<p>Bei der Mehrheit der Parteien zeigen sich Unterschiede dagegen am ehesten bei der Frage, wie lange sie noch eine Rolle f\u00fcr Benzin und Diesel sehen. <strong>Die Linke<\/strong> will bis 2030 ein Zulassungs- und Exportverbot f\u00fcr Pkw mit Verbrenner, die <strong>Gr\u00fcnen<\/strong> ab 2030 nur noch Neuzulassungen f\u00fcr emissionsfreie Autos.<\/p>\n\n\n\n<h3 class=\"wp-block-heading\"><span class=\"ez-toc-section\" id=\"Negative_Emissionen\"><\/span>Negative Emissionen<span class=\"ez-toc-section-end\"><\/span><\/h3>\n\n\n\n<p>W\u00e4lder, B\u00f6den und geologische Speicher unter der Erdoberfl\u00e4che k\u00f6nnen Kohlenstoff wieder aufnehmen, der zuvor als CO<sub>2<\/sub> in die Atmosph\u00e4re gelangt ist. Solche negativen Emissionen sollen den Aussto\u00df von Treibhausgasen ausgleichen, die sich auch langfristig wohl nur schwer vermeiden lassen \u2013 vor allem aus der Landwirtschaft und aus einigen Industrieprozessen. Damit wird die CO<sub>2<\/sub>-Speicherung zum wichtigen Baustein f\u00fcr Klimaneutralit\u00e4t. Nach 2050 strebt die <a href=\"https:\/\/eur-lex.europa.eu\/legal-content\/DE\/TXT\/HTML\/?uri=CELEX:32021R1119&amp;qid=1627636934301&amp;from=EN#d1e604-1-1\" target=\"_blank\" rel=\"noreferrer noopener\">Europ\u00e4ische Union<\/a>&nbsp;sogar insgesamt negative Emissionen an und will damit noch \u00fcber das Ziel der EU-weiten Klimaneutralit\u00e4t hinausgehen.&nbsp;<\/p>\n\n\n\n<p>Fast alle Parteien erkl\u00e4ren in ihren Programmen, nat\u00fcrliche Kohlenstoffspeicher wie W\u00e4lder, B\u00f6den und Moore sch\u00fctzen zu wollen und betonen die Bedeutung des Holzbaus in diesem Zusammenhang. Zu geologischen CO<sub>2<\/sub>-Speichern als Teil der Abscheidung und Speicherung von Kohlendioxid (CCS) \u00e4u\u00dfern sich <strong>Gr\u00fcne<\/strong> und <strong>SPD<\/strong> in ihren Wahlprogrammen nicht. Die <strong>Linke<\/strong> schreibt, dass sie CCS verbieten wolle.<\/p>\n\n\n\n<p><strong>CDU\/CSU<\/strong> wollen dagegen M\u00f6glichkeiten zur Abscheidung und Speicherung von CO<sub>2<\/sub> mit europ\u00e4ischen Partnern f\u00f6rdern. Daf\u00fcr sei auch der Aufbau einer CCS-Infrastruktur n\u00f6tig. Solch eine Infrastruktur wird zum Beispiel f\u00fcr den Transport des Kohlendioxids ben\u00f6tigt.<\/p>\n\n\n\n<p>Die <strong>FDP<\/strong> will ein eigenes Gesetz f\u00fcr CCS und CDR, womit die Entfernung von Kohlendioxid aus der Atmosph\u00e4re gemeint ist (Carbon Dioxide Removal). Daf\u00fcr sollen nach dem Vorschlag der Liberalen k\u00fcnftig zus\u00e4tzliche CO<sub>2<\/sub>-Zertifikate ausgestellt werden, also eine Art Gutschrift im europ\u00e4ischen CO<sub>2<\/sub>-Handel. In diesem Zusammenhang will die FDP das europ\u00e4ische Minderungsziel f\u00fcr Treibhausgase von 55 Prozent um ein zus\u00e4tzliches Ziel von 5 Prozent f\u00fcr negative Emissionen erg\u00e4nzen. Durch fr\u00fchzeitige Erkundung und Erschlie\u00dfung potenzieller CO<sub>2<\/sub>-Speicherst\u00e4tten sollen dem Wahlprogramm zufolge Voraussetzungen geschaffen werden, Klimaneutralit\u00e4t in der EU auch vor 2050 zu erm\u00f6glichen.<\/p>\n\n\n\n<hr class=\"wp-block-separator\"\/>\n\n\n\n<h2 class=\"wp-block-heading\"><span class=\"ez-toc-section\" id=\"240821_FAZ_Orignal_hier_Von_Lilly_Bittner\"><\/span>(24.08.21, FAZ) , Orignal : <a href=\"https:\/\/www.faz.net\/aktuell\/wissen\/erde-klima\/f-a-z-klimablog-10-tipps-fuer-klimaschutz-im-alltag-17480648.html\" target=\"_blank\" rel=\"noreferrer noopener\">hier<\/a>  Von &nbsp; <em>Lilly Bittner<\/em><span class=\"ez-toc-section-end\"><\/span><\/h2>\n\n\n\n<h3 class=\"wp-block-heading\"><span class=\"ez-toc-section\" id=\"Klimapolitik_der_Parteien\"><\/span><strong>Klimapolitik der Parteien: <\/strong><span class=\"ez-toc-section-end\"><\/span><\/h3>\n\n\n\n<p>Mit Ausnahme der AfD fordern alle im Bundestag vertretenen Parteien Klimaneutralit\u00e4t. Bis wann sie diese anpeilen, variiert allerdings. Und wie wollen sie das erreichen? Es folgt eine Zusammenfassung der Klimapolitik, die die Parteien in ihren Wahlprogrammen f\u00fcr die folgende Bundestagswahl vorsehen.<\/p>\n\n\n\n<h3 class=\"wp-block-heading\"><span class=\"ez-toc-section\" id=\"Die_Gruenen\"><\/span><strong><a href=\"https:\/\/sherlock.scribblelive.com\/r?u=https:\/\/cms.gruene.de\/uploads\/documents\/Wahlprogramm-DIE-GRUENEN-Bundestagswahl-2021_barrierefrei.pdf&amp;p=26529fe0-099c-11ec-95d9-25686adc53ac&amp;c=10476&amp;e=2968408\" target=\"_blank\" rel=\"noreferrer noopener\">Die Gr\u00fcnen<\/a> <\/strong><span class=\"ez-toc-section-end\"><\/span><\/h3>\n\n\n\n<p>planen, dass Deutschland mit einem \u201eKlimaschutz-Sofortprogramm\u201c in 20 Jahren klimaneutral ist. Um das zu erreichen, soll Energie von 2035 an ausschlie\u00dflich durch Wind, Sonne und Wasserstoff gewonnen werden. Der Kohleausstieg soll bis 2030 vollzogen und der Atomausstieg im Grundgesetz verankert werden. Ein weiteres Ziel der Partei ist es, den absoluten Energieverbrauch zu senken \u2013 beispielsweise durch besser isolierte Geb\u00e4ude. Der CO2-Preis soll 2023 auf 60 Euro erh\u00f6ht werden, den Emissionshandel wollen die Gr\u00fcnen &#8220;deutlich reduzieren&#8221;. Um die Mobilit\u00e4tswende voranzutreiben, stehen im Wahlprogramm der Gr\u00fcnen einige Hebel. Die Partei m\u00f6chte bis 2035 100 Milliarden Euro in den Bahnausbau investieren. Das soll Kurzstreckenfl\u00fcge von 2030 an \u00fcberfl\u00fcssig machen. Zudem soll \u00f6ffentlicher Nahverkehr ausgebaut und kosteng\u00fcnstiger werden. Auch die Infrastruktur f\u00fcr Radfahrer und Fu\u00dfg\u00e4nger soll verbessert werden. Die Gr\u00fcnen verfolgen das Ziel, von 2030 an nur noch emissionsfreie Autos zuzulassen. Zudem fordern sie ein Tempolimit: 30 km\/h in Ortschaften und Tempo 130 auf Autobahnen. Im landwirtschaftlichen Sektor wollen die Gr\u00fcnen, dass bis 2030 in Deutschland 30 Prozent der landwirtschaftlichen Fl\u00e4chen \u00f6kologisch bewirtet wird. Au\u00dferdem sollen versiegelte Fl\u00e4chen und vertrocknete Moore renaturiert werden. Weitere Vorhaben sind das Verbot von Glyphosat, sowie eine Kreislaufwirtschaft durch ein EU-weites Pfandsystem, die F\u00f6rderung von Mehrwegsystemen und Ausgleichszahlungen f\u00fcr schw\u00e4chere Haushalte.&nbsp;&nbsp;<\/p>\n\n\n\n<h3 class=\"wp-block-heading\"><span class=\"ez-toc-section\" id=\"Die_Fraktion_CDUCSU\"><\/span><strong><a href=\"https:\/\/sherlock.scribblelive.com\/r?u=https:\/\/online.fliphtml5.com\/kxyi\/eyjg\/#p=2&amp;p=26529fe0-099c-11ec-95d9-25686adc53ac&amp;c=10476&amp;e=2968408\" target=\"_blank\" rel=\"noreferrer noopener\">Die Fraktion CDU\/CSU<\/a> <\/strong><span class=\"ez-toc-section-end\"><\/span><\/h3>\n\n\n\n<p>plant Klimaneutralit\u00e4t bis 2045 \u2013 genau wie im Klimapaket verabschiedet. Das soll m\u00f6glich werden durch einen europaweiten Emissionshandel sowie eine CO2-Bepreisung. Die Christdemokraten setzen auf einen erneuerbaren Energiemix aus Sonne, Wasserstoff und Wind&nbsp; und bekennen sich zum<\/p>\n\n\n\n<p>vereinbarten Kohlekompromiss. Demnach sollen alle Kohlekraftwerke bis 2038 stillgfelegt werden. Sie wollen die Energieeffizienz f\u00f6rdern, indem beispielsweise Geb\u00e4ude saniert werden. In Sachen Mobilit\u00e4t soll Deutschland Automobilstandort Nummer Eins bleiben. Es soll kein Nein zum Verbrennermotor und kein Ja zum Tempolimit geben. Beim Fliegen setzt die Fraktion auf synthetische Kraftstoffe. Zudem soll der Schienenverkehr ausgebaut werden. Au\u00dferdem plant die CDU\/CSU 1,5 Milliarden Euro ein f\u00fcr die Wiederbewaldung. Weitere Vorhaben der Fraktion sind es, eine \u00f6kologische Landwirtschaft zu f\u00f6rdern sowie regionale Wasserkreisl\u00e4ufe und die Kreislaufwirtschaft zu f\u00f6rdern.&nbsp;&nbsp;<\/p>\n\n\n\n<h3 class=\"wp-block-heading\"><span class=\"ez-toc-section\" id=\"Die_SPD\"><\/span><strong><a href=\"https:\/\/sherlock.scribblelive.com\/r?u=https:\/\/www.spd.de\/fileadmin\/Dokumente\/Beschluesse\/Programm\/SPD-Zukunftsprogramm.pdf&amp;p=26529fe0-099c-11ec-95d9-25686adc53ac&amp;c=10476&amp;e=2968408\" target=\"_blank\" rel=\"noreferrer noopener\">Die SPD<\/a> <\/strong><span class=\"ez-toc-section-end\"><\/span><\/h3>\n\n\n\n<p>fordert wie die CDU\/CSU Klimaneutralit\u00e4t bis 2045. Daf\u00fcr sehen sie im Wahlprogramm vor, von 2040 an nur noch erneuerbare Energien zu nutzen. Daf\u00fcr m\u00f6chten die Sozialdemokraten verbindliche Ausbauziele festlegen, den Kohle- und Atomausstieg gesetzlich verankern, die Energieeffizienz steigern und Wasserstoff f\u00f6rdern. Sie fordern Solaranlagen auf allen geeigneten D\u00e4chern von \u00f6ffentlichen Geb\u00e4uden, den Abbau klima- und umweltsch\u00e4dlicher Subventionen und eine CO2-Bepreisung. Die Mobilit\u00e4tswende soll durch schadstofffreien Autoverkehr gelingen, Verbrennerfahrzeuge m\u00fcssen bis 2030 \u201ein relevantem Ma\u00dfe\u201c reduziert sein. Sie fordern ein Tempolimit auf deutschen Autobahnen von 130 km\/h. Au\u00dferdem setzt die Partei auf einen Schienenausbau \u2013 unter anderem durch einen Deutschland- und Europatakt. Mindestens 75 Prozent der Z\u00fcge sollen bis 2030 elektrisch fahren. Um M\u00fcll zu reduzieren, setzt auch die SPD auf eine Kreislaufwirtschaft.&nbsp;&nbsp;<\/p>\n\n\n\n<h3 class=\"wp-block-heading\"><span class=\"ez-toc-section\" id=\"Die_FDP\"><\/span><strong><a href=\"https:\/\/sherlock.scribblelive.com\/r?u=https:\/\/www.fdp.de\/sites\/default\/files\/2021-08\/FDP_BTW2021_Wahlprogramm_1.pdf&amp;p=26529fe0-099c-11ec-95d9-25686adc53ac&amp;c=10476&amp;e=2968408\" target=\"_blank\" rel=\"noreferrer noopener\">Die FDP<\/a> <\/strong><span class=\"ez-toc-section-end\"><\/span><\/h3>\n\n\n\n<p>plant Klimaneutralit\u00e4t f\u00fcr Deutschland etwas sp\u00e4ter \u2013 von 2050 an. Um das zu erreichen, setzen die Liberalen prim\u00e4r auf CO2-Emmissionshandel und einen einheitlichen CO2-Preis. Wenn die verf\u00fcgbaren Zertifikate auf dem Markt weniger werden, steigt der Preis f\u00fcr diese an. Das soll Anreize f\u00fcr Unternehmen schaffen, in CO2-neutrale Technologien zu investieren. Au\u00dferdem m\u00f6chte die Partei Projekte f\u00f6rdern, die Kohlenstoffdioxid aus der Atmosph\u00e4re binden und entfernen. Zur Energiewende steht nicht viel im Wahlprogramm. Die FDP m\u00f6chte lediglich die Stromsteuer senken und die EEG-Umlage abschaffen. Im Mobilit\u00e4tssektor plant die Partei staatliche Investitionen in das Schienennetz, in den Bahnbetrieb soll staatlich aber nicht eingegriffen werden. Sie bevorzugen keine Antriebstechnologie, weshalb bestehende Ma\u00dfnahmen zur CO2-Reduktion im Verkehr beendet werden sollen. Dazu z\u00e4hlen beispielsweise Subventionen, Dieselverbote, Tempolimits und Kaufpr\u00e4mien f\u00fcr E-Autos. Au\u00dferdem wollen die Liberalen die Luftverkehrssteuer abschaffen. Die FDP f\u00f6rdert hinzukommend die Aufforstung deutscher W\u00e4lder und gr\u00fcne Gentechnik.&nbsp;&nbsp;<a href=\"https:\/\/sherlock.scribblelive.com\/r?u=https:\/\/www.die-linke.de\/fileadmin\/download\/wahlen2021\/Wahlprogramm\/DIE_LINKE_Wahlprogramm_zur_Bundestagswahl_2021.pdf&amp;p=26529fe0-099c-11ec-95d9-25686adc53ac&amp;c=10476&amp;e=2968408\"><strong>Die Linken<\/strong><\/a> haben das Ziel, dass die deutsche Industrie und Infrastruktur bis 2035 klimaneutral ist. Der Kohleausstieg soll bis 2030 vollzogen sein, au\u00dferdem positioniert sich die Partei gegen Energiegewinnung durch fossiles Erdgas und Atom. Auf D\u00e4chern von Neubauten sollen verpflichtend Solarplatten installiert werden. F\u00fcr eine erfolgreiche Energiewende fordern die Linken zudem, dass der absolute Energieverbrauch begrenzt wird. Die Partei m\u00f6chte gro\u00dfe Stromkonzerne entmachten. Als CO2-Bepreisung sehen die Linken die L\u00f6sung in einem europ\u00e4ischen Grenzausgleichmechanismus, der den Import CO2-intensiver Produkte bepreisen soll. F\u00fcr die Mobilit\u00e4tswende setzen die Linken auf ein 365-Euro-Jahresticket f\u00fcr den Nahverkehr. Auch das Bahnfahren soll g\u00fcnstiger werden, w\u00e4hrend die Schiene ausgebaut wird. Die Partei m\u00f6chte zudem die Radinfrastruktur ausbauen, beispielsweise durch Radschnellwege. Die Linken wollen Fl\u00fcge zu Zielen verbieten, die mit dem Zug innerhalb von f\u00fcnf Stunden erreichbar w\u00e4ren und nicht weiter entfernt sind als 500 Kilometer. Im Wahlprogramm wird zudem ein Ausstieg aus dem fossilen Verbrennungsmotor bis 2030 angepeilt. Das Tempolimit soll eingef\u00fchrt werden: 120 km\/h auf Autobahnen, 80 km\/h auf Landstra\u00dfen und Tempo 30 innerorts. Die Partei m\u00f6chte au\u00dferdem, bis 2030 ein Viertel der landwirtschaftlich genutzten Felder \u00f6kologisch zu bewirten. Weitere Forderungen sind die Renaturierung von B\u00f6den und Mooren, mehr Naturschutzgebiete und eine Kreislaufwirtschaft.&nbsp;&nbsp;&nbsp;<\/p>\n\n\n\n<h3 class=\"wp-block-heading\"><span class=\"ez-toc-section\" id=\"Die_AfD\"><\/span><strong><a href=\"https:\/\/sherlock.scribblelive.com\/r?u=https:\/\/www.afd.de\/wp-content\/uploads\/sites\/111\/2021\/06\/20210611_AfD_Programm_2021.pdf&amp;p=26529fe0-099c-11ec-95d9-25686adc53ac&amp;c=10476&amp;e=2968408\" target=\"_blank\" rel=\"noreferrer noopener\">Die AfD<\/a> <\/strong><span class=\"ez-toc-section-end\"><\/span><\/h3>\n\n\n\n<p>peilt keine Klimaneutralit\u00e4t an und m\u00f6chte aus dem Pariser Klimaabkommen aussteigen. CO2 soll nicht besteuert, erneuerbare Energien nicht pr\u00e4feriert und Wasserstoff nicht gef\u00f6rdert werden. Die Partei bef\u00fcrwortet Braun- und Steinkohle sowie Atom- und Gasenergie. In Sachen Mobilit\u00e4t soll der motorisierte Individualverkehr weiterhin gef\u00f6rdert werden \u2013 Fahrverbote und Tempolimits sieht die AfD nicht vor. Das Schienennetz soll ausgebaut werden. Au\u00dferdem m\u00f6chte die Partei die D\u00fcngeverordnung lockern. Die AfD plant den Schutz deutscher W\u00e4lder und mehr Wiederverwertung bei Kunststoff.<\/p>\n\n\n\n<h2 class=\"wp-block-heading\"><span class=\"ez-toc-section\" id=\"Uebersicht\"><\/span>\u00dcbersicht<span class=\"ez-toc-section-end\"><\/span><\/h2>\n\n\n\n<figure class=\"wp-block-image size-large\"><a href=\"https:\/\/boklima.de\/wp-content\/uploads\/2021\/08\/image-6.png\"><img loading=\"lazy\" decoding=\"async\" width=\"590\" height=\"902\" src=\"https:\/\/boklima.de\/wp-content\/uploads\/2021\/08\/image-6.png\" alt=\"\" class=\"wp-image-9521\" srcset=\"https:\/\/boklima.de\/wp-content\/uploads\/2021\/08\/image-6.png 590w, https:\/\/boklima.de\/wp-content\/uploads\/2021\/08\/image-6-196x300.png 196w\" sizes=\"auto, (max-width: 590px) 85vw, 590px\" \/><\/a><\/figure>\n\n\n\n<hr class=\"wp-block-separator\"\/>\n\n\n\n<hr class=\"wp-block-separator\"\/>\n\n\n\n<h2 class=\"wp-block-heading\"><span class=\"ez-toc-section\" id=\"200821_FR_Original_hier\"><\/span>(20.08.21, FR ) , Original : <a href=\"https:\/\/www.fr.de\/wirtschaft\/klimapolitik-vor-der-wahl-das-planen-scholz-baerbock-und-laschet-90941452.html\" target=\"_blank\" rel=\"noreferrer noopener\">hier<\/a><span class=\"ez-toc-section-end\"><\/span><\/h2>\n\n\n\n<p>Klimapolitik vor der Wahl: Das planen Scholz, Baerbock und Laschet<\/p>\n\n\n\n<h3 class=\"wp-block-heading\"><span class=\"ez-toc-section\" id=\"Klimapolitik_vor_der_Bundestagswahl_Das_planen_Scholz_Baerbock_und_Laschet\"><\/span>Klimapolitik vor der Bundestagswahl: Das planen Scholz, Baerbock und Laschet<span class=\"ez-toc-section-end\"><\/span><\/h3>\n\n\n\n<p>In zwei Debatten pr\u00e4sentieren die Parteien ihre Ideen f\u00fcr Strom, Heizen, CO2-Preis und Verkehr nach der Bundestagswahl. Ein \u00dcberblick.<\/p>\n\n\n\n<p>Berlin &#8211; Das Thema Klimaschutz war bisher unterbelichtet im Wahlkampf zur <a href=\"https:\/\/www.fr.de\/thema\/bundestagswahl-ere754863\/\" target=\"_blank\" rel=\"noreferrer noopener\">Bundestagswahl 2021<\/a>. Trotz der <a href=\"https:\/\/www.fr.de\/politik\/flutkatastrophe-in-deutschland-wissenschaftlerin-erhebt-schwere-vorwuerfe-90871371.html\" target=\"_blank\" rel=\"noreferrer noopener\">Flutkatastrophe<\/a> in Rheinland-Pfalz und Nordrhein-Westfalen, die rund 200 Menschen get\u00f6tet und nach Sch\u00e4tzungen 15 Milliarden Euro an Sch\u00e4den verursacht hat. Und trotz der dringenden Mahnung des Weltklimarats IPCC, die Treibhausgas-Emissionen weltweit, also auch hierzulande, schnell und radikal herunterzufahren. In zwei \u201eElefantenrunden\u201c mit den Kanzler- und Spitzenkandidat:innen f\u00fcr die September-Wahl wurde das Manko nun etwas behoben. Fazit vorab: Die meisten Schnittmengen f\u00fcr eine am Paris-Ziel orientierte Klimapolitik g\u00e4be es bei Rot-Gr\u00fcn-Rot, w\u00e4hrend die Union eher f\u00fcr das z\u00f6gerliche Irgendwie-Weiter-So der Merkel-Jahre steht und die FDP vor allem die CO2-M\u00e4rkte regieren lassen will.<\/p>\n\n\n\n<p><a href=\"https:\/\/www.fr.de\/politik\/spd-bundestagswahl-vorsitz-parteifuehrung-mitglieder-geschichte-ziele-umfragewerte-90357173.html\" target=\"_blank\" rel=\"noreferrer noopener\">SPD<\/a>-Kanzlerkandidat <a href=\"https:\/\/www.fr.de\/politik\/olaf-scholz-spd-bundeskanzler-kandidat-bundestagswahl-politik-90817204.html\" target=\"_blank\" rel=\"noreferrer noopener\">Olaf Scholz<\/a> punktete in beiden Online-Runden am meisten, weil er versch\u00e4rfte Positionen verk\u00fcndete. Zuerst beim Termin der NGOs Klima-Allianz und Deutscher Naturschutzring (DNR), die gefragt hatten: \u201eWie stoppen die Parteien die Klimakrise?\u201c, dann beim DGB, der die Positionen der Spitzenpolitiker:innen zur \u00fcberf\u00e4lligen \u201eSozial-\u00d6kologischen Transformation\u201c erfahren wollte. Scholz war, ebenso wie <a href=\"https:\/\/www.fr.de\/politik\/die-gruene-buendnis90-politik-bundestagswahl-2021-superwahljahr-anforderungen-wirklichkeit-gewachsen-corona-90357466.html\" target=\"_blank\" rel=\"noreferrer noopener\">Gr\u00fcnen<\/a>-Kandidatin <a href=\"https:\/\/www.fr.de\/politik\/annalena-baerbock-gruene-parteivorsitzende-portraet-90325099.html\" target=\"_blank\" rel=\"noreferrer noopener\">Annalena Baerbock<\/a>, bei beiden Terminen dabei, w\u00e4hrend <a href=\"https:\/\/www.fr.de\/politik\/cdu-deutschland-berlin-merkel-adenauer-kohl-merkel-partei-soeder-spahn-laschet-soziale-marktwirtschaft-christentum-90457981.html\" target=\"_blank\" rel=\"noreferrer noopener\">CDU<\/a>-Kandidat <a href=\"https:\/\/www.fr.de\/politik\/armin-laschet-cdu-kanzlerkandidat-vorsitz-13544243.html\" target=\"_blank\" rel=\"noreferrer noopener\">Armin Laschet<\/a> nur den DGB beehrte. Es ging um die drei b\u00fcrgernahe Themen: Wo kommt der Strom k\u00fcnftig her? Wie wird geheizt und wer bezahlt den CO2-Preis? Und wie sind wir k\u00fcnftig mobil?<\/p>\n\n\n\n<h3 class=\"wp-block-heading\" id=\"crosshead_1\"><span class=\"ez-toc-section\" id=\"Strom_und_Kohle_Konzepte_von_CDU_CSU_SPD_und_Gruenen_gehen_auseinander\"><\/span>Strom und Kohle: Konzepte von CDU, CSU, SPD und Gr\u00fcnen gehen auseinander<span class=\"ez-toc-section-end\"><\/span><\/h3>\n\n\n\n<p><strong>Strom und Kohle: <\/strong>Bei diesem Schl\u00fcsselthema machte Scholz deutlich, dass er einen Turbo f\u00fcr den Ausbau der \u00d6ko-Energien einlegen will. Er postulierte: Das \u201eHochsetzen der Ausbauziele f\u00fcr die Erneuerbaren\u201c, orientiert am Pfad zur Klimaneutralit\u00e4t 2045, werde \u201eim ersten Jahr der neuen Regierung das zentrale Vorhaben\u201c sein. \u201eWir m\u00fcssen den Strombedarf des Jahre 2045 definieren und daran den Ausbau der Windenergie auf See, an Land, und der Solarenergie entsprechend ermitteln.\u201c Parallel m\u00fcssten das Stromnetz ausgebaut und das Bau- und Planungsrecht so ge\u00e4ndert werden, dass der Ausbau rechtzeitig fertig werde. Es d\u00fcrfe nicht sechs Jahre dauern, eine Windanlage genehmigt zu bekommen, das m\u00fcsse auch in sechs Monaten gelingen. Hier werde er keine Kompromisse machen. Darauf legte der SPD-Kandidat sich fest. Damit robbte Scholz sich an einen fr\u00fcheren Kohleausstieg heran, als er bisher mit 2038 und einer Option auf 2035 festgelegt ist. Mit entsprechenden \u00d6kostrom-Kapazit\u00e4ten werde es m\u00f6glich, ihn nicht erst \u201ezum letzten Datum\u201c umzusetzen.<\/p>\n\n\n\n<p>Gr\u00fcnen-Kandidatin Baerbock zeigte sich beim Kohle-Ausstieg offensiver, ebenso <a href=\"https:\/\/www.fr.de\/politik\/die-linke-bundestagswahl-fusion-wasg-pds-sed-nachfolgepartei-90477580.html\" target=\"_blank\" rel=\"noreferrer noopener\">Linken<\/a>-Co-Chefin <a href=\"https:\/\/www.fr.de\/politik\/janine-wissler-dietmar-bartsch-die-linke-politiker-spitzenkandidaten-bundestagswahl-2021-90928238.html\" target=\"_blank\" rel=\"noreferrer noopener\">Janine Wissler<\/a>. Beide sprachen sich f\u00fcr 2030 aus, gem\u00e4\u00df Beschlusslage ihrer Parteien \u2013 also f\u00fcr ein deutliches Vorziehen des Schlusstermins, was auch Fachleute f\u00fcr notwendig halten, um die Paris-Limits von 1,5 bis zwei Grad Erw\u00e4rmung und die f\u00fcr 2045 angepeilte Klimaneutralit\u00e4t zu erreichen.<\/p>\n\n\n\n<h3 class=\"wp-block-heading\" id=\"crosshead_2\"><span class=\"ez-toc-section\" id=\"Armin_Laschet_will_am_Fahrplan_fuer_Kohleausstieg_festhalten\"><\/span>Armin Laschet will am Fahrplan f\u00fcr Kohleausstieg festhalten<span class=\"ez-toc-section-end\"><\/span><\/h3>\n\n\n\n<p>Laschet hingegen machte klar, dass er grunds\u00e4tzlich an dem von der Kohlekommission erarbeiteten Fahrplan festhalten will. Er gab sich allerdings \u00fcberzeugt davon, dass h\u00f6here CO2-Preise im EU-Emissionshandel das Abschalten der Kohlemeiler beschleunigen werden. Laschet lobte das Verfahren, mit dem der Kohleausstieg zwischen allen Beteiligten und mit den betroffenen Regionen beschlossen worden war. \u201eDa haben wir genau den Weg angewandt, den alle hier jetzt in theoretischen Beschreibungen sich w\u00fcnschen\u201c, sagte er. <a href=\"https:\/\/www.fr.de\/politik\/fdp-freie-demokratische-partei-bundestagswahl-2021-christian-lindner-wolfgang-kubicki-guido-westerwelle-90357133.html\">FDP<\/a>-Chef <a href=\"https:\/\/www.fr.de\/politik\/christian-lindner-fdp-bundestagswahl-bundesvorsitz-berlin-wahl-2021-90357309.html\">Christian Lindne<\/a>r unterstrich, die Paris-Ziele m\u00fcssten die Leitlinie sein, und der Kohleausstieg werde vom Emissionshandel gesteuert.<\/p>\n\n\n\n<p><strong>Heizen: <\/strong>Der Bereich Geb\u00e4ude ist ein Nachz\u00fcgler bei Klimaschutz. Die Unionsposition dazu beschrieb in der ersten Debatte Fraktionsvize Andreas Jung. Danach sollen die staatlichen F\u00f6rderprogramme f\u00fcr Heizungserneuerung und W\u00e4rmed\u00e4mmung auf vermietete Immobilien ausgedehnt werden, um den CO2-Aussto\u00df zu senken und Mieten damit weniger stark steigen zu lassen. Scholz ist f\u00fcr eine Fortf\u00fchrung der F\u00f6rderprogramme und will durchsetzen, dass Modernisierungsumlage, die Mieter:innen nach Energie-Sanierungen zu zahlen haben, abgesenkt wird. Ziel ist ebenfalls, die Mieten im Rahmen zu halten. Baerbock \u00fcberraschte mit einer ambitionierten Position beim Thema \u00d6lheizungen. Deren Neu-Installation soll bereits ab 2022 verboten werden, nicht wie vorgesehen \u2013 und von den anderen Parteien bef\u00fcrwortet \u2013 ab 2026. Alle Politiker:innen sprachen sich f\u00fcr eine schnellere Sanierung der Altbauten aus, Wissler forderte eine Verdreifachung der Sanierungsquote, aber sozialvertr\u00e4glich.<\/p>\n\n\n\n<h3 class=\"wp-block-heading\" id=\"crosshead_3\"><span class=\"ez-toc-section\" id=\"CO2-Preis_Staat_soll_Einnahmen_an_Buerger_innen_zurueckgeben\"><\/span>CO2-Preis: Staat soll Einnahmen an B\u00fcrger:innen zur\u00fcckgeben<span class=\"ez-toc-section-end\"><\/span><\/h3>\n\n\n\n<p><strong>CO2-Preis<\/strong>: Das hei\u00dfe Eisen der \u201eCO2-Bepreisung\u201c f\u00fcr Heizen und Verkehr, von der Groko Anfang 2021 mit 25 Euro pro Tonne und j\u00e4hrlichen Steigerungen eingef\u00fchrt, packte vor allem Laschet vorsichtig an. Er erl\u00e4uterte, auch die Union wolle \u201edie Pfade schneller machen\u201c, nannte aber keine Zahlen. Scholz betonte, der CO2-Preis m\u00fcsse k\u00fcnftig von den Vermietern getragen werden und d\u00fcrfe nicht auf die Mieter umgelegt werden. Letzteres finden auch Gr\u00fcne und Linke richtig. Die FDP hingegen meint, die Mieter m\u00fcssten die CO2-Kosten voll \u00fcbernehmen. Alle Parteienvertreter betonten, der Staat m\u00fcsse die CO2-Einnahmen an die B\u00fcrger:innen zur\u00fcckgeben. Die Union will damit den Strom verbilligen, alle anderen sehen zumindest auch eine Pro-Kopf-Erstattung vor.<\/p>\n\n\n\n<p><strong>Verkehr<\/strong>: Alle Politiker:innen betonten die Notwendigkeit, Bahnen und Busse kr\u00e4ftig auszubauen. Die Umstellung auf E-Mobilit\u00e4t mit Kaufpr\u00e4mien und einem Push f\u00fcr den Bau von Lades\u00e4ulen war ebenfalls Konsens. Lindner betonte als einziger offensiv, auch synthetische Kraftstoffe f\u00fcr Verbrenner seien eine gangbare Alternative. Allerdings sprach sich auch CDU-Politiker Jung f\u00fcr \u201eTechnologieoffenheit\u201c aus. Baerbock pl\u00e4dierte f\u00fcr eine zus\u00e4tzliche E-Auto-Pr\u00e4mie f\u00fcr Geringverdiener von 3000 Euro, die auch f\u00fcr Gebrauchtwagen gelten soll, finanziert aus K\u00fcrzungen beim Dienstwagen-Privileg. Wissler betonte, gerade auf dem Land sei es wichtig, Alternativen zum Auto anzubieten, und die Ticketpreise m\u00fcssten gesenkt werden.<\/p>\n\n\n\n<p><strong>Fazit: <\/strong>Der Klima-Umbau wird viel Geld kosten, das wurde in den beiden Debatten klar. Alle Parteien wollen die Industrie bei der Umstellung auf gr\u00fcne Technologien unterst\u00fctzen. Baerbock erl\u00e4uterte den von den Gr\u00fcnen geplanten \u201eIndustriepakt\u201c, mit dem die Kosten der Wirtschaft f\u00fcr die technologische Umstellung auf klimaneutrale Produktion staatlich abgesichert werden sollen. Doch auch Laschet, Scholz und Lindner lie\u00dfen keinen Zweifel daran, dass die Wirtschaft beim Umbau auf den Staat z\u00e4hlen kann. Und, kein Wunder, in der DGB-Veranstaltung betonten nat\u00fcrlich auch alle, dass die Arbeitnehmer:innen unterst\u00fctzt werden m\u00fcssen, deren Jobs auf der Kippe stehen, etwa mit Weiterbildungsangeboten und -Garantien. Und sie betonten die Chancen des Umbaus. \u201eKlimaschutz ist ein Teil des Wachstumsplans\u201c, sagte zum Beispiel FDP-Chef Lindner. (Joachim Wille)<\/p>\n\n\n\n<hr class=\"wp-block-separator\"\/>\n\n\n\n<hr class=\"wp-block-separator\"\/>\n\n\n\n<h2 class=\"wp-block-heading\"><span class=\"ez-toc-section\" id=\"060821_ekologiska_mag_%E2%80%93_nachhaltig_leben_Orginal_hier\"><\/span>(06.08.21, ekologiska mag &#8211; nachhaltig leben ) Orginal : <a href=\"https:\/\/ekologiskamag.com\/2021\/08\/06\/wer-sagt-was-zur-klimapolitik-die-parteien-im-ueberblick\/\" target=\"_blank\" rel=\"noreferrer noopener\">hier<\/a><span class=\"ez-toc-section-end\"><\/span><\/h2>\n\n\n\n<h3 class=\"wp-block-heading\"><span class=\"ez-toc-section\" id=\"Wer_sagt_was_zur_Klimapolitik_Die_Parteien_im_Ueberblick\"><\/span>Wer sagt was zur Klimapolitik? Die Parteien im \u00dcberblick<span class=\"ez-toc-section-end\"><\/span><\/h3>\n\n\n\n<p>Noch knapp zwei Monate, dann ist Bundestagswahl und Deutschland w\u00e4hlt ein neues Parlament. Dass es diesmal wie nie zuvor um die Weichenstellung zur L\u00f6sung der Klimakrise geht, <a href=\"https:\/\/www.klimawahl2021.net\" target=\"_blank\" rel=\"noreferrer noopener\">das machen Initiativen wie Klimawahl 2021 klar<\/a>. Sie beschreiben die Klimakrise als \u201cgr\u00f6\u00dfte und existenziellste Krise der Menschheit\u201d. Und weil uns langsam aber sicher die Zeit davonlaufe, um zu handeln, sei diese Wahl so wichtig wie nie. Auch die Parteien haben das verstanden, weshalb sich inzwischen nicht nur mit den Gr\u00fcnen die \u201cklassische\u201d Umwelt-Partei den Klimaschutz auf die Fahne geschrieben hat, sondern auch (fast) alle anderen. Aber was wollen die einzelnen Parteien f\u00fcr das Klima tun? Wie stehen sie zu Themen wie der CO2-Besteuerung? Und womit bewegen wir uns in den kommenden Jahren fort? Wir haben uns durch die Wahlprogramme gew\u00fchlt.<\/p>\n\n\n\n<h3 class=\"wp-block-heading\"><span class=\"ez-toc-section\" id=\"Klimakrise_oder_Klimawandel\"><\/span>Klimakrise oder Klimawandel?<span class=\"ez-toc-section-end\"><\/span><\/h3>\n\n\n\n<p>Der erste, eher oberfl\u00e4chliche Punkt, an welchem sich die Parteien teils sehr stark unterscheiden, das ist die Begrifflichkeit, mit welcher \u00fcber die Klimakrise gesprochen wird. Der Begriff \u201cKlimakrise\u201d ist eher aktivistisch gepr\u00e4gt und hat den Klimawandel vor allem in der gr\u00fcnen Bubble abgel\u00f6st, um die Dramatik des Wandels zu unterstreichen. Andere Parteien sehen den Klimawandel sogar als etwas Positives, weshalb sie den Begriff ablehnen.<\/p>\n\n\n\n<h4 class=\"wp-block-heading\"><span class=\"ez-toc-section\" id=\"CDUCSU\"><\/span>CDU\/CSU<span class=\"ez-toc-section-end\"><\/span><\/h4>\n\n\n\n<p>Die CDU erkennt zwar an, dass die n\u00e4chste gro\u00dfe Krise vom Klima ausgehen k\u00f6nnte, sieht aktuell aber noch nicht die Notwendigkeit, von einer Klimakrise zu sprechen. Stattdessen verwenden sie den Begriff Klimawandel.<\/p>\n\n\n\n<h4 class=\"wp-block-heading\"><span class=\"ez-toc-section\" id=\"SPD\"><\/span>SPD<span class=\"ez-toc-section-end\"><\/span><\/h4>\n\n\n\n<p>Die SPD spricht konsequent von dem Klimawandel. Die angek\u00fcndigte Politik ist haupts\u00e4chlich daran angelegt, die Ziele des Pariser Klimaabkommens zu erf\u00fcllen, das soll unbedingt umgesetzt werden. Besonders im Vordergrund steht dabei auch die Zusammenarbeit zwischen den L\u00e4ndern der EU. Europa soll, laut Parteiprogramm: <a href=\"https:\/\/www.spd.de\/zukunftsprogramm\/uebersicht\/iv-souveraenes-europa-in-der-welt\/share\/76679\/#m76679\" target=\"_blank\" rel=\"noreferrer noopener\">\u201eDer erste nachhaltige und treibhausgasneutrale Kontinent\u201c<\/a> werden. Bemerkenswert ist, dass die Partei f\u00fcr <a href=\"https:\/\/www.spd.de\/zukunftsprogramm\/uebersicht\/iv-souveraenes-europa-in-der-welt\/share\/76679\/#m76679\" target=\"_blank\" rel=\"noreferrer noopener\">\u201esozial \u00f6kologisches <em>Wirtschaften<\/em>\u201c <\/a>wirbt.<\/p>\n\n\n\n<h4 class=\"wp-block-heading\"><span class=\"ez-toc-section\" id=\"Buendnis_90Die_Gruenen\"><\/span>B\u00fcndnis 90\/Die Gr\u00fcnen<span class=\"ez-toc-section-end\"><\/span><\/h4>\n\n\n\n<p>F\u00fcr die Gr\u00fcnen ist die Klimakrise die \u201cwahre Menschheitskrise\u201d, wie sie schreiben. Durch sie w\u00fcrden Freiheit, Sicherheit und Wohlstand gef\u00e4hrdet. Die Gr\u00fcnen streben daher eine Klimapolitik an, die diese drei Punkte sichert. Sie sind \u00fcberzeugt, dass wir die Klimakrise noch in den Griff bekommen k\u00f6nnen, wenn wir ab der n\u00e4chsten Legislaturperiode konsequent handeln.<\/p>\n\n\n\n<h4 class=\"wp-block-heading\"><span class=\"ez-toc-section\" id=\"Die_Linke\"><\/span>Die Linke<span class=\"ez-toc-section-end\"><\/span><\/h4>\n\n\n\n<p>Die Linke spricht zwar nur vom Klimawandel, benennt aber ganz deutlich die daraus resultierende Krise. So bezeichnet sie die \u201ehaupts\u00e4chlich von den Industriel\u00e4ndern verursachte Erderw\u00e4rmung\u201c als \u201eAggression gegen den globalen S\u00fcden\u201c und listet auch die aus ihr resultierenden Naturkatastrophen auf. Der Fokus der Linken liegt auf <em>Klimagerechtigkeit<\/em> und betont, dass der Klimawandel zun\u00e4chst die armen Menschen, besonders im Globalen S\u00fcden treffen w\u00fcrde und es deswegen z\u00fcgig Ma\u00dfnahmen geben muss, um den Wandel in \u201ebeherrschbaren Dimensionen\u201c zu halten.<\/p>\n\n\n\n<h4 class=\"wp-block-heading\"><span class=\"ez-toc-section\" id=\"FDP\"><\/span>FDP<span class=\"ez-toc-section-end\"><\/span><\/h4>\n\n\n\n<p>Die FDP schreibt in ihrem Wahlprogramm stets vom Klimawandel. Insgesamt wollen die Freien Demokraten Umwelt- und Klimaschutz mit Innovation verkn\u00fcpfen und so den Weg in eine klimaneutrale Zukunft ebnen.<\/p>\n\n\n\n<h4 class=\"wp-block-heading\"><span class=\"ez-toc-section\" id=\"AfD\"><\/span>AfD<span class=\"ez-toc-section-end\"><\/span><\/h4>\n\n\n\n<p>Die Alternative f\u00fcr Deutschland konnte sich f\u00fcr ihr Wahlprogramm zwar dazu durchringen, den Klimawandel anzuerkennen, sie bezweifeln aber, dass der Klimawandel nur negative Folgen hat. Ihrer Meinung nach sind Warmzeiten auf der Erde immer der Moment gewesen, in dem Entwicklung stattgefunden habe, deshalb solle man dem Wandel positiv begegnen.<\/p>\n\n\n\n<h3 class=\"wp-block-heading\"><span class=\"ez-toc-section\" id=\"Die_Klimapolitik_der_Parteien_im_Vergleich_Wie_wollen_wir_CO2-neutral_werden\"><\/span>Die Klimapolitik der Parteien im Vergleich: (Wie) wollen wir CO2-neutral werden?<span class=\"ez-toc-section-end\"><\/span><\/h3>\n\n\n\n<p>Um die Erderw\u00e4rmung auf 1,5 Grad zu begrenzen, m\u00fcssen wir die Netto-Null erreichen. Gemeint ist, dass die L\u00e4nder dieser Welt unterm Strich kein CO2 mehr emittieren d\u00fcrfen, damit der Klimawandel nicht weiter voranschreitet. Das ist auch im Pariser Klimaschutzabkommen so festgeschrieben. Aber wie wollen die einzelnen Parteien das erreichen?<\/p>\n\n\n\n<h4 class=\"wp-block-heading\"><span class=\"ez-toc-section\" id=\"CDUCSU-2\"><\/span>CDU\/CSU<span class=\"ez-toc-section-end\"><\/span><\/h4>\n\n\n\n<p>Die Union bekennt sich zum Ziel eines klimaneutralen Industrielandes. Dieses wollen sie bis 2045 erreichen. Das Mittel der Wahl sind dabei Innovationen. Nur, wenn Dekarbonisierung wirtschaftlich sei, so die These der Partei, k\u00f6nne die Transformation gewinnen. Die Union will den Emissionshandel so schnell wie m\u00f6glich ausbauen und auf die Bereiche Mobilit\u00e4t und W\u00e4rme ausweiten. Die Wirtschaft soll durch die Ma\u00dfnahmen aber nicht benachteiligt werden. Deshalb sollen Schritte Richtung Nachhaltigkeit vom Staat st\u00e4rker gef\u00f6rdert werden.<\/p>\n\n\n\n<h4 class=\"wp-block-heading\"><span class=\"ez-toc-section\" id=\"SPD-2\"><\/span>SPD<span class=\"ez-toc-section-end\"><\/span><\/h4>\n\n\n\n<p>Die SPD will ganz Europa treibhausgasneutral und nachhaltig machen. Daf\u00fcr wollen sie zun\u00e4chst die Landwirtschaft (gr\u00f6\u00dfter Faktor puncto Treibhausgase) \u00f6kologisch machen. Die Umsetzung soll anhand von F\u00f6rderungen stattfinden: Statt der bisherigen Fl\u00e4chenf\u00f6rderungen sieht das Parteiprogramm vor auf F\u00f6rderungen umzusteigen, die an Kriterien f\u00fcr Klima, Natur- und Umweltschutz und Tierwohl gebunden sind. Zus\u00e4tzlich zu den bestehenden Regelungen sollen konkrete Beschwerde- und Sanktionsmechanismen vereinbart werden und private Streitschlichtungsmechanismen abgeschafft und durch \u00f6ffentliche Gerichte ersetzt werden. F\u00fcr die Durchsetzung plant die SPD ein multinationales Investitionsgericht, das neben Verst\u00f6\u00dfen bez\u00fcglich Umweltrecht auch f\u00fcr soziale Aspekte, wie die Arbeitnehmer:innenrechte zust\u00e4ndig ist. Ein weiterer Aspekt wird auch der MERCOSUR-Staatenbund sein. Er ist ein internationaler Handelsvertrag zwischen Europa und Lateinamerika, dessen Verl\u00e4ngerung bevorsteht. Die SPD will jedoch nur zustimmen, wenn neue Regulierungen bez\u00fcglich des Klimaschutzes integriert werden. Der Fahrplan der SPD ist also handelszentriert, insbesondere mit Hinblick auf den internationalen Handel.<\/p>\n\n\n\n<h4 class=\"wp-block-heading\"><span class=\"ez-toc-section\" id=\"Buendnis_90Die_Gruenen-2\"><\/span>B\u00fcndnis 90\/Die Gr\u00fcnen<span class=\"ez-toc-section-end\"><\/span><\/h4>\n\n\n\n<p>Die Gr\u00fcnen bekennen sich zum Ziel der Klimaneutralit\u00e4t. Sie erkennen an, dass das Ver\u00e4nderung erfordert, betonen gleichzeitig aber die Chancen, die sich daraus ergeben. Durch Klimaneutralit\u00e4t in allen Sektoren (Energie, Bauen, Verkehr, Industrie) wollen sie die Lebensqualit\u00e4t insgesamt steigern. Dazu geh\u00f6rt, dass sie eine Kreislaufwirtschaft etablieren und die Wirtschaft insgesamt klimaneutral gestalten wollen. Helfen sollen sogenannte \u201cTransformationsfonds\u201d, die Unternehmen finanziell dabei unterst\u00fctzen, \u00f6kologischer zu werden. Ihr Ziel: Bis 2030 die Treibhausgasemissionen auf minus 70 Prozent im Vergleich zu 1990 reduzieren. Au\u00dferdem wollen sie das Klimaschutzabkommen von Paris gesetzlich verankern und dem Staat so die M\u00f6glichkeit geben, \u201cdurch eine intelligente Steuergesetzgebung klimaschonendes Verhalten zu belohnen und die fossilen Energietr\u00e4ger den wahren Preis zahlen zu lassen.\u201d<\/p>\n\n\n\n<h4 class=\"wp-block-heading\"><span class=\"ez-toc-section\" id=\"Die_Linke-2\"><\/span>Die Linke<span class=\"ez-toc-section-end\"><\/span><\/h4>\n\n\n\n<p>Die Ziele der Linken \u00e4hneln den \u201eFridays for Future\u201c-Forderungen. Bis 2035 soll Deutschland klimaneutral werden. Dazu sollen unter anderem PKW-Brennstoffmotoren ab 2030 verboten werden. Auch gro\u00dfe Investitionen sind Teil des Wahlprogramms: Statt \u201edie schwarze Null\u201c anzustreben, soll der Staat Schulden aufnehmen, um in Nachhaltigkeit investieren zu k\u00f6nnen. Das angestrebte Volumen: 87 Milliarden Euro j\u00e4hrlich. Das soll durch Verm\u00f6genssteuer, Abbau von Subventionen, Anleihenk\u00e4ufe der EZB und aus dem CO<sub>2<\/sub>-Preis erreicht werden. Das Programm der Linken sieht die L\u00f6sung prim\u00e4r in der Einschr\u00e4nkung des freien Marktes. Zus\u00e4tzlich soll die Agrarpolitik nicht mehr exportorientiert sein und sozial\u00f6kologischer werden. Die Umsetzung w\u00fcrde durch eine Regionalisierung der Landwirtschaft erfolgen, so soll es m\u00f6glich sein, l\u00e4ndliche Wirtschaftsstrukturen besser zu st\u00e4rken und Transportwege zu k\u00fcrzen.<\/p>\n\n\n\n<h4 class=\"wp-block-heading\"><span class=\"ez-toc-section\" id=\"FDP-2\"><\/span>FDP<span class=\"ez-toc-section-end\"><\/span><\/h4>\n\n\n\n<p>Die FDP erkennt das Ziel der Klimaneutralit\u00e4t bis 2050 an, gibt aber zu verstehen, dass sie auch eine Vorverlegung des Ziels mittragen w\u00fcrden. In diesem Fall w\u00e4re der Emissionshandel f\u00fcr sie das Instrument der Wahl, um sicherzustellen, dass das neue Ziel auch erreicht wird \u2013 etwa durch eine Anpassung des Senkungspfades. Die FDP schreibt in ihrem Wahlprogramm dazu: \u201cDen Weg dorthin \u00fcberlassen wir dem Erfindergeist von Ingenieurinnen und Ingenieuren, Technikerinnen und Technikern sowie Wissenschaftlerinnen und Wissenschaftlern. So k\u00f6nnen wir Klimaschutz marktwirtschaftlich und wissenschaftlich sicher erreichen.\u201d<\/p>\n\n\n\n<h4 class=\"wp-block-heading\"><span class=\"ez-toc-section\" id=\"AfD-2\"><\/span>AfD<span class=\"ez-toc-section-end\"><\/span><\/h4>\n\n\n\n<p>Die AfD lehnt das Konzept der Klimaneutralit\u00e4t als geeignetes Mittel gegen den Klimawandel ab. Der damit verbundene radikale Umbau der Industriegesellschaft w\u00fcrde die Freiheit der B\u00fcrger:innen bedrohen. Das Klimaabkommen von Paris wollen sie entsprechend aufk\u00fcndigen und auch den Green Deal der EU lehnen sie ab.<\/p>\n\n\n\n<h3 class=\"wp-block-heading\"><span class=\"ez-toc-section\" id=\"Wie_stehen_sie_zur_CO2-Steuer\"><\/span>Wie stehen sie zur CO2-Steuer?<span class=\"ez-toc-section-end\"><\/span><\/h3>\n\n\n\n<p>Die CO2-Steuer wurde in den letzten Monaten sehr viel diskutiert und die Parteien haben alle sehr unterschiedliche Standpunkte zu diesem Thema. Aber wer sagt eigentlich was?<\/p>\n\n\n\n<h4 class=\"wp-block-heading\"><span class=\"ez-toc-section\" id=\"CDUCSU-3\"><\/span>CDU\/CSU<span class=\"ez-toc-section-end\"><\/span><\/h4>\n\n\n\n<p>Im Klima-Konzept der Union spielt die CO2-Bepreisung eine entscheidende Rolle. Sie wollen so schnell wie m\u00f6glich auf europ\u00e4ischer Ebene die Ausweitung auf die Sektoren Mobilit\u00e4t und W\u00e4rme durchsetzen. Die Einnahmen aus der CO2-Bepreisung sollen an die B\u00fcrger:innen zur\u00fcckgegeben werden.<\/p>\n\n\n\n<h4 class=\"wp-block-heading\"><span class=\"ez-toc-section\" id=\"SPD-3\"><\/span>SPD<span class=\"ez-toc-section-end\"><\/span><\/h4>\n\n\n\n<p>Eine konkrete Positionierung zu einer CO2-Steuer gab es innerhalb der SPD noch nicht. Bei der seit Anfang des Jahres neu eingef\u00fchrten Regelung m\u00f6chte die SPD sich daf\u00fcr einsetzen, dass der Heizkostenzuschlag zu 50 Prozent an die Vermieter abgetreten wird und nicht, wie bisher, komplett auf die Mieter entf\u00e4llt. Der Preis von CO2 soll erst niedrig bleiben und bis 2025 erh\u00f6ht werden: \u201e(G)enug Zeit, damit alle sich darauf einstellen k\u00f6nnen\u201c. Statt mit einer CO2-Steuer zu \u201ebestrafen\u201c m\u00f6chte die Partei lieber mit Erleichterungen und Zusch\u00fcssen diejenigen \u201ebelohnen\u201c, die bereit sind umzusteigen.<\/p>\n\n\n\n<h4 class=\"wp-block-heading\"><span class=\"ez-toc-section\" id=\"Buendnis_90Die_Gruenen-3\"><\/span>B\u00fcndnis 90\/Die Gr\u00fcnen<span class=\"ez-toc-section-end\"><\/span><\/h4>\n\n\n\n<p>Die Gr\u00fcnen sind f\u00fcr einen CO2-Preis, allerdings nicht als einziges Element des Klimaschutzes. Vielmehr setzen sie auf einen Mix aus CO2-Preis, Anreizen und F\u00f6rderung sowie politischen Ma\u00dfnahmen, denn sonst m\u00fcsste der CO2-Preis bei 180 Euro pro Tonne liegen, was aus ihrer Sicht nicht sozialvertr\u00e4glich ist. Sie streben einen Preis von 60 Euro pro Tonne an. Um Menschen mit kleinem Einkommen zus\u00e4tzlich zu entlasten, sollen die Einnahmen aus der CO2-Steuer als Energiegeld an die B\u00fcrger:innen zur\u00fcckverteilt werden.<\/p>\n\n\n\n<h4 class=\"wp-block-heading\"><span class=\"ez-toc-section\" id=\"Die_Linke-3\"><\/span>Die Linke<span class=\"ez-toc-section-end\"><\/span><\/h4>\n\n\n\n<p>Eine Erh\u00f6hung des CO2-Preis lehnen die Linken entschieden ab, da sie ihn als unfaire Zusatzbelastung von einkommensschwachen Haushalten sehen. Solange es keine zug\u00e4ngliche Alternative f\u00fcr Autos mit Brennstoffmotoren gibt, sei es unsozial und klimapolitisch unwirksam den CO2-Preis zu erh\u00f6hen. <a href=\"https:\/\/taz.de\/Linke-und-Klimaschutz\/!5660658\/\" target=\"_blank\" rel=\"noreferrer noopener\">Der Klimaexperte der Linken sagte zur taz: \u201eWenn man nur die Preise erh\u00f6ht, verliert man die Akzeptanz f\u00fcr den Klimaschutz\u201c.<\/a><\/p>\n\n\n\n<h4 class=\"wp-block-heading\"><span class=\"ez-toc-section\" id=\"FDP-3\"><\/span>FDP<span class=\"ez-toc-section-end\"><\/span><\/h4>\n\n\n\n<p>Die FDP bef\u00fcrwortet den europ\u00e4ischen Emissionshandel und fordert dessen Ausweitung auf weitere Sektoren. \u201cDie Politik gibt vor, wieviel CO2 im Jahr ausgesto\u00dfen werden darf. F\u00fcr den Aussto\u00df m\u00fcssen Zertifikate erworben werden, die von Jahr zu Jahr weniger und damit teurer werden. Wer hingegen besonders viel CO2 spart, muss weniger Zertifikate kaufen und spart Geld und wer CO2 speichert, muss daf\u00fcr Geld erhalten\u201d, erkl\u00e4rt die Partei ihren Ansatz im Programm. Der soziale Ausgleich soll durch eine j\u00e4hrliche Klimadividende sowie Verg\u00fcnstigungen im Stromsektor erreicht werden.<\/p>\n\n\n\n<h4 class=\"wp-block-heading\"><span class=\"ez-toc-section\" id=\"AfD-3\"><\/span>AfD<span class=\"ez-toc-section-end\"><\/span><\/h4>\n\n\n\n<p>Die AfD lehnt die CO2-Steuer entsprechend ab.<\/p>\n\n\n\n<h3 class=\"wp-block-heading\"><span class=\"ez-toc-section\" id=\"Die_Energiewende_als_Teil_der_Klimapolitik\"><\/span>Die Energiewende als Teil der Klimapolitik?<span class=\"ez-toc-section-end\"><\/span><\/h3>\n\n\n\n<h4 class=\"wp-block-heading\"><span class=\"ez-toc-section\" id=\"CDUCSU-4\"><\/span>CDU\/CSU<span class=\"ez-toc-section-end\"><\/span><\/h4>\n\n\n\n<p>Die CDU setzt auf einen \u201cintelligenten\u201d Energiemix. Den Umstieg auf nachhaltige Energien sehen sie f\u00fcr ein Industrieland wie Deutschland als Pflicht an. Deshalb sind f\u00fcr sie neben Sonnen- und Wasserenergie auch nachhaltige Biomasse, Wasserkraft und Geothermie im l\u00e4ndlichen Raum ein wichtiger Teil des Mixes. Mit einem \u201cSonnenpaket\u201d wollen sie den Photovoltaik-Ausbau f\u00f6rdern. Die Antragstellung soll unkomplizierter werden. Welche Energiequellen sich durchsetzen, das soll nicht zuletzt von der Akzeptanz der Bev\u00f6lkerung abh\u00e4ngig gemacht werden.<\/p>\n\n\n\n<h4 class=\"wp-block-heading\"><span class=\"ez-toc-section\" id=\"SPD-4\"><\/span>SPD<span class=\"ez-toc-section-end\"><\/span><\/h4>\n\n\n\n<p>Bis 2030 will die SPD daf\u00fcr sorgen, dass 65 Prozent des nationalen Stromverbrauchs von erneuerbaren Energiequellen stammen. Auch sollen alle Neubauten verpflichtend mit Solaranlagen auf den D\u00e4chern ausgestattet werden. Ferner sehen die Sozialdemokraten auch h\u00f6here Investitionen in die energieeffiziente Grundsanierung von bestehenden Geb\u00e4uden vor. Der vollst\u00e4ndige Umstieg auf \u00f6kologische Stromquellen ist sp\u00e4testens 2040 vorgesehen. Dazu geh\u00f6rt nat\u00fcrlich der Braunkohleausstieg. Dieser soll bis sp\u00e4testens 2038 vollst\u00e4ndig abgeschlossen werden. Bisher gab es gro\u00dfe Resistenz innerhalb der Partei, da man die Stellen der Arbeiter:innen nicht gef\u00e4hrden wolle. Damit diese weiterhin berufliche Perspektiven haben ist ein Strukturenausbau bzw. -umbau in den betroffenen Gebieten geplant. Daf\u00fcr sollen 40 Milliarden Euro investiert werden von den insgesamt 54 Milliarden, die f\u00fcr das \u201eKlimaschutz-Paket\u201c der SPD angedacht sind.<\/p>\n\n\n\n<h4 class=\"wp-block-heading\"><span class=\"ez-toc-section\" id=\"Buendnis_90Die_Gruenen-4\"><\/span>B\u00fcndnis 90\/Die Gr\u00fcnen<span class=\"ez-toc-section-end\"><\/span><\/h4>\n\n\n\n<p>Die Gr\u00fcnen bef\u00fcrworten die Energiewende. Deshalb wollen sie bei allen Neubauten Solaranlagen auf den D\u00e4chern verpflichtend einf\u00fchren, au\u00dferdem wollen sie den Ausbau der Windenergie beschleunigen. Projekte wie Nordstream 2 wollen sie stoppen.<\/p>\n\n\n\n<h4 class=\"wp-block-heading\"><span class=\"ez-toc-section\" id=\"Die_Linke-4\"><\/span>Die Linke<span class=\"ez-toc-section-end\"><\/span><\/h4>\n\n\n\n<p>Die Energiewende nimmt einen zentralen Teil im Klimaprogramm der Linken ein. Schon 2030 m\u00f6chte die Partei den Braunkohleausstieg schaffen. Um das zu schaffen, fordern sie ein Verbot des Baus neuer Kohlekraftwerke und 40 Milliarden Euro Subventionen f\u00fcr die Braunkohlegebiete. Bis 2035 soll der gesamte Verbrauch mit \u00d6kostrom gedeckt werden. Gr\u00fcner Wasserstoff soll Flugzeuge und Schiffe antreiben, aus ihm soll W\u00e4rme generiert werden und auch der chemischen Industrie soll er als Hauptversorger dienen. Auch das Netz von \u00d6kostrom soll ausgebaut werden, damit ihn auch jeder beziehen kann. Der \u00d6kostromausbau ist derzeit auf 2,9 GW j\u00e4hrlich gesetzlich gedeckelt, das stoppe die Energiewende, deshalb soll der EEG-Deckel (Erneuerbare-Energien Deckel) abgeschafft oder h\u00f6her angesetzt werden. Nur so sei es m\u00f6glich gen\u00fcgend neue Photovoltaikanlagen und Windkraftwerke zu bauen.<\/p>\n\n\n\n<h4 class=\"wp-block-heading\"><span class=\"ez-toc-section\" id=\"FDP-4\"><\/span>FDP<span class=\"ez-toc-section-end\"><\/span><\/h4>\n\n\n\n<p>Die FDP stellt sich gegen den staatlich geplanten Ausbau der erneuerbaren Energien. Vielmehr will die Partei den Ausbau der Wirtschaft \u00fcberlassen. Der steigende CO2-Preis w\u00fcrde die fossilen Energietr\u00e4ger k\u00fcnftig ohnehin unattraktiv machen, so die Partei. Sie wollen einen Stresstest f\u00fcr das Energiesystem einf\u00fchren, um regelm\u00e4\u00dfig zu pr\u00fcfen, ob und inwiefern die Energieversorgung sicher ist.<\/p>\n\n\n\n<h4 class=\"wp-block-heading\"><span class=\"ez-toc-section\" id=\"AfD-4\"><\/span>AfD<span class=\"ez-toc-section-end\"><\/span><\/h4>\n\n\n\n<p>F\u00fcr die AfD steht fest, dass wir einen breit aufgestellten Energiemix ben\u00f6tigen, um die Versorgungssicherheit gew\u00e4hrleisten zu k\u00f6nnen. Die Energiewende, die von staatlicher Seite initiiert wird, lehnen sie deshalb ab. Vielmehr solle der Markt das regeln.<\/p>\n\n\n\n<h3 class=\"wp-block-heading\"><span class=\"ez-toc-section\" id=\"Fliegen_fahren_Oeffis_nutzen_Wie_kommt_die_Verkehrswende\"><\/span>Fliegen, fahren, \u00d6ffis nutzen: Wie kommt die Verkehrswende?<span class=\"ez-toc-section-end\"><\/span><\/h3>\n\n\n\n<h4 class=\"wp-block-heading\"><span class=\"ez-toc-section\" id=\"CDUCSU-5\"><\/span>CDU\/CSU<span class=\"ez-toc-section-end\"><\/span><\/h4>\n\n\n\n<p>Die Union plant, Deutschland zur Wasserstoff-Nation Nr. 1 zu machen \u2013 auch im Mobilit\u00e4tskonzept spielt Wasserstoff daher eine Rolle. Und zwar vor allem beim Schiff- und LKW-Verkehr. Parallel dazu soll die Schiene mit dem Deutschlandtakt gest\u00e4rkt werden. Deutschland soll aber Automobilland bleiben. Aus diesem Grund will die Union die Autoindustrie st\u00e4rken und einen Fahrplan zur Transformation vorlegen. Synthetische Kraftstoffe sollen dabei eine ebenso wichtige Rolle wie Elektromobilit\u00e4t spielen. Fl\u00fcge sollen noch besser mit Z\u00fcgen vernetzt werden: \u201cDie Verkehrstr\u00e4ger sollen so vernetzt werden, dass ihre jeweiligen verkehrlichen, \u00f6konomischen und \u00f6kologischen Vorteile optimal genutzt werden k\u00f6nnen\u201d, hei\u00dft es im Wahlprogramm.<\/p>\n\n\n\n<h4 class=\"wp-block-heading\"><span class=\"ez-toc-section\" id=\"SPD-5\"><\/span>SPD<span class=\"ez-toc-section-end\"><\/span><\/h4>\n\n\n\n<p>Die SPD setzt stark auf Elektro- und Wasserstoffmobilit\u00e4t, die die \u00fcblichen Brennstoffe ersetzen sollen. Der \u00f6ffentliche Nahverkehr soll gro\u00dfe Investitionen erhalten, dabei sollen Busse und Bahnen komplett klimaneutral werden. Auch die Radwege sollen ausgebaut werden, damit Radfahren sicherer und leichter ist. Die SPD sieht kein Verbot f\u00fcr Kurzflugstrecken vor, stattdessen m\u00f6chte sie sich daf\u00fcr einsetzen, dass Bahn fahren g\u00fcnstiger wirkt als fliegen. Das soll unter anderem dadurch gelingen, dass jede europ\u00e4ische Gro\u00dfstadt ans Fernzugnetz angeschlossen werden soll. Zudem soll auch ein Tempolimit von 130 km\/h auf allen deutschen Autobahnen gelten.<\/p>\n\n\n\n<h4 class=\"wp-block-heading\"><span class=\"ez-toc-section\" id=\"Buendnis_90Die_Gruenen-5\"><\/span>B\u00fcndnis 90\/Die Gr\u00fcnen<span class=\"ez-toc-section-end\"><\/span><\/h4>\n\n\n\n<p>Die Gr\u00fcnen wollen mit ihrer Klimapolitik eine Verkehrswende einl\u00e4uten: Mehr \u00d6PNV, weniger Auto und wenn, dann CO2-neutral. Sie w\u00fcnschen sich, dass Fl\u00fcge innerhalb Deutschland bis Ende des Jahrzehnts \u00fcberfl\u00fcssig werden. Das wollen sie schaffen, indem die Bahn attraktiver wird. Die Verkehrswende ist aus Sicht der Gr\u00fcnen elektrisch: Synthetische Kraftstoffe sehen sie vor allem bei Flugzeugen und in der Industrie. Au\u00dferdem wollen sie den sogenannten \u201cMobilpass\u201d einf\u00fchren. Hier sollen Digitalisierung und Verkehr zusammengebracht werden. Die Idee ist, dass man von Bahn auf Sharing-Bike &amp; Co. ganz einfach wechseln kann. Sie wollen das Tempolimit Ausnahme-Regel-Verh\u00e4ltnis umkehren. Auch das Radnetz soll ausgebaut werden.<\/p>\n\n\n\n<h4 class=\"wp-block-heading\"><span class=\"ez-toc-section\" id=\"Die_Linke-5\"><\/span>Die Linke<span class=\"ez-toc-section-end\"><\/span><\/h4>\n\n\n\n<p>Die Linke fordert eine Verkehrswende. Die \u00f6ffentlichen Verkehrsmittel sollen das haupts\u00e4chliche Fortbewegungsmittel sein. Daf\u00fcr m\u00fcsse nicht nur der Bahnverkehr ausgeweitet werden, sondern die DB AG soll von profitorientiert in eine \u201egemeinwohlorientierte und integrierte\u201c Bahn umgewandelt werden, die ihren Strom ausschlie\u00dflich von \u00f6kologischen Quellen bezieht. Auch der lokale \u00d6PNV soll gef\u00f6rdert und ausgebaut werden. Der Flugverkehr soll eingeschr\u00e4nkt werden, indem die Bahn \u201eso attraktiv gestalt(et werde), dass Kurzstreckenfl\u00fcge nicht mehr notwendig sind.\u201d<\/p>\n\n\n\n<h4 class=\"wp-block-heading\"><span class=\"ez-toc-section\" id=\"FDP-5\"><\/span>FDP<span class=\"ez-toc-section-end\"><\/span><\/h4>\n\n\n\n<p>Die Freien Demokraten lehnen unverh\u00e4ltnism\u00e4\u00dfige Verbote in der Mobilit\u00e4t ab. Sie gehen auch in diesem Sektor davon aus, dass der CO2-Preis daf\u00fcr sorgen wird, dass der Markt Diesel, Benzin &amp; Co. verbannt. Den Bahnverkehr will die FDP privatisieren, um den Wettbewerb zu st\u00e4rken. Das Schienennetz soll dabei im Besitz des Bundes bleiben, damit dieser sich auf den Ausbau des Netzes konzentrieren kann. Der Luftverkehr soll neu geordnet werden.<\/p>\n\n\n\n<h4 class=\"wp-block-heading\"><span class=\"ez-toc-section\" id=\"AfD-5\"><\/span>AfD<span class=\"ez-toc-section-end\"><\/span><\/h4>\n\n\n\n<p>Die Alternative f\u00fcr Deutschland will den motorisierten Individualverkehr sch\u00fctzen, der Wille des B\u00fcrgers stehe bei ihnen im Mittelpunkt. Alles m\u00fcsse bezahlbar bleiben. Sie wollen deshalb Flugh\u00e4fen st\u00e4rken und die deutsche Automobilindustrie als \u201eLeitindustrie\u201c erhalten. Die Bevorzugung und F\u00f6rderung von E-Autos solle dem Markt \u00fcberlassen werden, synthetische Kraftstoffe eine wichtigere Rolle spielen. Die CO2-Gesetzgebung der EU bezeichnen sie als realit\u00e4tsfremd.&nbsp;<\/p>\n\n\n\n<p><strong><em>Mehr zur Bundestagswahl 2021 liest du hier<\/em><\/strong><\/p>\n\n\n\n<ul class=\"wp-block-list\"><li><a href=\"https:\/\/ekologiskamag.com\/2021\/07\/14\/wie-gruen-sind-die-gruenen-analyse\/\" target=\"_blank\" rel=\"noreferrer noopener\">Wie gr\u00fcn sind die Gr\u00fcnen? #Analyse<\/a><\/li><li><a href=\"https:\/\/ekologiskamag.com\/2021\/07\/06\/wie-sieht-unsere-klimapolitik-aus-wenn-die-buergerinnen-entscheiden-der-buergerrat-klima-2021\/\" target=\"_blank\" rel=\"noreferrer noopener\">Ergebnisse des B\u00fcrgerrats Klima 2021<\/a><\/li><\/ul>\n\n\n\n<hr class=\"wp-block-separator\"\/>\n\n\n\n<hr class=\"wp-block-separator\"\/>\n\n\n\n<p>()<\/p>\n<div id=\"ez-toc-container\" class=\"ez-toc-v2_0_82_2 counter-hierarchy ez-toc-counter ez-toc-transparent ez-toc-container-direction\">\n<div class=\"ez-toc-title-container\">\n<p class=\"ez-toc-title\" style=\"cursor:inherit\">Inhalte dieser Seite :<\/p>\n<span class=\"ez-toc-title-toggle\"><a href=\"#\" class=\"ez-toc-pull-right ez-toc-btn ez-toc-btn-xs ez-toc-btn-default ez-toc-toggle\" aria-label=\"Toggle Table of Content\"><span class=\"ez-toc-js-icon-con\"><span class=\"\"><span class=\"eztoc-hide\" style=\"display:none;\">Toggle<\/span><span class=\"ez-toc-icon-toggle-span\"><svg style=\"fill: #999;color:#999\" xmlns=\"http:\/\/www.w3.org\/2000\/svg\" class=\"list-377408\" width=\"20px\" height=\"20px\" viewBox=\"0 0 24 24\" fill=\"none\"><path d=\"M6 6H4v2h2V6zm14 0H8v2h12V6zM4 11h2v2H4v-2zm16 0H8v2h12v-2zM4 16h2v2H4v-2zm16 0H8v2h12v-2z\" fill=\"currentColor\"><\/path><\/svg><svg style=\"fill: #999;color:#999\" class=\"arrow-unsorted-368013\" xmlns=\"http:\/\/www.w3.org\/2000\/svg\" width=\"10px\" height=\"10px\" viewBox=\"0 0 24 24\" version=\"1.2\" baseProfile=\"tiny\"><path d=\"M18.2 9.3l-6.2-6.3-6.2 6.3c-.2.2-.3.4-.3.7s.1.5.3.7c.2.2.4.3.7.3h11c.3 0 .5-.1.7-.3.2-.2.3-.5.3-.7s-.1-.5-.3-.7zM5.8 14.7l6.2 6.3 6.2-6.3c.2-.2.3-.5.3-.7s-.1-.5-.3-.7c-.2-.2-.4-.3-.7-.3h-11c-.3 0-.5.1-.7.3-.2.2-.3.5-.3.7s.1.5.3.7z\"\/><\/svg><\/span><\/span><\/span><\/a><\/span><\/div>\n<nav><ul class='ez-toc-list ez-toc-list-level-1 eztoc-toggle-hide-by-default' ><li class='ez-toc-page-1 ez-toc-heading-level-2'><a class=\"ez-toc-link ez-toc-heading-1\" href=\"https:\/\/boklima.de\/?p=9520\/#280821_Helmholz_Klimainitiative_Original_hier\" >(28.08.21, Helmholz Klimainitiative) , Original : hier<\/a><ul class='ez-toc-list-level-3' ><li class='ez-toc-heading-level-3'><a class=\"ez-toc-link ez-toc-heading-2\" href=\"https:\/\/boklima.de\/?p=9520\/#Erneuerbare_Energien\" >Erneuerbare Energien<\/a><\/li><li class='ez-toc-page-1 ez-toc-heading-level-3'><a class=\"ez-toc-link ez-toc-heading-3\" href=\"https:\/\/boklima.de\/?p=9520\/#Mobilitaet\" >Mobilit\u00e4t<\/a><\/li><li class='ez-toc-page-1 ez-toc-heading-level-3'><a class=\"ez-toc-link ez-toc-heading-4\" href=\"https:\/\/boklima.de\/?p=9520\/#Negative_Emissionen\" >Negative Emissionen<\/a><\/li><\/ul><\/li><li class='ez-toc-page-1 ez-toc-heading-level-2'><a class=\"ez-toc-link ez-toc-heading-5\" href=\"https:\/\/boklima.de\/?p=9520\/#240821_FAZ_Orignal_hier_Von_Lilly_Bittner\" >(24.08.21, FAZ) , Orignal : hier  Von &nbsp; Lilly Bittner<\/a><ul class='ez-toc-list-level-3' ><li class='ez-toc-heading-level-3'><a class=\"ez-toc-link ez-toc-heading-6\" href=\"https:\/\/boklima.de\/?p=9520\/#Klimapolitik_der_Parteien\" >Klimapolitik der Parteien:<\/a><\/li><li class='ez-toc-page-1 ez-toc-heading-level-3'><a class=\"ez-toc-link ez-toc-heading-7\" href=\"https:\/\/boklima.de\/?p=9520\/#Die_Gruenen\" >Die Gr\u00fcnen<\/a><\/li><li class='ez-toc-page-1 ez-toc-heading-level-3'><a class=\"ez-toc-link ez-toc-heading-8\" href=\"https:\/\/boklima.de\/?p=9520\/#Die_Fraktion_CDUCSU\" >Die Fraktion CDU\/CSU<\/a><\/li><li class='ez-toc-page-1 ez-toc-heading-level-3'><a class=\"ez-toc-link ez-toc-heading-9\" href=\"https:\/\/boklima.de\/?p=9520\/#Die_SPD\" >Die SPD<\/a><\/li><li class='ez-toc-page-1 ez-toc-heading-level-3'><a class=\"ez-toc-link ez-toc-heading-10\" href=\"https:\/\/boklima.de\/?p=9520\/#Die_FDP\" >Die FDP<\/a><\/li><li class='ez-toc-page-1 ez-toc-heading-level-3'><a class=\"ez-toc-link ez-toc-heading-11\" href=\"https:\/\/boklima.de\/?p=9520\/#Die_AfD\" >Die AfD<\/a><\/li><\/ul><\/li><li class='ez-toc-page-1 ez-toc-heading-level-2'><a class=\"ez-toc-link ez-toc-heading-12\" href=\"https:\/\/boklima.de\/?p=9520\/#Uebersicht\" >\u00dcbersicht<\/a><\/li><li class='ez-toc-page-1 ez-toc-heading-level-2'><a class=\"ez-toc-link ez-toc-heading-13\" href=\"https:\/\/boklima.de\/?p=9520\/#200821_FR_Original_hier\" >(20.08.21, FR ) , Original : hier<\/a><ul class='ez-toc-list-level-3' ><li class='ez-toc-heading-level-3'><a class=\"ez-toc-link ez-toc-heading-14\" href=\"https:\/\/boklima.de\/?p=9520\/#Klimapolitik_vor_der_Bundestagswahl_Das_planen_Scholz_Baerbock_und_Laschet\" >Klimapolitik vor der Bundestagswahl: Das planen Scholz, Baerbock und Laschet<\/a><\/li><li class='ez-toc-page-1 ez-toc-heading-level-3'><a class=\"ez-toc-link ez-toc-heading-15\" href=\"https:\/\/boklima.de\/?p=9520\/#Strom_und_Kohle_Konzepte_von_CDU_CSU_SPD_und_Gruenen_gehen_auseinander\" >Strom und Kohle: Konzepte von CDU, CSU, SPD und Gr\u00fcnen gehen auseinander<\/a><\/li><li class='ez-toc-page-1 ez-toc-heading-level-3'><a class=\"ez-toc-link ez-toc-heading-16\" href=\"https:\/\/boklima.de\/?p=9520\/#Armin_Laschet_will_am_Fahrplan_fuer_Kohleausstieg_festhalten\" >Armin Laschet will am Fahrplan f\u00fcr Kohleausstieg festhalten<\/a><\/li><li class='ez-toc-page-1 ez-toc-heading-level-3'><a class=\"ez-toc-link ez-toc-heading-17\" href=\"https:\/\/boklima.de\/?p=9520\/#CO2-Preis_Staat_soll_Einnahmen_an_Buerger_innen_zurueckgeben\" >CO2-Preis: Staat soll Einnahmen an B\u00fcrger:innen zur\u00fcckgeben<\/a><\/li><\/ul><\/li><li class='ez-toc-page-1 ez-toc-heading-level-2'><a class=\"ez-toc-link ez-toc-heading-18\" href=\"https:\/\/boklima.de\/?p=9520\/#060821_ekologiska_mag_%E2%80%93_nachhaltig_leben_Orginal_hier\" >(06.08.21, ekologiska mag &#8211; nachhaltig leben ) Orginal : hier<\/a><ul class='ez-toc-list-level-3' ><li class='ez-toc-heading-level-3'><a class=\"ez-toc-link ez-toc-heading-19\" href=\"https:\/\/boklima.de\/?p=9520\/#Wer_sagt_was_zur_Klimapolitik_Die_Parteien_im_Ueberblick\" >Wer sagt was zur Klimapolitik? Die Parteien im \u00dcberblick<\/a><\/li><li class='ez-toc-page-1 ez-toc-heading-level-3'><a class=\"ez-toc-link ez-toc-heading-20\" href=\"https:\/\/boklima.de\/?p=9520\/#Klimakrise_oder_Klimawandel\" >Klimakrise oder Klimawandel?<\/a><ul class='ez-toc-list-level-4' ><li class='ez-toc-heading-level-4'><a class=\"ez-toc-link ez-toc-heading-21\" href=\"https:\/\/boklima.de\/?p=9520\/#CDUCSU\" >CDU\/CSU<\/a><\/li><li class='ez-toc-page-1 ez-toc-heading-level-4'><a class=\"ez-toc-link ez-toc-heading-22\" href=\"https:\/\/boklima.de\/?p=9520\/#SPD\" >SPD<\/a><\/li><li class='ez-toc-page-1 ez-toc-heading-level-4'><a class=\"ez-toc-link ez-toc-heading-23\" href=\"https:\/\/boklima.de\/?p=9520\/#Buendnis_90Die_Gruenen\" >B\u00fcndnis 90\/Die Gr\u00fcnen<\/a><\/li><li class='ez-toc-page-1 ez-toc-heading-level-4'><a class=\"ez-toc-link ez-toc-heading-24\" href=\"https:\/\/boklima.de\/?p=9520\/#Die_Linke\" >Die Linke<\/a><\/li><li class='ez-toc-page-1 ez-toc-heading-level-4'><a class=\"ez-toc-link ez-toc-heading-25\" href=\"https:\/\/boklima.de\/?p=9520\/#FDP\" >FDP<\/a><\/li><li class='ez-toc-page-1 ez-toc-heading-level-4'><a class=\"ez-toc-link ez-toc-heading-26\" href=\"https:\/\/boklima.de\/?p=9520\/#AfD\" >AfD<\/a><\/li><\/ul><\/li><li class='ez-toc-page-1 ez-toc-heading-level-3'><a class=\"ez-toc-link ez-toc-heading-27\" href=\"https:\/\/boklima.de\/?p=9520\/#Die_Klimapolitik_der_Parteien_im_Vergleich_Wie_wollen_wir_CO2-neutral_werden\" >Die Klimapolitik der Parteien im Vergleich: (Wie) wollen wir CO2-neutral werden?<\/a><ul class='ez-toc-list-level-4' ><li class='ez-toc-heading-level-4'><a class=\"ez-toc-link ez-toc-heading-28\" href=\"https:\/\/boklima.de\/?p=9520\/#CDUCSU-2\" >CDU\/CSU<\/a><\/li><li class='ez-toc-page-1 ez-toc-heading-level-4'><a class=\"ez-toc-link ez-toc-heading-29\" href=\"https:\/\/boklima.de\/?p=9520\/#SPD-2\" >SPD<\/a><\/li><li class='ez-toc-page-1 ez-toc-heading-level-4'><a class=\"ez-toc-link ez-toc-heading-30\" href=\"https:\/\/boklima.de\/?p=9520\/#Buendnis_90Die_Gruenen-2\" >B\u00fcndnis 90\/Die Gr\u00fcnen<\/a><\/li><li class='ez-toc-page-1 ez-toc-heading-level-4'><a class=\"ez-toc-link ez-toc-heading-31\" href=\"https:\/\/boklima.de\/?p=9520\/#Die_Linke-2\" >Die Linke<\/a><\/li><li class='ez-toc-page-1 ez-toc-heading-level-4'><a class=\"ez-toc-link ez-toc-heading-32\" href=\"https:\/\/boklima.de\/?p=9520\/#FDP-2\" >FDP<\/a><\/li><li class='ez-toc-page-1 ez-toc-heading-level-4'><a class=\"ez-toc-link ez-toc-heading-33\" href=\"https:\/\/boklima.de\/?p=9520\/#AfD-2\" >AfD<\/a><\/li><\/ul><\/li><li class='ez-toc-page-1 ez-toc-heading-level-3'><a class=\"ez-toc-link ez-toc-heading-34\" href=\"https:\/\/boklima.de\/?p=9520\/#Wie_stehen_sie_zur_CO2-Steuer\" >Wie stehen sie zur CO2-Steuer?<\/a><ul class='ez-toc-list-level-4' ><li class='ez-toc-heading-level-4'><a class=\"ez-toc-link ez-toc-heading-35\" href=\"https:\/\/boklima.de\/?p=9520\/#CDUCSU-3\" >CDU\/CSU<\/a><\/li><li class='ez-toc-page-1 ez-toc-heading-level-4'><a class=\"ez-toc-link ez-toc-heading-36\" href=\"https:\/\/boklima.de\/?p=9520\/#SPD-3\" >SPD<\/a><\/li><li class='ez-toc-page-1 ez-toc-heading-level-4'><a class=\"ez-toc-link ez-toc-heading-37\" href=\"https:\/\/boklima.de\/?p=9520\/#Buendnis_90Die_Gruenen-3\" >B\u00fcndnis 90\/Die Gr\u00fcnen<\/a><\/li><li class='ez-toc-page-1 ez-toc-heading-level-4'><a class=\"ez-toc-link ez-toc-heading-38\" href=\"https:\/\/boklima.de\/?p=9520\/#Die_Linke-3\" >Die Linke<\/a><\/li><li class='ez-toc-page-1 ez-toc-heading-level-4'><a class=\"ez-toc-link ez-toc-heading-39\" href=\"https:\/\/boklima.de\/?p=9520\/#FDP-3\" >FDP<\/a><\/li><li class='ez-toc-page-1 ez-toc-heading-level-4'><a class=\"ez-toc-link ez-toc-heading-40\" href=\"https:\/\/boklima.de\/?p=9520\/#AfD-3\" >AfD<\/a><\/li><\/ul><\/li><li class='ez-toc-page-1 ez-toc-heading-level-3'><a class=\"ez-toc-link ez-toc-heading-41\" href=\"https:\/\/boklima.de\/?p=9520\/#Die_Energiewende_als_Teil_der_Klimapolitik\" >Die Energiewende als Teil der Klimapolitik?<\/a><ul class='ez-toc-list-level-4' ><li class='ez-toc-heading-level-4'><a class=\"ez-toc-link ez-toc-heading-42\" href=\"https:\/\/boklima.de\/?p=9520\/#CDUCSU-4\" >CDU\/CSU<\/a><\/li><li class='ez-toc-page-1 ez-toc-heading-level-4'><a class=\"ez-toc-link ez-toc-heading-43\" href=\"https:\/\/boklima.de\/?p=9520\/#SPD-4\" >SPD<\/a><\/li><li class='ez-toc-page-1 ez-toc-heading-level-4'><a class=\"ez-toc-link ez-toc-heading-44\" href=\"https:\/\/boklima.de\/?p=9520\/#Buendnis_90Die_Gruenen-4\" >B\u00fcndnis 90\/Die Gr\u00fcnen<\/a><\/li><li class='ez-toc-page-1 ez-toc-heading-level-4'><a class=\"ez-toc-link ez-toc-heading-45\" href=\"https:\/\/boklima.de\/?p=9520\/#Die_Linke-4\" >Die Linke<\/a><\/li><li class='ez-toc-page-1 ez-toc-heading-level-4'><a class=\"ez-toc-link ez-toc-heading-46\" href=\"https:\/\/boklima.de\/?p=9520\/#FDP-4\" >FDP<\/a><\/li><li class='ez-toc-page-1 ez-toc-heading-level-4'><a class=\"ez-toc-link ez-toc-heading-47\" href=\"https:\/\/boklima.de\/?p=9520\/#AfD-4\" >AfD<\/a><\/li><\/ul><\/li><li class='ez-toc-page-1 ez-toc-heading-level-3'><a class=\"ez-toc-link ez-toc-heading-48\" href=\"https:\/\/boklima.de\/?p=9520\/#Fliegen_fahren_Oeffis_nutzen_Wie_kommt_die_Verkehrswende\" >Fliegen, fahren, \u00d6ffis nutzen: Wie kommt die Verkehrswende?<\/a><ul class='ez-toc-list-level-4' ><li class='ez-toc-heading-level-4'><a class=\"ez-toc-link ez-toc-heading-49\" href=\"https:\/\/boklima.de\/?p=9520\/#CDUCSU-5\" >CDU\/CSU<\/a><\/li><li class='ez-toc-page-1 ez-toc-heading-level-4'><a class=\"ez-toc-link ez-toc-heading-50\" href=\"https:\/\/boklima.de\/?p=9520\/#SPD-5\" >SPD<\/a><\/li><li class='ez-toc-page-1 ez-toc-heading-level-4'><a class=\"ez-toc-link ez-toc-heading-51\" href=\"https:\/\/boklima.de\/?p=9520\/#Buendnis_90Die_Gruenen-5\" >B\u00fcndnis 90\/Die Gr\u00fcnen<\/a><\/li><li class='ez-toc-page-1 ez-toc-heading-level-4'><a class=\"ez-toc-link ez-toc-heading-52\" href=\"https:\/\/boklima.de\/?p=9520\/#Die_Linke-5\" >Die Linke<\/a><\/li><li class='ez-toc-page-1 ez-toc-heading-level-4'><a class=\"ez-toc-link ez-toc-heading-53\" href=\"https:\/\/boklima.de\/?p=9520\/#FDP-5\" >FDP<\/a><\/li><li class='ez-toc-page-1 ez-toc-heading-level-4'><a class=\"ez-toc-link ez-toc-heading-54\" href=\"https:\/\/boklima.de\/?p=9520\/#AfD-5\" >AfD<\/a><\/li><\/ul><\/li><\/ul><\/li><\/ul><\/nav><\/div>\n","protected":false},"excerpt":{"rendered":"<p>(28.08.21, Helmholz Klimainitiative) , Original : hier xx Erneuerbare Energien Wie schnell die Klimawende gelingt, h\u00e4ngt vor allem vom Ausbau erneuerbarer Energien ab. Gr\u00fcne und Linke setzen in ihren Wahlprogrammen j\u00e4hrliche Ausbauziele. Bis 2025 wollen Gr\u00fcne und Linke zum Beispiel pro Jahr mindestens zehn oder sogar bis zu zw\u00f6lf Gigawatt Photovoltaik pro Jahr neu bauen &hellip; <a href=\"https:\/\/boklima.de\/?p=9520\" class=\"more-link\"><span class=\"screen-reader-text\">\u201ezuk\u00fcnftige Klimapolitik der Parteien\u201c <\/span>weiterlesen<\/a><\/p>\n","protected":false},"author":8,"featured_media":0,"comment_status":"closed","ping_status":"closed","sticky":false,"template":"","format":"standard","meta":{"ngg_post_thumbnail":0,"footnotes":"","_share_on_mastodon":"0"},"categories":[157,104,115],"tags":[],"class_list":["post-9520","post","type-post","status-publish","format-standard","hentry","category-relevant-klimanews","category-oeffentlich-fuer-alle-site-besucher-lesbar","category-allg-themen"],"share_on_mastodon":{"url":"","error":""},"rttpg_featured_image_url":null,"rttpg_author":{"display_name":"thomas","author_link":"https:\/\/boklima.de\/?author=8"},"rttpg_comment":0,"rttpg_category":"<a href=\"https:\/\/boklima.de\/?cat=157\" rel=\"category\">relevant-KlimaNews<\/a> <a href=\"https:\/\/boklima.de\/?cat=104\" rel=\"category\">\u00f6ffentlich (f\u00fcr alle lesbar)<\/a> <a href=\"https:\/\/boklima.de\/?cat=115\" rel=\"category\">Allg Themen<\/a>","rttpg_excerpt":"(28.08.21, Helmholz Klimainitiative) , Original : hier xx Erneuerbare Energien Wie schnell die Klimawende gelingt, h\u00e4ngt vor allem vom Ausbau erneuerbarer Energien ab. Gr\u00fcne und Linke setzen in ihren Wahlprogrammen j\u00e4hrliche Ausbauziele. Bis 2025 wollen Gr\u00fcne und Linke zum Beispiel pro Jahr mindestens zehn oder sogar bis zu zw\u00f6lf Gigawatt Photovoltaik pro Jahr neu bauen&hellip;","_links":{"self":[{"href":"https:\/\/boklima.de\/index.php?rest_route=\/wp\/v2\/posts\/9520","targetHints":{"allow":["GET"]}}],"collection":[{"href":"https:\/\/boklima.de\/index.php?rest_route=\/wp\/v2\/posts"}],"about":[{"href":"https:\/\/boklima.de\/index.php?rest_route=\/wp\/v2\/types\/post"}],"author":[{"embeddable":true,"href":"https:\/\/boklima.de\/index.php?rest_route=\/wp\/v2\/users\/8"}],"replies":[{"embeddable":true,"href":"https:\/\/boklima.de\/index.php?rest_route=%2Fwp%2Fv2%2Fcomments&post=9520"}],"version-history":[{"count":3,"href":"https:\/\/boklima.de\/index.php?rest_route=\/wp\/v2\/posts\/9520\/revisions"}],"predecessor-version":[{"id":9531,"href":"https:\/\/boklima.de\/index.php?rest_route=\/wp\/v2\/posts\/9520\/revisions\/9531"}],"wp:attachment":[{"href":"https:\/\/boklima.de\/index.php?rest_route=%2Fwp%2Fv2%2Fmedia&parent=9520"}],"wp:term":[{"taxonomy":"category","embeddable":true,"href":"https:\/\/boklima.de\/index.php?rest_route=%2Fwp%2Fv2%2Fcategories&post=9520"},{"taxonomy":"post_tag","embeddable":true,"href":"https:\/\/boklima.de\/index.php?rest_route=%2Fwp%2Fv2%2Ftags&post=9520"}],"curies":[{"name":"wp","href":"https:\/\/api.w.org\/{rel}","templated":true}]}}