{"id":9395,"date":"2021-08-18T16:31:08","date_gmt":"2021-08-18T14:31:08","guid":{"rendered":"https:\/\/boklima.de\/?p=9395"},"modified":"2021-08-18T16:36:29","modified_gmt":"2021-08-18T14:36:29","slug":"artensterben-die-fakten-terra-x","status":"publish","type":"post","link":"https:\/\/boklima.de\/?p=9395","title":{"rendered":"Artensterben &#8211; die Fakten (Terra X)"},"content":{"rendered":"\n<p>(04.07.21, zdf ), Original : <a href=\"https:\/\/www.zdf.de\/dokumentation\/terra-x\/artensterben-die-fakten-mit-dirk-steffens-100.html\" target=\"_blank\" rel=\"noreferrer noopener\">hier<\/a> <\/p>\n\n\n\n<p>In der Gegenwart sterben hundert Mal mehr Arten aus als bei einer nat\u00fcrlichen, evolutionsbedingten Rate zu erwarten w\u00e4re. Seitdem Menschen auf der Erde existieren, befand sich die Natur noch nie in einem derart schlechten Zustand wie heute. 43 min 43 min 04.07.2021 04.07.2021 UT UT Verf\u00fcgbarkeit: Video verf\u00fcgbar bis 30.08.2021, in Deutschland, \u00d6sterreich, Schweiz <a href=\"https:\/\/www.zdf.de\/dokumentation\/terra-x\">Mehr von Terra X<\/a><\/p>\n\n\n\n<h2 class=\"wp-block-heading\"><span class=\"ez-toc-section\" id=\"Mehr_zum_Thema\"><\/span>Mehr zum Thema<span class=\"ez-toc-section-end\"><\/span><\/h2>\n\n\n\n<h3 class=\"wp-block-heading\"><span class=\"ez-toc-section\" id=\"Terra_X_%E2%80%93_Faszination_Erde_Artenschutz\"><\/span>Terra X &#8211; <a href=\"https:\/\/www.zdf.de\/dokumentation\/terra-x\/dirk-steffens-aus-liebe-zum-leben-artenschutz-100.html\">Faszination Erde: Artenschutz&nbsp;<\/a><span class=\"ez-toc-section-end\"><\/span><\/h3>\n\n\n\n<p>Videol\u00e4nge 43 min \u00b7 Doku<\/p>\n\n\n\n<h3 class=\"wp-block-heading\"><span class=\"ez-toc-section\" id=\"Terra_X_%E2%80%93_Entwicklung_der_Artenvielfalt_auf_der_Erde\"><\/span>Terra X &#8211; <a href=\"https:\/\/www.zdf.de\/dokumentation\/terra-x\/urzeittiere-100.html\">Entwicklung der Artenvielfalt auf der Erde&nbsp;<\/a><span class=\"ez-toc-section-end\"><\/span><\/h3>\n\n\n\n<p>Videol\u00e4nge 6 min \u00b7 Doku<\/p>\n\n\n\n<h3 class=\"wp-block-heading\"><span class=\"ez-toc-section\" id=\"Terra_X_%E2%80%93_Artensterben_im_Wandel_der_Zeit\"><\/span>Terra X &#8211; <a href=\"https:\/\/www.zdf.de\/dokumentation\/terra-x\/artensterben-im-wandel-der-zeit-creative-commons-clip-100.html\">Artensterben im Wandel der Zeit&nbsp;<\/a><span class=\"ez-toc-section-end\"><\/span><\/h3>\n\n\n\n<p>Videol\u00e4nge 2 min \u00b7 Doku Mit Creative Commons-Lizenz<\/p>\n\n\n\n<p>Die Weltgemeinschaft hat s\u00e4mtliche Ziele zur Erhaltung der biologischen Vielfalt 2020 verfehlt, das zeigt der neueste UN-Bericht. <strong>Eine Million aller Arten auf der Erde sind vom Aussterben bedroht.<\/strong> Das beeinflusst das gesamte \u00d6kosystem und die Entwicklung des Klimas. Die Krise der Biodiversit\u00e4t hat auch f\u00fcr die Menschheit dramatische Konsequenzen: Nicht nur die Versorgung mit Wasser und Nahrung wird langfristig nicht mehr \u00fcberall sicher zu stellen sein, auch die M\u00f6glichkeiten, sich gegen Pandemien zur Wehr zu setzen, verringern sich deutlich.<\/p>\n\n\n\n<h3 class=\"wp-block-heading\"><span class=\"ez-toc-section\" id=\"Terra_X_%E2%80%93_Entwicklung_der_Artenvielfalt_auf_der_Erde-2\"><\/span>Terra X &#8211; <a href=\"https:\/\/www.zdf.de\/dokumentation\/terra-x\/urzeittiere-100.html\">Entwicklung der Artenvielfalt auf der Erde&nbsp;<\/a><span class=\"ez-toc-section-end\"><\/span><\/h3>\n\n\n\n<p>Vor 540 Millionen Jahren nahm die Entwicklung des Lebens auf der Erde Fahrt auf: die Kambrische Explosion. Videol\u00e4nge 6 min \u00b7 Doku<\/p>\n\n\n\n<h3 class=\"wp-block-heading\"><span class=\"ez-toc-section\" id=\"%E2%80%9CDas_groesste_Artensterben_seit_dem_Verschwinden_der_Dinosaurier%E2%80%9D\"><\/span>&#8220;Das gr\u00f6\u00dfte Artensterben seit dem Verschwinden der Dinosaurier&#8221;<span class=\"ez-toc-section-end\"><\/span><\/h3>\n\n\n\n<p>&#8220;Wir erleben gerade das gr\u00f6\u00dfte Artensterben seit dem Verschwinden der Dinosaurier&#8221;, erl\u00e4utert <a href=\"https:\/\/www.zdf.de\/dokumentation\/terra-x\/meet-dirk-steffens-102.html\">Dirk Steffens<\/a>. Der &#8220;Terra X&#8221;-Moderator ist UN-Dekade Botschafter &#8220;Biologische Vielfalt&#8221; und gilt als engagierter Experte zum Thema Artenschutz. &#8220;Man muss sich das Leben auf der Erde wie ein Netz vorstellen, das uns alle tr\u00e4gt. Jede Art hat eine Funktion, so wie ein einzelner Faden. Wenn zu viele F\u00e4den rei\u00dfen, bricht alles zusammen. Die Menschheit ist gerade dabei, ihre eigenen Lebensgrundlagen zu vernichten.&#8221;<\/p>\n\n\n\n<p>Der Verlust der Insekten stellt beispielsweise die Best\u00e4ubung unserer Nutzpflanzen infrage. Gleichzeitig sorgt das Schwinden der Biodiversit\u00e4t im Erdreich f\u00fcr schlechteres Pflanzenwachstum. Menschen sind in vielf\u00e4ltiger Weise auf Pflanzen angewiesen, trotzdem lassen wir zu, dass heute eine von vier Arten vom Aussterben bedroht ist.<video preload=\"none\" poster=\"\" src=\"https:\/\/nrodlzdf-a.akamaihd.net\/none\/zdf\/20\/01\/200122_anthropozaen_trailer_tex\/1\/200122_anthropozaen_trailer_tex_2128k_p18v15.webm\"><\/video><\/p>\n\n\n\n<h2 class=\"wp-block-heading\"><\/h2>\n\n\n\n<h3 class=\"wp-block-heading\"><span class=\"ez-toc-section\" id=\"Terra_X_%E2%80%93_Anthropozaen_%E2%80%93_Das_Zeitalter_des_Menschen\"><\/span>Terra X &#8211; <a href=\"https:\/\/www.zdf.de\/dokumentation\/terra-x\/anthropozaen-das-zeitalter-des-menschen-trailer-100.html\">Anthropoz\u00e4n \u2013 Das Zeitalter des Menschen&nbsp;<\/a><span class=\"ez-toc-section-end\"><\/span><\/h3>\n\n\n\n<p>\u00dcber Jahrmilliarden formten die Elemente Feuer, Wasser und Luft die Erde \u2013 bis der Mensch den Planeten innerhalb k\u00fcrzester Zeit gravierend ver\u00e4nderte. Wissenschaftler sprechen heute vom Anthropoz\u00e4n, dem Zeitalter des Menschen. Videol\u00e4nge 3 min \u00b7 Doku 3 Dokus<\/p>\n\n\n\n<h3 class=\"wp-block-heading\"><span class=\"ez-toc-section\" id=\"Ueberfischung_Vergiftung_und_Klimawandel_als_Hauptgruende\"><\/span>\u00dcberfischung, Vergiftung und Klimawandel als Hauptgr\u00fcnde<span class=\"ez-toc-section-end\"><\/span><\/h3>\n\n\n\n<p>Der UN-Report legt nicht nur die verheerenden Zahlen vor, sondern konstatiert auch in aller Deutlichkeit die Hauptgr\u00fcnde f\u00fcr das Artensterben: \u00dcberfischung, <a href=\"https:\/\/www.zdf.de\/dokumentation\/terra-x\/sieben-fakten-zum-menschengemachten-klimawandel-100.html\">Klimawandel<\/a> und Vergiftung wirken zusammen und richten viel Schaden an. Die wichtigste Einzelursache f\u00fcr den Verlust der Biodiversit\u00e4t ist allerdings die Zerst\u00f6rung nat\u00fcrlicher Lebensr\u00e4ume. 75 Prozent der Landfl\u00e4che, die nicht von einem polaren Eisschild bedeckt sind, wurden bereits vom Menschen in Siedlungsraum oder Anbaufl\u00e4che umgewandelt. Die Konsumenten bestimmen durch die Waren, die sie im Supermarkt kaufen, mit, welche Arten verloren gehen. <video preload=\"none\" poster=\"\" src=\"https:\/\/nrodlzdf-a.akamaihd.net\/none\/zdf\/diverse\/329_15320670_artensterben2_cc_tex\/2\/329_15320670_artensterben2_cc_tex_2128k_p18v15.webm\"><\/video><\/p>\n\n\n\n<h3 class=\"wp-block-heading\"><span class=\"ez-toc-section\" id=\"Terra_X_%E2%80%93_Artensterben_im_Wandel_der_Zeit-2\"><\/span>Terra X &#8211; <a href=\"https:\/\/www.zdf.de\/dokumentation\/terra-x\/artensterben-im-wandel-der-zeit-creative-commons-clip-100.html\">Artensterben im Wandel der Zeit&nbsp;<\/a><span class=\"ez-toc-section-end\"><\/span><\/h3>\n\n\n\n<p>In den letzten 500 Millionen Jahren hat sich die biologische Vielfalt auf der Erde ver\u00e4ndert. Wie bei einer Fieberkurve ging es dabei aufw\u00e4rts und einige Male steil bergab. Die Ausrei\u00dfer nach unten werden als die f\u00fcnf gro\u00dfen Massensterben beschrieben. Videol\u00e4nge 2 min \u00b7 Doku Mit Creative Commons-Lizenz<\/p>\n\n\n\n<h3 class=\"wp-block-heading\"><span class=\"ez-toc-section\" id=\"Terra_X_%E2%80%93_%E2%80%9CNormal_schmeckt_schal%E2%80%9D_Fragen_an_Maja_Goepel\"><\/span>Terra X &#8211; <a href=\"https:\/\/www.zdf.de\/dokumentation\/terra-x\/interview-mit-maja-goepel-100.html\">&#8220;Normal schmeckt schal&#8221; Fragen an Maja G\u00f6pel&nbsp;<\/a><span class=\"ez-toc-section-end\"><\/span><\/h3>\n\n\n\n<p>13 Fragen an die Scientists for Future-Mitbegr\u00fcnderin Prof. Maja G\u00f6pel zum Thema Verhaltens\u00e4nderungen im Konsum vor dem Hintergrund der zu hohen CO2-Emissionen und den daraus resultierenden klimatischen Ver\u00e4nderungen. Videol\u00e4nge 22 min \u00b7 Doku<\/p>\n\n\n\n<h3 class=\"wp-block-heading\"><span class=\"ez-toc-section\" id=\"Die_naechste_Pandemie_kommt_bestimmt\"><\/span>Die n\u00e4chste Pandemie kommt bestimmt<span class=\"ez-toc-section-end\"><\/span><\/h3>\n\n\n\n<p>&#8220;Die aktuelle Pandemie ist nicht die letzte, mit der wir es in Zukunft zu tun bekommen werden&#8221;, vermutet Dr. Fabian Leendertz, Epidemiologe am Robert Koch Institut und 2020 ausgezeichnet als &#8220;UN Champion of the Earth&#8221;. &#8220;Gerade im tropischen Afrika gibt es eine gro\u00dfe Nachfrage nach dem sogenannten Bush Meat, also Wildtierfleisch. Wenn die gro\u00dfen Tiere, die viel Fleisch liefern, dann weg sind, fangen die J\u00e4ger an, auch kleinere Tiere zu jagen: Nagetiere, Flederm\u00e4use und Flughunde stehen zum Beispiel viel h\u00e4ufiger auf dem Speiseplan als fr\u00fcher. Und das sind Tiere mit einem gro\u00dfen Erregerspektrum&#8221;.<\/p>\n\n\n\n<p>Alle Wissenschaftler in der Dokumentation lassen nur eine Erkenntnis zu: Wir sind an einem Kipp-Punkt. Noch ist die Lage nicht aussichtslos. Die Liste der Gr\u00fcnde, jetzt zu handeln, erscheint allerdings lang.<\/p>\n\n\n\n<h2 class=\"wp-block-heading\"><span class=\"ez-toc-section\" id=\"Thema_Klima\"><\/span>Thema Klima<span class=\"ez-toc-section-end\"><\/span><\/h2>\n\n\n\n<h3 class=\"wp-block-heading\"><span class=\"ez-toc-section\" id=\"Terra_X_%E2%80%93_Klimawandel_und_Klimaforschung\"><\/span>Terra X &#8211; <a href=\"https:\/\/www.zdf.de\/dokumentation\/terra-x\/themenpaket-klimawandel-forschung-100.html\">Klimawandel und Klimaforschung&nbsp;<\/a><span class=\"ez-toc-section-end\"><\/span><\/h3>\n\n\n\n<p>Doku<\/p>\n\n\n\n<h3 class=\"wp-block-heading\"><span class=\"ez-toc-section\" id=\"Leschs_Kosmos_%E2%80%93_Klima_im_Wandel_%E2%80%93_Keiner_stirbt_fuer_sich_%E2%80%A6\"><\/span>Leschs Kosmos &#8211; <a href=\"https:\/\/www.zdf.de\/wissen\/leschs-kosmos\/harald-lesch-klima-im-wandel-keiner-stirbt-fuer-sich-100.html\">Klima im Wandel &#8211; Keiner stirbt f\u00fcr sich \u2026&nbsp;<\/a><span class=\"ez-toc-section-end\"><\/span><\/h3>\n\n\n\n<p>Videol\u00e4nge 29 min \u00b7 Wissen<\/p>\n\n\n\n<h3 class=\"wp-block-heading\"><span class=\"ez-toc-section\" id=\"Terra_X_%E2%80%93_Schulstunde_zum_Klimawandel_mit_Harald_Lesch\"><\/span>Terra X &#8211; <a href=\"https:\/\/www.zdf.de\/dokumentation\/terra-x\/live-schulstunde-mit-harald-lesch-one-100.html\">Schulstunde zum Klimawandel mit Harald Lesch&nbsp;<\/a><span class=\"ez-toc-section-end\"><\/span><\/h3>\n\n\n\n<p>Videol\u00e4nge 44 min \u00b7 Doku<\/p>\n\n\n\n<h3 class=\"wp-block-heading\"><span class=\"ez-toc-section\" id=\"Terra_X_%E2%80%93_Wetter_und_aktuelle_Klimaforschung\"><\/span>Terra X &#8211; <a href=\"https:\/\/www.zdf.de\/dokumentation\/terra-x\/wildes-wetter-auf-den-spuren-der-klimaforschung-100.html\">Wetter und aktuelle Klimaforschung&nbsp;<\/a><span class=\"ez-toc-section-end\"><\/span><\/h3>\n\n\n\n<p>Videol\u00e4nge 43 min \u00b7 Doku<\/p>\n\n\n\n<h3 class=\"wp-block-heading\"><span class=\"ez-toc-section\" id=\"Terra_X_%E2%80%93_%E2%80%9CKlimaschutz_ist_auch_Tierschutz%E2%80%9D\"><\/span>Terra X &#8211; <a href=\"https:\/\/www.zdf.de\/dokumentation\/terra-x\/ein-perfekter-planet-interview-rolf-steinmann-100.html\">&#8220;Klimaschutz ist auch Tierschutz&#8221;&nbsp;<\/a><span class=\"ez-toc-section-end\"><\/span><\/h3>\n\n\n\n<p>Videol\u00e4nge 9 min \u00b7 Doku<\/p>\n\n\n\n<figure class=\"wp-block-image size-large\"><img loading=\"lazy\" decoding=\"async\" width=\"1\" height=\"1\" src=\"https:\/\/boklima.de\/wp-content\/uploads\/2021\/08\/image-6.gif\" alt=\"Klimaforscher Hans Joachim Schellnhuber\" class=\"wp-image-9402\"\/><\/figure>\n<div id=\"ez-toc-container\" class=\"ez-toc-v2_0_82_2 counter-hierarchy ez-toc-counter ez-toc-transparent ez-toc-container-direction\">\n<div class=\"ez-toc-title-container\">\n<p class=\"ez-toc-title\" style=\"cursor:inherit\">Inhalte dieser Seite :<\/p>\n<span class=\"ez-toc-title-toggle\"><a href=\"#\" class=\"ez-toc-pull-right ez-toc-btn ez-toc-btn-xs ez-toc-btn-default ez-toc-toggle\" aria-label=\"Toggle Table of Content\"><span class=\"ez-toc-js-icon-con\"><span class=\"\"><span class=\"eztoc-hide\" style=\"display:none;\">Toggle<\/span><span class=\"ez-toc-icon-toggle-span\"><svg style=\"fill: #999;color:#999\" xmlns=\"http:\/\/www.w3.org\/2000\/svg\" class=\"list-377408\" width=\"20px\" height=\"20px\" viewBox=\"0 0 24 24\" fill=\"none\"><path d=\"M6 6H4v2h2V6zm14 0H8v2h12V6zM4 11h2v2H4v-2zm16 0H8v2h12v-2zM4 16h2v2H4v-2zm16 0H8v2h12v-2z\" fill=\"currentColor\"><\/path><\/svg><svg style=\"fill: #999;color:#999\" class=\"arrow-unsorted-368013\" xmlns=\"http:\/\/www.w3.org\/2000\/svg\" width=\"10px\" height=\"10px\" viewBox=\"0 0 24 24\" version=\"1.2\" baseProfile=\"tiny\"><path d=\"M18.2 9.3l-6.2-6.3-6.2 6.3c-.2.2-.3.4-.3.7s.1.5.3.7c.2.2.4.3.7.3h11c.3 0 .5-.1.7-.3.2-.2.3-.5.3-.7s-.1-.5-.3-.7zM5.8 14.7l6.2 6.3 6.2-6.3c.2-.2.3-.5.3-.7s-.1-.5-.3-.7c-.2-.2-.4-.3-.7-.3h-11c-.3 0-.5.1-.7.3-.2.2-.3.5-.3.7s.1.5.3.7z\"\/><\/svg><\/span><\/span><\/span><\/a><\/span><\/div>\n<nav><ul class='ez-toc-list ez-toc-list-level-1 eztoc-toggle-hide-by-default' ><li class='ez-toc-page-1 ez-toc-heading-level-2'><a class=\"ez-toc-link ez-toc-heading-1\" href=\"https:\/\/boklima.de\/?p=9395\/#Mehr_zum_Thema\" >Mehr zum Thema<\/a><ul class='ez-toc-list-level-3' ><li class='ez-toc-heading-level-3'><a class=\"ez-toc-link ez-toc-heading-2\" href=\"https:\/\/boklima.de\/?p=9395\/#Terra_X_%E2%80%93_Faszination_Erde_Artenschutz\" >Terra X &#8211; Faszination Erde: Artenschutz&nbsp;<\/a><\/li><li class='ez-toc-page-1 ez-toc-heading-level-3'><a class=\"ez-toc-link ez-toc-heading-3\" href=\"https:\/\/boklima.de\/?p=9395\/#Terra_X_%E2%80%93_Entwicklung_der_Artenvielfalt_auf_der_Erde\" >Terra X &#8211; Entwicklung der Artenvielfalt auf der Erde&nbsp;<\/a><\/li><li class='ez-toc-page-1 ez-toc-heading-level-3'><a class=\"ez-toc-link ez-toc-heading-4\" href=\"https:\/\/boklima.de\/?p=9395\/#Terra_X_%E2%80%93_Artensterben_im_Wandel_der_Zeit\" >Terra X &#8211; Artensterben im Wandel der Zeit&nbsp;<\/a><\/li><li class='ez-toc-page-1 ez-toc-heading-level-3'><a class=\"ez-toc-link ez-toc-heading-5\" href=\"https:\/\/boklima.de\/?p=9395\/#Terra_X_%E2%80%93_Entwicklung_der_Artenvielfalt_auf_der_Erde-2\" >Terra X &#8211; Entwicklung der Artenvielfalt auf der Erde&nbsp;<\/a><\/li><li class='ez-toc-page-1 ez-toc-heading-level-3'><a class=\"ez-toc-link ez-toc-heading-6\" href=\"https:\/\/boklima.de\/?p=9395\/#%E2%80%9CDas_groesste_Artensterben_seit_dem_Verschwinden_der_Dinosaurier%E2%80%9D\" >&#8220;Das gr\u00f6\u00dfte Artensterben seit dem Verschwinden der Dinosaurier&#8221;<\/a><\/li><li class='ez-toc-page-1 ez-toc-heading-level-3'><a class=\"ez-toc-link ez-toc-heading-7\" href=\"https:\/\/boklima.de\/?p=9395\/#Terra_X_%E2%80%93_Anthropozaen_%E2%80%93_Das_Zeitalter_des_Menschen\" >Terra X &#8211; Anthropoz\u00e4n \u2013 Das Zeitalter des Menschen&nbsp;<\/a><\/li><li class='ez-toc-page-1 ez-toc-heading-level-3'><a class=\"ez-toc-link ez-toc-heading-8\" href=\"https:\/\/boklima.de\/?p=9395\/#Ueberfischung_Vergiftung_und_Klimawandel_als_Hauptgruende\" >\u00dcberfischung, Vergiftung und Klimawandel als Hauptgr\u00fcnde<\/a><\/li><li class='ez-toc-page-1 ez-toc-heading-level-3'><a class=\"ez-toc-link ez-toc-heading-9\" href=\"https:\/\/boklima.de\/?p=9395\/#Terra_X_%E2%80%93_Artensterben_im_Wandel_der_Zeit-2\" >Terra X &#8211; Artensterben im Wandel der Zeit&nbsp;<\/a><\/li><li class='ez-toc-page-1 ez-toc-heading-level-3'><a class=\"ez-toc-link ez-toc-heading-10\" href=\"https:\/\/boklima.de\/?p=9395\/#Terra_X_%E2%80%93_%E2%80%9CNormal_schmeckt_schal%E2%80%9D_Fragen_an_Maja_Goepel\" >Terra X &#8211; &#8220;Normal schmeckt schal&#8221; Fragen an Maja G\u00f6pel&nbsp;<\/a><\/li><li class='ez-toc-page-1 ez-toc-heading-level-3'><a class=\"ez-toc-link ez-toc-heading-11\" href=\"https:\/\/boklima.de\/?p=9395\/#Die_naechste_Pandemie_kommt_bestimmt\" >Die n\u00e4chste Pandemie kommt bestimmt<\/a><\/li><\/ul><\/li><li class='ez-toc-page-1 ez-toc-heading-level-2'><a class=\"ez-toc-link ez-toc-heading-12\" href=\"https:\/\/boklima.de\/?p=9395\/#Thema_Klima\" >Thema Klima<\/a><ul class='ez-toc-list-level-3' ><li class='ez-toc-heading-level-3'><a class=\"ez-toc-link ez-toc-heading-13\" href=\"https:\/\/boklima.de\/?p=9395\/#Terra_X_%E2%80%93_Klimawandel_und_Klimaforschung\" >Terra X &#8211; Klimawandel und Klimaforschung&nbsp;<\/a><\/li><li class='ez-toc-page-1 ez-toc-heading-level-3'><a class=\"ez-toc-link ez-toc-heading-14\" href=\"https:\/\/boklima.de\/?p=9395\/#Leschs_Kosmos_%E2%80%93_Klima_im_Wandel_%E2%80%93_Keiner_stirbt_fuer_sich_%E2%80%A6\" >Leschs Kosmos &#8211; Klima im Wandel &#8211; Keiner stirbt f\u00fcr sich \u2026&nbsp;<\/a><\/li><li class='ez-toc-page-1 ez-toc-heading-level-3'><a class=\"ez-toc-link ez-toc-heading-15\" href=\"https:\/\/boklima.de\/?p=9395\/#Terra_X_%E2%80%93_Schulstunde_zum_Klimawandel_mit_Harald_Lesch\" >Terra X &#8211; Schulstunde zum Klimawandel mit Harald Lesch&nbsp;<\/a><\/li><li class='ez-toc-page-1 ez-toc-heading-level-3'><a class=\"ez-toc-link ez-toc-heading-16\" href=\"https:\/\/boklima.de\/?p=9395\/#Terra_X_%E2%80%93_Wetter_und_aktuelle_Klimaforschung\" >Terra X &#8211; Wetter und aktuelle Klimaforschung&nbsp;<\/a><\/li><li class='ez-toc-page-1 ez-toc-heading-level-3'><a class=\"ez-toc-link ez-toc-heading-17\" href=\"https:\/\/boklima.de\/?p=9395\/#Terra_X_%E2%80%93_%E2%80%9CKlimaschutz_ist_auch_Tierschutz%E2%80%9D\" >Terra X &#8211; &#8220;Klimaschutz ist auch Tierschutz&#8221;&nbsp;<\/a><\/li><\/ul><\/li><\/ul><\/nav><\/div>\n","protected":false},"excerpt":{"rendered":"<p>(04.07.21, zdf ), Original : hier In der Gegenwart sterben hundert Mal mehr Arten aus als bei einer nat\u00fcrlichen, evolutionsbedingten Rate zu erwarten w\u00e4re. Seitdem Menschen auf der Erde existieren, befand sich die Natur noch nie in einem derart schlechten Zustand wie heute. 43 min 43 min 04.07.2021 04.07.2021 UT UT Verf\u00fcgbarkeit: Video verf\u00fcgbar bis &hellip; <a href=\"https:\/\/boklima.de\/?p=9395\" class=\"more-link\"><span class=\"screen-reader-text\">\u201eArtensterben &#8211; die Fakten (Terra X)\u201c <\/span>weiterlesen<\/a><\/p>\n","protected":false},"author":8,"featured_media":0,"comment_status":"closed","ping_status":"closed","sticky":false,"template":"","format":"standard","meta":{"ngg_post_thumbnail":0,"footnotes":"","_share_on_mastodon":"0"},"categories":[157,104],"tags":[],"class_list":["post-9395","post","type-post","status-publish","format-standard","hentry","category-relevant-klimanews","category-oeffentlich-fuer-alle-site-besucher-lesbar"],"share_on_mastodon":{"url":"","error":""},"rttpg_featured_image_url":null,"rttpg_author":{"display_name":"thomas","author_link":"https:\/\/boklima.de\/?author=8"},"rttpg_comment":0,"rttpg_category":"<a href=\"https:\/\/boklima.de\/?cat=157\" rel=\"category\">relevant-KlimaNews<\/a> <a href=\"https:\/\/boklima.de\/?cat=104\" rel=\"category\">\u00f6ffentlich (f\u00fcr alle lesbar)<\/a>","rttpg_excerpt":"(04.07.21, zdf ), Original : hier In der Gegenwart sterben hundert Mal mehr Arten aus als bei einer nat\u00fcrlichen, evolutionsbedingten Rate zu erwarten w\u00e4re. Seitdem Menschen auf der Erde existieren, befand sich die Natur noch nie in einem derart schlechten Zustand wie heute. 43 min 43 min 04.07.2021 04.07.2021 UT UT Verf\u00fcgbarkeit: Video verf\u00fcgbar bis&hellip;","_links":{"self":[{"href":"https:\/\/boklima.de\/index.php?rest_route=\/wp\/v2\/posts\/9395","targetHints":{"allow":["GET"]}}],"collection":[{"href":"https:\/\/boklima.de\/index.php?rest_route=\/wp\/v2\/posts"}],"about":[{"href":"https:\/\/boklima.de\/index.php?rest_route=\/wp\/v2\/types\/post"}],"author":[{"embeddable":true,"href":"https:\/\/boklima.de\/index.php?rest_route=\/wp\/v2\/users\/8"}],"replies":[{"embeddable":true,"href":"https:\/\/boklima.de\/index.php?rest_route=%2Fwp%2Fv2%2Fcomments&post=9395"}],"version-history":[{"count":2,"href":"https:\/\/boklima.de\/index.php?rest_route=\/wp\/v2\/posts\/9395\/revisions"}],"predecessor-version":[{"id":9416,"href":"https:\/\/boklima.de\/index.php?rest_route=\/wp\/v2\/posts\/9395\/revisions\/9416"}],"wp:attachment":[{"href":"https:\/\/boklima.de\/index.php?rest_route=%2Fwp%2Fv2%2Fmedia&parent=9395"}],"wp:term":[{"taxonomy":"category","embeddable":true,"href":"https:\/\/boklima.de\/index.php?rest_route=%2Fwp%2Fv2%2Fcategories&post=9395"},{"taxonomy":"post_tag","embeddable":true,"href":"https:\/\/boklima.de\/index.php?rest_route=%2Fwp%2Fv2%2Ftags&post=9395"}],"curies":[{"name":"wp","href":"https:\/\/api.w.org\/{rel}","templated":true}]}}