{"id":9393,"date":"2021-08-18T16:25:33","date_gmt":"2021-08-18T14:25:33","guid":{"rendered":"https:\/\/boklima.de\/?p=9393"},"modified":"2021-08-18T16:25:36","modified_gmt":"2021-08-18T14:25:36","slug":"klimaschutz-aktivismus-gesellschaft-in-transformation-von-phase-1-einiges-erreicht-zu-phase-2-grundlegende-gestaltung-gemeindehaus-stiepeler-dorfkirche","status":"publish","type":"post","link":"https:\/\/boklima.de\/?p=9393","title":{"rendered":"Klimaschutz-Aktivismus &#038; Gesellschaft in Transformation: Von Phase 1: \u201eEiniges Erreicht\u201c zu Phase 2: \u201eGrundlegende Gestaltung\u201c (Gemeindehaus Stiepeler Dorfkirche)"},"content":{"rendered":"\n\n\n<p>Gemeindehaus der Stiepeler Dorfkirche, Gr\u00e4fin-Imma-Stra\u00dfe 211, 44797 Bochum &amp; &#8220;Vereinigte Pfingstblume&#8221;, Brockhauser Str. 126, 44797 Bochum Impulsvortrag und Forum: Lino Zeddies, Team Reinventing Society<\/p>\n\n\n\n<h2 class=\"wp-block-heading\"><span class=\"ez-toc-section\" id=\"Klimaschutz-Aktivismus_Gesellschaft_in_Transformation_Von_Phase_1_%E2%80%9EEiniges_Erreicht%E2%80%9C_zu_Phase_2_%E2%80%9EGrundlegende_Gestaltung%E2%80%9C\"><\/span>Klimaschutz-Aktivismus &amp; Gesellschaft in Transformation: Von Phase 1: \u201eEiniges Erreicht\u201c zu Phase 2: \u201eGrundlegende Gestaltung\u201c<span class=\"ez-toc-section-end\"><\/span><\/h2>\n\n\n\n<h2 class=\"wp-block-heading\"><span class=\"ez-toc-section\" id=\"Vortrag_Arbeitsrunden_Schlussplenum\"><\/span><small>Vortrag, Arbeitsrunden, Schlussplenum<\/small><span class=\"ez-toc-section-end\"><\/span><\/h2>\n\n\n\n<p>Graswurzelbewegungen im Klimaschutz haben bereits etwas erreicht. <\/p>\n\n\n\n<p>In Gesellschaft, Wirtschaft, Kirche und Politik werden erste Forderungen umgesetzt, wenngleich (zu) langsam. &nbsp; <\/p>\n\n\n\n<p>Wie k\u00f6nnte auf der lokalen Ebene mit diesen ersten Ver\u00e4nderungen weitergearbeitet werden? <\/p>\n\n\n\n<p>Wie k\u00f6nnen sie in eine gesamtgesellschaftliche Entwicklung umgesetzt werden? <\/p>\n\n\n\n<p>Welche Konzepte, Werte und Praktiken bieten Orientierungen f\u00fcr gemeinsames Handeln in einer gro\u00dfen Klimabewegung? Welche Inhalte m\u00fcssten weitergedacht werden? &nbsp; <\/p>\n\n\n\n<p>Der Impulsvortrag von Lino Zeddies aus dem Team <em>Reinventing Society <\/em>er\u00f6ffnet hierzu gedankliche R\u00e4ume f\u00fcr die dann folgenden Erkundungsgespr\u00e4che in Arbeitsrunden. &nbsp; Wir laden die Teilnehmer und Teilnehmerinnen ein, Erfahrungen und Ideen auszutauschen und die Grundlagen zum Weiter- und Neudenken zu legen. Diese Erkundungsgespr\u00e4che sind bewusst nicht darauf angelegt, Ergebnisse zu liefern, sie sind aber ergebnisfreundlich. &nbsp; <\/p>\n\n\n\n<p>Im Schlussplenum k\u00f6nnen die Arbeitsrunden ihre Erkenntnisse und Pl\u00e4ne vorstellen, untereinander und mit Lino Zeddies diskutieren. Impulse aus diesem Plenum wollen wir in einer weiteren Veranstaltung aufgreifen. Angedacht sind auch Vortr\u00e4ge in der Reihe <em>Fremde Gedanken<\/em>, die sich mit dem Verst\u00e4ndnis von \u201eNatur\u201c in anderen Kulturen besch\u00e4ftigen. &nbsp; <\/p>\n\n\n\n<h2 class=\"wp-block-heading\"><span class=\"ez-toc-section\" id=\"Ablauf\"><\/span><strong>Ablauf<\/strong> <span class=\"ez-toc-section-end\"><\/span><\/h2>\n\n\n\n<ul class=\"wp-block-list\"><li>10.00 Willkommen und Einf\u00fchrung <\/li><li>10.15 &#8211; 11.45 Impulsvortrag mit Diskussion: Lino Zeddies von <em>Reinventing Society<\/em> <\/li><li>11.45 &#8211; 12.15 Pause, zwei der Arbeitsgruppen gehen zur &#8220;Pfingstblume&#8221; <\/li><li>12.15 &#8211; 13.30 Arbeitsgruppen <\/li><li>13.30 &#8211; 14.00 Pause <\/li><li>14.00 &#8211; 15.30 Arbeitsgruppen <\/li><li>15.30 &#8211; 16.00 Pause, &#8220;Pfingstblume&#8221; Arbeitsgruppen gehen zum Gemeindehaus <\/li><li>16.00 &#8211; 17.15 Forum mit Berichten aus den Arbeitsgruppen; Gespr\u00e4ch mit Lino Zeddies &nbsp; <\/li><\/ul>\n\n\n\n<h2 class=\"wp-block-heading\"><span class=\"ez-toc-section\" id=\"Veranstalter\"><\/span>Veranstalter<span class=\"ez-toc-section-end\"><\/span><\/h2>\n\n\n\n<p>Eine Veranstaltung der Ev. Stadtakademie Bochum e.V. in Kooperation mit der GLS Treuhand und Extinction Rebellion Bochum.<\/p>\n\n\n\n<h2 class=\"wp-block-heading\"><span class=\"ez-toc-section\" id=\"Vortrag_Lino_Zeddies\"><\/span>Vortrag Lino Zeddies<span class=\"ez-toc-section-end\"><\/span><\/h2>\n\n\n\n<div class=\"wp-block-image\"><figure class=\"alignleft is-resized\"><img loading=\"lazy\" decoding=\"async\" src=\"https:\/\/www.solvecon-api.de\/uploads\/stadtdby\/seminare_imgs\/7505\/7505-1.jpg\" alt=\"\" width=\"100\" height=\"66\"\/><\/figure><\/div>\n\n\n\n<p>Lino Zeddies ist Berater f\u00fcr Transformation, Selbstorganisation und Utopieentwicklung bei <em>Reinventing Society &#8211; Zentrum f\u00fcr Realutopien<\/em>. <\/p>\n\n\n\n<p>Nach Lebensstationen als Pluraler \u00d6konom, Geldreformer und Coach in denen er sich ntensiv mit gesellschaftlicher und innerer Transformation auseinandersetzte, ist sein Wirken auf integrale Gesellschaftsentwicklung ausgerichtet. Im April 2020 hat er das Buch &#8220;Utopia 2048&#8221; ver\u00f6ffentlicht, in dem er die zahlreichen kleinen und gro\u00dfen L\u00f6sungen f\u00fcr eine sch\u00f6nere Welt erz\u00e4hlerisch zusammenf\u00fcgt. <em>Reinventing Society<\/em> ist ein gemeinn\u00fctziger und unabh\u00e4ngiger Think-and-Do Tank, der Ende 2020 gegr\u00fcndet wurde, um gesellschaftliche Utopien eines guten Lebens innerhalb der planetaren Grenzen zu entwickeln und Menschen zu bef\u00e4higen, die eigenen und systemischen Zukunftspotenziale zu verwirklichen. <\/p>\n\n\n\n<p>Dazu schaffen wir utopische Erfahrungsr\u00e4ume, in denen w\u00fcnschenswerte Zuk\u00fcnfte mit neuen Logiken f\u00fchlbar werden und Lust entsteht, Zukunft aktiv zu gestalten. <\/p>\n\n\n\n<p>Mehr Infos und Newsletter: <a href=\"https:\/\/www.realutopien.de\">https:\/\/www.realutopien.de<\/a><\/p>\n\n\n\n<div class=\"wp-block-group\"><div class=\"wp-block-group__inner-container is-layout-flow wp-block-group-is-layout-flow\">\n<div class=\"wp-block-group\"><div class=\"wp-block-group__inner-container is-layout-flow wp-block-group-is-layout-flow\">\n<figure class=\"wp-block-table\"><table><tbody><tr><td>Kosten<\/td><td>Eine Veranstaltung der Ev. Stadtakademie Bochum in Kooperation mit der GLS Treuhand und XR Bochum. &nbsp; Eine Anmeldung ist erforderlich: office.stadtakademie@kk-ekvw.de; 0234 962904-661.Der Eintritt ist frei. Wir sorgen f\u00fcr Getr\u00e4nke. Bitte bringen Sie sich selbst ihre Brotzeit mit. &nbsp;<\/td><\/tr><tr><td>Termine<\/td><td>11.09.2021 10:00 &#8211; 17:15 Uhr<\/td><\/tr><\/tbody><\/table><\/figure>\n<\/div><\/div>\n<\/div><\/div>\n\n\n\n\n\n\n\n\n\n\n<div id=\"ez-toc-container\" class=\"ez-toc-v2_0_82_2 counter-hierarchy ez-toc-counter ez-toc-transparent ez-toc-container-direction\">\n<div class=\"ez-toc-title-container\">\n<p class=\"ez-toc-title\" style=\"cursor:inherit\">Inhalte dieser Seite :<\/p>\n<span class=\"ez-toc-title-toggle\"><a href=\"#\" class=\"ez-toc-pull-right ez-toc-btn ez-toc-btn-xs ez-toc-btn-default ez-toc-toggle\" aria-label=\"Toggle Table of Content\"><span class=\"ez-toc-js-icon-con\"><span class=\"\"><span class=\"eztoc-hide\" style=\"display:none;\">Toggle<\/span><span class=\"ez-toc-icon-toggle-span\"><svg style=\"fill: #999;color:#999\" xmlns=\"http:\/\/www.w3.org\/2000\/svg\" class=\"list-377408\" width=\"20px\" height=\"20px\" viewBox=\"0 0 24 24\" fill=\"none\"><path d=\"M6 6H4v2h2V6zm14 0H8v2h12V6zM4 11h2v2H4v-2zm16 0H8v2h12v-2zM4 16h2v2H4v-2zm16 0H8v2h12v-2z\" fill=\"currentColor\"><\/path><\/svg><svg style=\"fill: #999;color:#999\" class=\"arrow-unsorted-368013\" xmlns=\"http:\/\/www.w3.org\/2000\/svg\" width=\"10px\" height=\"10px\" viewBox=\"0 0 24 24\" version=\"1.2\" baseProfile=\"tiny\"><path d=\"M18.2 9.3l-6.2-6.3-6.2 6.3c-.2.2-.3.4-.3.7s.1.5.3.7c.2.2.4.3.7.3h11c.3 0 .5-.1.7-.3.2-.2.3-.5.3-.7s-.1-.5-.3-.7zM5.8 14.7l6.2 6.3 6.2-6.3c.2-.2.3-.5.3-.7s-.1-.5-.3-.7c-.2-.2-.4-.3-.7-.3h-11c-.3 0-.5.1-.7.3-.2.2-.3.5-.3.7s.1.5.3.7z\"\/><\/svg><\/span><\/span><\/span><\/a><\/span><\/div>\n<nav><ul class='ez-toc-list ez-toc-list-level-1 eztoc-toggle-hide-by-default' ><li class='ez-toc-page-1 ez-toc-heading-level-2'><a class=\"ez-toc-link ez-toc-heading-1\" href=\"https:\/\/boklima.de\/?p=9393\/#Klimaschutz-Aktivismus_Gesellschaft_in_Transformation_Von_Phase_1_%E2%80%9EEiniges_Erreicht%E2%80%9C_zu_Phase_2_%E2%80%9EGrundlegende_Gestaltung%E2%80%9C\" >Klimaschutz-Aktivismus &amp; Gesellschaft in Transformation: Von Phase 1: \u201eEiniges Erreicht\u201c zu Phase 2: \u201eGrundlegende Gestaltung\u201c<\/a><\/li><li class='ez-toc-page-1 ez-toc-heading-level-2'><a class=\"ez-toc-link ez-toc-heading-2\" href=\"https:\/\/boklima.de\/?p=9393\/#Vortrag_Arbeitsrunden_Schlussplenum\" >Vortrag, Arbeitsrunden, Schlussplenum<\/a><\/li><li class='ez-toc-page-1 ez-toc-heading-level-2'><a class=\"ez-toc-link ez-toc-heading-3\" href=\"https:\/\/boklima.de\/?p=9393\/#Ablauf\" >Ablauf<\/a><\/li><li class='ez-toc-page-1 ez-toc-heading-level-2'><a class=\"ez-toc-link ez-toc-heading-4\" href=\"https:\/\/boklima.de\/?p=9393\/#Veranstalter\" >Veranstalter<\/a><\/li><li class='ez-toc-page-1 ez-toc-heading-level-2'><a class=\"ez-toc-link ez-toc-heading-5\" href=\"https:\/\/boklima.de\/?p=9393\/#Vortrag_Lino_Zeddies\" >Vortrag Lino Zeddies<\/a><\/li><\/ul><\/nav><\/div>\n","protected":false},"excerpt":{"rendered":"<p>Gemeindehaus der Stiepeler Dorfkirche, Gr\u00e4fin-Imma-Stra\u00dfe 211, 44797 Bochum &amp; &#8220;Vereinigte Pfingstblume&#8221;, Brockhauser Str. 126, 44797 Bochum Impulsvortrag und Forum: Lino Zeddies, Team Reinventing Society Klimaschutz-Aktivismus &amp; Gesellschaft in Transformation: Von Phase 1: \u201eEiniges Erreicht\u201c zu Phase 2: \u201eGrundlegende Gestaltung\u201c Vortrag, Arbeitsrunden, Schlussplenum Graswurzelbewegungen im Klimaschutz haben bereits etwas erreicht. In Gesellschaft, Wirtschaft, Kirche und Politik &hellip; <a href=\"https:\/\/boklima.de\/?p=9393\" class=\"more-link\"><span class=\"screen-reader-text\">\u201eKlimaschutz-Aktivismus &#038; Gesellschaft in Transformation: Von Phase 1: \u201eEiniges Erreicht\u201c zu Phase 2: \u201eGrundlegende Gestaltung\u201c (Gemeindehaus Stiepeler Dorfkirche)\u201c <\/span>weiterlesen<\/a><\/p>\n","protected":false},"author":8,"featured_media":0,"comment_status":"open","ping_status":"open","sticky":false,"template":"","format":"standard","meta":{"ngg_post_thumbnail":0,"footnotes":"","_share_on_mastodon":"0"},"categories":[1],"tags":[],"class_list":["post-9393","post","type-post","status-publish","format-standard","hentry","category-uncategorized"],"share_on_mastodon":{"url":"","error":""},"rttpg_featured_image_url":null,"rttpg_author":{"display_name":"thomas","author_link":"https:\/\/boklima.de\/?author=8"},"rttpg_comment":0,"rttpg_category":"<a href=\"https:\/\/boklima.de\/?cat=1\" rel=\"category\">Uncategorized<\/a>","rttpg_excerpt":"Gemeindehaus der Stiepeler Dorfkirche, Gr\u00e4fin-Imma-Stra\u00dfe 211, 44797 Bochum &amp; &#8220;Vereinigte Pfingstblume&#8221;, Brockhauser Str. 126, 44797 Bochum Impulsvortrag und Forum: Lino Zeddies, Team Reinventing Society Klimaschutz-Aktivismus &amp; Gesellschaft in Transformation: Von Phase 1: \u201eEiniges Erreicht\u201c zu Phase 2: \u201eGrundlegende Gestaltung\u201c Vortrag, Arbeitsrunden, Schlussplenum Graswurzelbewegungen im Klimaschutz haben bereits etwas erreicht. In Gesellschaft, Wirtschaft, Kirche und Politik&hellip;","_links":{"self":[{"href":"https:\/\/boklima.de\/index.php?rest_route=\/wp\/v2\/posts\/9393","targetHints":{"allow":["GET"]}}],"collection":[{"href":"https:\/\/boklima.de\/index.php?rest_route=\/wp\/v2\/posts"}],"about":[{"href":"https:\/\/boklima.de\/index.php?rest_route=\/wp\/v2\/types\/post"}],"author":[{"embeddable":true,"href":"https:\/\/boklima.de\/index.php?rest_route=\/wp\/v2\/users\/8"}],"replies":[{"embeddable":true,"href":"https:\/\/boklima.de\/index.php?rest_route=%2Fwp%2Fv2%2Fcomments&post=9393"}],"version-history":[{"count":1,"href":"https:\/\/boklima.de\/index.php?rest_route=\/wp\/v2\/posts\/9393\/revisions"}],"predecessor-version":[{"id":9394,"href":"https:\/\/boklima.de\/index.php?rest_route=\/wp\/v2\/posts\/9393\/revisions\/9394"}],"wp:attachment":[{"href":"https:\/\/boklima.de\/index.php?rest_route=%2Fwp%2Fv2%2Fmedia&parent=9393"}],"wp:term":[{"taxonomy":"category","embeddable":true,"href":"https:\/\/boklima.de\/index.php?rest_route=%2Fwp%2Fv2%2Fcategories&post=9393"},{"taxonomy":"post_tag","embeddable":true,"href":"https:\/\/boklima.de\/index.php?rest_route=%2Fwp%2Fv2%2Ftags&post=9393"}],"curies":[{"name":"wp","href":"https:\/\/api.w.org\/{rel}","templated":true}]}}