{"id":9194,"date":"2021-08-01T12:11:29","date_gmt":"2021-08-01T10:11:29","guid":{"rendered":"https:\/\/boklima.de\/?p=9194"},"modified":"2021-08-01T12:11:30","modified_gmt":"2021-08-01T10:11:30","slug":"foerster-zur-flutkatastrophe-dass-unsere-umwelt-ganz-schoen-kaputt-ist-sehe-ich-jeden-tag","status":"publish","type":"post","link":"https:\/\/boklima.de\/?p=9194","title":{"rendered":"F\u00f6rster zur Flutkatastrophe \u00bbDass unsere Umwelt ganz sch\u00f6n kaputt ist, sehe ich jeden Tag\u00ab"},"content":{"rendered":"\n<p>(25.07.21, spiegel &#8211; panorama), Original : <a href=\"https:\/\/www.spiegel.de\/panorama\/gesellschaft\/foerster-zur-flut-katastrophe-unsere-umwelt-ist-ganz-schoen-kaputt-a-ab600ed1-5c66-45da-8ddd-b87fcc9707ee?utm_source=pocket-newtab-global-de-DE\" target=\"_blank\" rel=\"noreferrer noopener\">hier<\/a> <\/p>\n\n\n\n<p>Das Hochwasser an der Ahr wurde durch Sch\u00e4den im Wald versch\u00e4rft \u2013 und wird der Natur am Fluss schaden. Ein Revierf\u00f6rster fordert zum Umdenken auf. Aus dem Ahrtal berichtet  <a href=\"https:\/\/www.spiegel.de\/impressum\/autor-174a8660-0001-0003-0000-000000001776\" target=\"_blank\" rel=\"noreferrer noopener\">Jan Friedmann<\/a> <a href=\"https:\/\/www.facebook.com\/share.php?u=https%3A%2F%2Fwww.spiegel.de%2Fpanorama%2Fgesellschaft%2Ffoerster-zur-flut-katastrophe-unsere-umwelt-ist-ganz-schoen-kaputt-a-ab600ed1-5c66-45da-8ddd-b87fcc9707ee&amp;t=F%C3%B6rster+zur+Flutkatastrophe%3A+%C2%BBDass+unsere+Umwelt+ganz+sch%C3%B6n+kaputt+ist%2C+sehe+ich+jeden+Tag%C2%AB\"> <\/a><\/p>\n\n\n\n<p>Der F\u00f6rster Jens Willen ist Opfer und Experte zugleich, eine seltene Kombination im Katastrophenfall. Willen hat sein Revier in Reifferscheid in der Eifel. Sein Haus steht hingegen unten im Ahrtal in Schuld. Das ist der kleine Ort am Oberlauf des Flusses, der teilweise zerst\u00f6rt wurde und <a href=\"https:\/\/www.spiegel.de\/politik\/deutschland\/hochwasser-katastrophe-schulds-buergermeister-lussi-bei-merkel-besuch-den-traenen-nahe-a-24b38cb4-1825-428a-9cef-7107d5114160\" target=\"_blank\" rel=\"noreferrer noopener\">den Bundeskanzlerin Angela Merkel besuchte<\/a>.<\/p>\n\n\n\n<p>Die Bundeskanzlerin und ihr Tross beschr\u00e4nkten sich bei ihrem Rundgang auf den Ortskern, wo die Aufr\u00e4umarbeiten schon weit fortgeschritten sind. Wer zu Jens Willen m\u00f6chte, muss ein St\u00fcck am Fluss entlanggehen, wo entwurzelte B\u00e4ume und K\u00fchlschr\u00e4nke liegen, in den B\u00f6schungen D\u00e4mmplatten und Teile von Wohnwagen.<\/p>\n\n\n\n<p>In dem letzten Abschnitt der Hauptstra\u00dfe geht es \u00fcber einen Haufen aus Treibholz; darin liegt, in Plastik verpackt, eine Portion Schweinegulasch. Weiter \u00fcber bizarr zerrissene Zacken von Asphalt, ein Bach hat sie in die Stra\u00dfe gerissen.<\/p>\n\n\n\n<p>F\u00f6rster Willen sieht die Flut auch als Umweltkatastrophe \u2013 in ihrem Hergang und ihren Folgen.<\/p>\n\n\n\n<p>Es ist eine Perspektive, die wohl immer st\u00e4rker in den Blick r\u00fccken wird. Zurzeit dominieren noch das allgegenw\u00e4rtige menschliche Leid, die pers\u00f6nlichen Katastrophen. \u00dcberall entlang des Flusses, in Schuld wie in anderen Orten, r\u00e4umen die Menschen auf; sie retten, was zu retten ist, und sie trauern um die Toten aus der Nachbarschaft.<\/p>\n\n\n\n<p>Auch Willen, 61, reinigt mit Freunden und Kollegen das Untergeschoss seines Hauses. Dort unterhielt er auch sein Forstb\u00fcro und bewahrte wertvolle Maschinen f\u00fcr den Wald auf, die jetzt kaputt sind. Das Treibgut in seinem Garten hat selbst er, der mit Motors\u00e4gen erfahren ist, noch nicht auseinanderbekommen.<\/p>\n\n\n\n<h3 class=\"wp-block-heading\"><span class=\"ez-toc-section\" id=\"Der_kranke_Wald\"><\/span>Der kranke Wald<span class=\"ez-toc-section-end\"><\/span><\/h3>\n\n\n\n<p>In einer Pause berichtet er davon, was er \u00fcber die Ursache und die Folgen des Hochwassers denkt, das den Fluss in sein Haus brachte. \u00bbDass unsere Umwelt ganz sch\u00f6n kaputt ist, das sehe ich jeden Tag, wenn ich arbeite\u00ab, erz\u00e4hlt der Forstamtmann. \u00bbJeden Tag sehe ich kranke B\u00e4ume, und meine Aufgabe als F\u00f6rster ist es, diese kranken B\u00e4ume zu entfernen.\u00ab<a href=\"https:\/\/www.spiegel.de\/thema\/klimawandel\/?sara_icid=dirl_own_Zp6LGJdlZT5Acg0vLw0yjH3KHgNlCD\" target=\"_blank\" rel=\"noreferrer noopener\"> <\/a><\/p>\n\n\n\n<p><\/p>\n\n\n\n<p>Er sieht einen Zusammenhang zur Flut: Ein trockener, kranker, gelichteter Wald nehme das Wasser nicht mehr so gut auf. Das gelte vor allem dann, wenn er \u2013&nbsp;wie rund um die Ahr \u2013&nbsp;weitgehend auf Steilh\u00e4nge beschr\u00e4nkt sei, mit Freifl\u00e4chen oben auf den Kuppen. Von dort schoss das Wasser kaum gebremst in Seitent\u00e4ler und von dort in die Ahr, die Region weist gro\u00dfe H\u00f6henunterschiede auf.<\/p>\n\n\n\n<p>Willen ist schon seit vielen Jahren Revierf\u00f6rster. Er hat beobachtet, wie sich der Zustand des Waldes in den vergangenen Jahren verschlechtert hat \u2013 durch Hitze, Trockenheit und wiederkehrende Unwetter. \u00bbDie Geschwindigkeit der Wetterwechsel ist immens\u00ab, sagt er, das schw\u00e4che die B\u00e4ume.<\/p>\n\n\n\n<p>Selbst Best\u00e4nde hundertj\u00e4hriger Eichen lichteten sich, ganz von selbst. Er halte sich zur\u00fcck, dort zus\u00e4tzlich Holz zu schlagen: \u00bbDa habe ich seit 25 Jahren keine Axt mehr dran gehabt.\u00ab Auch in den anderen Fl\u00e4chen: absterbende B\u00e4ume. \u00bbBuchen, Ahorn und ganz klar die Nadelb\u00e4ume, Kiefer, L\u00e4rche, Fichte\u00ab, alle Arten seien betroffen. \u00bbDie einheimischen Baumarten k\u00f6nnen sehr viel ab, aber ob es auf Dauer reicht, bin ich mir nicht sicher\u00ab, sagt Willen.<\/p>\n\n\n\n<p>H\u00e4tte ein anderer Wald die Katastrophe verhindern k\u00f6nnen? Mancher Experte glaubt das nicht, weil die Wassermasse schlicht extrem gro\u00df war. In einem aber ist sich Willen sicher: dass ein langfristiges Umdenken notwendig ist, auch in der Region. \u00bbIch denke nicht an meinen Beruf, ich denke vor allem an meine Kinder und Enkel.\u00ab Es gelte, l\u00e4ngerfristig CO\u2082 einzusparen und die Intensivlandwirtschaft zu beschr\u00e4nken. <\/p>\n\n\n\n<h3 class=\"wp-block-heading\"><span class=\"ez-toc-section\" id=\"Warnung_vor_Schadstoffen\"><\/span>Warnung vor Schadstoffen<span class=\"ez-toc-section-end\"><\/span><\/h3>\n\n\n\n<p>Zu den langfristigen Problemen tritt nun ein neues, vor allem unten im Tal. \u00bbDie ganze Gew\u00e4sser\u00f6kologie ist kaputt\u00ab, so der F\u00f6rster. \u00dcberall M\u00fcll, kaputte Autos, \u00d6l und andere Schadstoffe. Die gelangten in die Nahrungskette und auf \u00c4cker und Wiesen. Die Beh\u00f6rden warnen die Menschen an der Ahr vor Keimen und Schadstoffen im Wasser. F\u00f6rster Willen erz\u00e4hlt, bei ihm habe sich schon eine kleine Wunde infiziert, er musste eine Tetanus-Spritze bekommen.<\/p>\n\n\n\n<p>Und \u00fcberall entlang der Ahr fragen sich die Menschen, wie und wo sie wohl ihre D\u00f6rfer wieder aufbauen werden. Die breite Schneise der Verw\u00fcstung hat die Trennlinien zwischen Natur und dem von Menschen beanspruchten Territorium neu definiert. Schon nach dem Hochwasser im Jahr 2016 erweiterten Orte am Oberlauf die Kanalisation und bearbeiteten das Flussbett. Es half nichts gegen die Wucht des Wassers.<\/p>\n\n\n\n<hr class=\"wp-block-separator\"\/>\n\n\n\n<div class=\"wp-block-image\"><figure class=\"alignleft is-resized\"><img loading=\"lazy\" decoding=\"async\" src=\"https:\/\/cdn.prod.www.spiegel.de\/images\/c718e0bf-ea2a-40a5-b6da-0be61230860e_w568_r1_fpx47_fpy45.jpg\" alt=\"\" width=\"142\" height=\"142\"\/><\/figure><\/div>\n\n\n\n<p><a href=\"https:\/\/www.spiegel.de\/thema\/klimawandel\/?sara_icid=dirl_own_Zp6LGJdlZT5Acg0vLw0yjH3KHgNlCD\" target=\"_blank\" rel=\"noreferrer noopener\">Klimakrise <\/a><a href=\"https:\/\/www.spiegel.de\/thema\/klimawandel\/?sara_icid=dirl_own_Zp6LGJdlZT5Acg0vLw0yjH3KHgNlCD\"><\/a><\/p>\n\n\n\n<p>Lesen Sie mehr \u00fcber die neuesten Entwicklungen, Hintergr\u00fcnde und spannenden L\u00f6sungsans\u00e4tze in unserem Themenspezial.<a href=\"https:\/\/www.spiegel.de\/thema\/klimawandel\/?sara_icid=dirl_own_Zp6LGJdlZT5Acg0vLw0yjH3KHgNlCD\" target=\"_blank\" rel=\"noreferrer noopener\"> Alle Artikel<\/a><\/p>\n\n\n\n<p><\/p>\n\n\n\n<hr class=\"wp-block-separator\"\/>\n\n\n\n<p>Tip von Ingo<\/p>\n\n\n\n<p><\/p>\n<div id=\"ez-toc-container\" class=\"ez-toc-v2_0_82_2 counter-hierarchy ez-toc-counter ez-toc-transparent ez-toc-container-direction\">\n<div class=\"ez-toc-title-container\">\n<p class=\"ez-toc-title\" style=\"cursor:inherit\">Inhalte dieser Seite :<\/p>\n<span class=\"ez-toc-title-toggle\"><a href=\"#\" class=\"ez-toc-pull-right ez-toc-btn ez-toc-btn-xs ez-toc-btn-default ez-toc-toggle\" aria-label=\"Toggle Table of Content\"><span class=\"ez-toc-js-icon-con\"><span class=\"\"><span class=\"eztoc-hide\" style=\"display:none;\">Toggle<\/span><span class=\"ez-toc-icon-toggle-span\"><svg style=\"fill: #999;color:#999\" xmlns=\"http:\/\/www.w3.org\/2000\/svg\" class=\"list-377408\" width=\"20px\" height=\"20px\" viewBox=\"0 0 24 24\" fill=\"none\"><path d=\"M6 6H4v2h2V6zm14 0H8v2h12V6zM4 11h2v2H4v-2zm16 0H8v2h12v-2zM4 16h2v2H4v-2zm16 0H8v2h12v-2z\" fill=\"currentColor\"><\/path><\/svg><svg style=\"fill: #999;color:#999\" class=\"arrow-unsorted-368013\" xmlns=\"http:\/\/www.w3.org\/2000\/svg\" width=\"10px\" height=\"10px\" viewBox=\"0 0 24 24\" version=\"1.2\" baseProfile=\"tiny\"><path d=\"M18.2 9.3l-6.2-6.3-6.2 6.3c-.2.2-.3.4-.3.7s.1.5.3.7c.2.2.4.3.7.3h11c.3 0 .5-.1.7-.3.2-.2.3-.5.3-.7s-.1-.5-.3-.7zM5.8 14.7l6.2 6.3 6.2-6.3c.2-.2.3-.5.3-.7s-.1-.5-.3-.7c-.2-.2-.4-.3-.7-.3h-11c-.3 0-.5.1-.7.3-.2.2-.3.5-.3.7s.1.5.3.7z\"\/><\/svg><\/span><\/span><\/span><\/a><\/span><\/div>\n<nav><ul class='ez-toc-list ez-toc-list-level-1 eztoc-toggle-hide-by-default' ><li class='ez-toc-page-1 ez-toc-heading-level-3'><a class=\"ez-toc-link ez-toc-heading-1\" href=\"https:\/\/boklima.de\/?p=9194\/#Der_kranke_Wald\" >Der kranke Wald<\/a><\/li><li class='ez-toc-page-1 ez-toc-heading-level-3'><a class=\"ez-toc-link ez-toc-heading-2\" href=\"https:\/\/boklima.de\/?p=9194\/#Warnung_vor_Schadstoffen\" >Warnung vor Schadstoffen<\/a><\/li><\/ul><\/nav><\/div>\n","protected":false},"excerpt":{"rendered":"<p>(25.07.21, spiegel &#8211; panorama), Original : hier Das Hochwasser an der Ahr wurde durch Sch\u00e4den im Wald versch\u00e4rft \u2013 und wird der Natur am Fluss schaden. Ein Revierf\u00f6rster fordert zum Umdenken auf. Aus dem Ahrtal berichtet Jan Friedmann Der F\u00f6rster Jens Willen ist Opfer und Experte zugleich, eine seltene Kombination im Katastrophenfall. Willen hat sein &hellip; <a href=\"https:\/\/boklima.de\/?p=9194\" class=\"more-link\"><span class=\"screen-reader-text\">\u201eF\u00f6rster zur Flutkatastrophe \u00bbDass unsere Umwelt ganz sch\u00f6n kaputt ist, sehe ich jeden Tag\u00ab\u201c <\/span>weiterlesen<\/a><\/p>\n","protected":false},"author":8,"featured_media":0,"comment_status":"closed","ping_status":"closed","sticky":false,"template":"","format":"standard","meta":{"ngg_post_thumbnail":0,"footnotes":"","_share_on_mastodon":"0"},"categories":[157,104,130,115,125],"tags":[],"class_list":["post-9194","post","type-post","status-publish","format-standard","hentry","category-relevant-klimanews","category-oeffentlich-fuer-alle-site-besucher-lesbar","category-co2-einsparen","category-allg-themen","category-klima-schutz-themen"],"share_on_mastodon":{"url":"","error":""},"rttpg_featured_image_url":null,"rttpg_author":{"display_name":"thomas","author_link":"https:\/\/boklima.de\/?author=8"},"rttpg_comment":0,"rttpg_category":"<a href=\"https:\/\/boklima.de\/?cat=157\" rel=\"category\">relevant-KlimaNews<\/a> <a href=\"https:\/\/boklima.de\/?cat=104\" rel=\"category\">\u00f6ffentlich (f\u00fcr alle lesbar)<\/a> <a href=\"https:\/\/boklima.de\/?cat=130\" rel=\"category\">CO2-einsparen<\/a> <a href=\"https:\/\/boklima.de\/?cat=115\" rel=\"category\">Allg Themen<\/a> <a href=\"https:\/\/boklima.de\/?cat=125\" rel=\"category\">Klima-Schutz-Themen<\/a>","rttpg_excerpt":"(25.07.21, spiegel &#8211; panorama), Original : hier Das Hochwasser an der Ahr wurde durch Sch\u00e4den im Wald versch\u00e4rft \u2013 und wird der Natur am Fluss schaden. Ein Revierf\u00f6rster fordert zum Umdenken auf. Aus dem Ahrtal berichtet Jan Friedmann Der F\u00f6rster Jens Willen ist Opfer und Experte zugleich, eine seltene Kombination im Katastrophenfall. Willen hat sein&hellip;","_links":{"self":[{"href":"https:\/\/boklima.de\/index.php?rest_route=\/wp\/v2\/posts\/9194","targetHints":{"allow":["GET"]}}],"collection":[{"href":"https:\/\/boklima.de\/index.php?rest_route=\/wp\/v2\/posts"}],"about":[{"href":"https:\/\/boklima.de\/index.php?rest_route=\/wp\/v2\/types\/post"}],"author":[{"embeddable":true,"href":"https:\/\/boklima.de\/index.php?rest_route=\/wp\/v2\/users\/8"}],"replies":[{"embeddable":true,"href":"https:\/\/boklima.de\/index.php?rest_route=%2Fwp%2Fv2%2Fcomments&post=9194"}],"version-history":[{"count":1,"href":"https:\/\/boklima.de\/index.php?rest_route=\/wp\/v2\/posts\/9194\/revisions"}],"predecessor-version":[{"id":9195,"href":"https:\/\/boklima.de\/index.php?rest_route=\/wp\/v2\/posts\/9194\/revisions\/9195"}],"wp:attachment":[{"href":"https:\/\/boklima.de\/index.php?rest_route=%2Fwp%2Fv2%2Fmedia&parent=9194"}],"wp:term":[{"taxonomy":"category","embeddable":true,"href":"https:\/\/boklima.de\/index.php?rest_route=%2Fwp%2Fv2%2Fcategories&post=9194"},{"taxonomy":"post_tag","embeddable":true,"href":"https:\/\/boklima.de\/index.php?rest_route=%2Fwp%2Fv2%2Ftags&post=9194"}],"curies":[{"name":"wp","href":"https:\/\/api.w.org\/{rel}","templated":true}]}}