{"id":8914,"date":"2021-07-14T11:20:52","date_gmt":"2021-07-14T09:20:52","guid":{"rendered":"https:\/\/boklima.de\/?p=8914"},"modified":"2021-07-14T11:20:54","modified_gmt":"2021-07-14T09:20:54","slug":"energiewende-wirtschaftsministerium-sieht-steigenden-stromverbrauch","status":"publish","type":"post","link":"https:\/\/boklima.de\/?p=8914","title":{"rendered":"Energiewende : Wirtschaftsministerium sieht steigenden Stromverbrauch"},"content":{"rendered":"\n<p>(13.07.21, von golem.de, Original : hier )<\/p>\n\n\n\n<p>Entgegen fr\u00fcherer Aussagen erwartet das Ministerium einen wachsenden Bedarf. Daf\u00fcr braucht es mehr <a href=\"https:\/\/www.golem.de\/specials\/erneuerbare-energien\/\" target=\"_blank\" rel=\"noreferrer noopener\">erneuerbare Energien<\/a>.  <a href=\"https:\/\/www.golem.de\/specials\/autor-hanno-boeck\/\" target=\"_blank\" rel=\"noreferrer noopener\">Hanno B\u00f6ck<\/a><\/p>\n\n\n\n<p id=\"gpar1\">Das <a href=\"https:\/\/www.bmwi.de\/Redaktion\/DE\/Pressemitteilungen\/2021\/07\/20210713-erste-abschaetzungen-stromverbrauch-2030.html\" target=\"_blank\" rel=\"noreferrer noopener\">Bundeswirtschaftsministerium geht davon aus<\/a>, dass der Stromverbrauch in Deutschland in den kommenden Jahren deutlich steigen wird. F\u00fcr das Jahr 2030 erwartet das Ministerium demnach, dass etwa 20 Prozent mehr Strom ben\u00f6tigt wird. <\/p>\n\n\n\n<p id=\"gpar2\">Die Ank\u00fcndigung \u00fcberrascht, denn bisher gingen sowohl der Wirtschaftsminister als auch die Bundesregierung von einem leicht sinkenden Strombedarf aus. Dies erkl\u00e4rte Wirtschaftsminister Peter Altmaier etwa im vergangenen Jahr <a href=\"https:\/\/taz.de\/Wirtschaftsminister-ueber-Klimaschutz\/!5711094\/\" target=\"_blank\" rel=\"noreferrer noopener\">in einem Interview mit der Taz<\/a>.<\/p>\n\n\n\n<p id=\"gpar3\">Das Problem dabei: Bisher wurde auch der Ausbau der erneuerbaren Energien mit diesen niedrigen Annahmen geplant. Kritik daran gab es schon l\u00e4nger.<\/p>\n\n\n\n<p id=\"gpar4\">So wies etwa das <a href=\"https:\/\/www.ewi.uni-koeln.de\/de\/aktuelles\/ee-ziel-2030\/\" target=\"_blank\" rel=\"noreferrer noopener\">Energiewirtschaftliche Institut der Universit\u00e4t K\u00f6ln (EWI) bereits Anfang 2020 darauf hin<\/a>, dass die zu niedrigen Annahmen \u00fcber den k\u00fcnftigen Stromverbrauch dazu f\u00fchren k\u00f6nnten, dass die Ausbauziele f\u00fcr erneuerbare Energien nicht erreicht werden. Die Bundesregierung hat sich zum Ziel gesetzt, im Jahr 2030 65 Prozent des Stroms mithilfe erneuerbarer Energien zu erzeugen.<\/p>\n\n\n\n<h3 class=\"wp-block-heading\"><span class=\"ez-toc-section\" id=\"Andere_Experten_prognostizieren_noch_hoeheren_Strombedarf\"><\/span>Andere Experten prognostizieren noch h\u00f6heren Strombedarf<span class=\"ez-toc-section-end\"><\/span><\/h3>\n\n\n\n<p id=\"gpar5\">Die neue Sch\u00e4tzung des Wirtschaftsministeriums wurde in einem Gutachten durch die Firma Prognos ermittelt. Demnach soll der Stromverbrauch 2030 zwischen 645 und 665 Terawattstunden liegen. Zum Vergleich: 2020 lag der Stromverbrauch bei 544 Terawattstunden, im Jahr 2019 bei 519 Terawattstunden. Gegen\u00fcber anderen Prognosen sind die Zahlen immer noch niedrig. Das EWI erwartet f\u00fcr 2030 einen Stromverbrauch von 748 Terawattstunden.<a href=\"https:\/\/www.amazon.de\/gp\/product\/3446462937\/ref=as_li_tl?ie=UTF8&amp;tag=golem-de2-21&amp;camp=1638&amp;creative=6742&amp;linkCode=as2&amp;creativeASIN=3446462937&amp;linkId=e39a4c3ceaeb5dcb9b7d091f747b26c1\" target=\"_blank\" rel=\"noreferrer noopener\"><\/a> Erneuerbare Energien und Klimaschutz: Hintergr\u00fcnde &#8211; Techniken und Planung &#8211; \u00d6konomie und \u00d6kologie &#8211; Energiewende (Deutsch)<\/p>\n\n\n\n<p id=\"gpar6\">Der Grund f\u00fcr den h\u00f6heren Stromverbrauch ist, dass k\u00fcnftig in vielen Bereichen, die bisher direkt mit fossilen Energietr\u00e4gern versorgt wurden, direkt oder indirekt Strom genutzt werden soll. Das gilt etwa f\u00fcr die Elektromobilit\u00e4t, Heizungen mit W\u00e4rmepumpen und f\u00fcr den Einsatz von gr\u00fcnem Wasserstoff, der mithilfe von Strom aus Wind- und Sonnenenergie erzeugt wird.<\/p>\n\n\n\n<p id=\"gpar7\">Der Ausbau der erneuerbaren Energien geht in Deutschland zur Zeit nur langsam voran. Insbesondere bei der Windkraft sind die Ausbauzahlen drastisch eingebrochen. In den vergangenen zwei Jahren wurden <a href=\"https:\/\/www.wind-energie.de\/themen\/zahlen-und-fakten\/deutschland\/\" target=\"_blank\" rel=\"noreferrer noopener\">jeweils weniger als 1500 Megawatt neue Windkraftleistung installiert<\/a>. So geringe Ausbauzahlen gab es zuletzt 1998. Reklame: <a href=\"https:\/\/www.amazon.de\/gp\/product\/3446462937\/ref=as_li_tl?ie=UTF8&amp;tag=golem-de-21&amp;camp=1638&amp;creative=6742&amp;linkCode=as2&amp;creativeASIN=3446462937&amp;linkId=334eb1aa2eeabbc78491cdf61c45be1a\" target=\"_blank\" rel=\"noreferrer noopener\">Hier geht es zu Erneuerbare Energien und Klimaschutz bei Amazon<\/a><\/p>\n\n\n\n<h3 class=\"wp-block-heading\"><span class=\"ez-toc-section\" id=\"Themenseiten_bei_golemde\"><\/span><a href=\"https:\/\/www.golem.de\/specials\/\" target=\"_blank\" rel=\"noreferrer noopener\">Themenseiten bei golem.de :<\/a><span class=\"ez-toc-section-end\"><\/span><\/h3>\n\n\n\n<ul class=\"wp-block-list\"><li><a href=\"https:\/\/www.golem.de\/specials\/strom\/\" target=\"_blank\" rel=\"noreferrer noopener\">Strom<\/a>  ;  <a href=\"https:\/\/www.golem.de\/specials\/elektromobilitaet\/\" target=\"_blank\" rel=\"noreferrer noopener\">Elektromobilit\u00e4t<\/a>  ; <a href=\"https:\/\/www.golem.de\/specials\/energiewende\/\">Energiewende<\/a>  ; <a href=\"https:\/\/www.golem.de\/specials\/erneuerbare-energien\/\" target=\"_blank\" rel=\"noreferrer noopener\">Erneuerbare Energien<\/a><\/li><li><a href=\"https:\/\/www.golem.de\/specials\/klimakrise\/\" target=\"_blank\" rel=\"noreferrer noopener\">Klimakrise<\/a>  ; <a href=\"https:\/\/www.golem.de\/specials\/nachhaltigkeit\/\" target=\"_blank\" rel=\"noreferrer noopener\">Nachhaltigkeit<\/a>  ;  <a href=\"https:\/\/www.golem.de\/specials\/umweltschutz\/\" target=\"_blank\" rel=\"noreferrer noopener\">Umweltschutz<\/a> ;  <a href=\"https:\/\/www.golem.de\/specials\/politik-recht\/\">Politik\/Recht<\/a><\/li><\/ul>\n<div id=\"ez-toc-container\" class=\"ez-toc-v2_0_82_2 counter-hierarchy ez-toc-counter ez-toc-transparent ez-toc-container-direction\">\n<div class=\"ez-toc-title-container\">\n<p class=\"ez-toc-title\" style=\"cursor:inherit\">Inhalte dieser Seite :<\/p>\n<span class=\"ez-toc-title-toggle\"><a href=\"#\" class=\"ez-toc-pull-right ez-toc-btn ez-toc-btn-xs ez-toc-btn-default ez-toc-toggle\" aria-label=\"Toggle Table of Content\"><span class=\"ez-toc-js-icon-con\"><span class=\"\"><span class=\"eztoc-hide\" style=\"display:none;\">Toggle<\/span><span class=\"ez-toc-icon-toggle-span\"><svg style=\"fill: #999;color:#999\" xmlns=\"http:\/\/www.w3.org\/2000\/svg\" class=\"list-377408\" width=\"20px\" height=\"20px\" viewBox=\"0 0 24 24\" fill=\"none\"><path d=\"M6 6H4v2h2V6zm14 0H8v2h12V6zM4 11h2v2H4v-2zm16 0H8v2h12v-2zM4 16h2v2H4v-2zm16 0H8v2h12v-2z\" fill=\"currentColor\"><\/path><\/svg><svg style=\"fill: #999;color:#999\" class=\"arrow-unsorted-368013\" xmlns=\"http:\/\/www.w3.org\/2000\/svg\" width=\"10px\" height=\"10px\" viewBox=\"0 0 24 24\" version=\"1.2\" baseProfile=\"tiny\"><path d=\"M18.2 9.3l-6.2-6.3-6.2 6.3c-.2.2-.3.4-.3.7s.1.5.3.7c.2.2.4.3.7.3h11c.3 0 .5-.1.7-.3.2-.2.3-.5.3-.7s-.1-.5-.3-.7zM5.8 14.7l6.2 6.3 6.2-6.3c.2-.2.3-.5.3-.7s-.1-.5-.3-.7c-.2-.2-.4-.3-.7-.3h-11c-.3 0-.5.1-.7.3-.2.2-.3.5-.3.7s.1.5.3.7z\"\/><\/svg><\/span><\/span><\/span><\/a><\/span><\/div>\n<nav><ul class='ez-toc-list ez-toc-list-level-1 eztoc-toggle-hide-by-default' ><li class='ez-toc-page-1 ez-toc-heading-level-3'><a class=\"ez-toc-link ez-toc-heading-1\" href=\"https:\/\/boklima.de\/?p=8914\/#Andere_Experten_prognostizieren_noch_hoeheren_Strombedarf\" >Andere Experten prognostizieren noch h\u00f6heren Strombedarf<\/a><\/li><li class='ez-toc-page-1 ez-toc-heading-level-3'><a class=\"ez-toc-link ez-toc-heading-2\" href=\"https:\/\/boklima.de\/?p=8914\/#Themenseiten_bei_golemde\" >Themenseiten bei golem.de :<\/a><\/li><\/ul><\/nav><\/div>\n","protected":false},"excerpt":{"rendered":"<p>(13.07.21, von golem.de, Original : hier ) Entgegen fr\u00fcherer Aussagen erwartet das Ministerium einen wachsenden Bedarf. Daf\u00fcr braucht es mehr erneuerbare Energien. Hanno B\u00f6ck Das Bundeswirtschaftsministerium geht davon aus, dass der Stromverbrauch in Deutschland in den kommenden Jahren deutlich steigen wird. F\u00fcr das Jahr 2030 erwartet das Ministerium demnach, dass etwa 20 Prozent mehr Strom &hellip; <a href=\"https:\/\/boklima.de\/?p=8914\" class=\"more-link\"><span class=\"screen-reader-text\">\u201eEnergiewende : Wirtschaftsministerium sieht steigenden Stromverbrauch\u201c <\/span>weiterlesen<\/a><\/p>\n","protected":false},"author":8,"featured_media":0,"comment_status":"closed","ping_status":"closed","sticky":false,"template":"","format":"standard","meta":{"ngg_post_thumbnail":0,"footnotes":"","_share_on_mastodon":"0"},"categories":[157,159,174,176,104,115],"tags":[],"class_list":["post-8914","post","type-post","status-publish","format-standard","hentry","category-relevant-klimanews","category-energie","category-solarstrom","category-foerderung","category-oeffentlich-fuer-alle-site-besucher-lesbar","category-allg-themen"],"share_on_mastodon":{"url":"","error":""},"rttpg_featured_image_url":null,"rttpg_author":{"display_name":"thomas","author_link":"https:\/\/boklima.de\/?author=8"},"rttpg_comment":0,"rttpg_category":"<a href=\"https:\/\/boklima.de\/?cat=157\" rel=\"category\">relevant-KlimaNews<\/a> <a href=\"https:\/\/boklima.de\/?cat=159\" rel=\"category\">Energie<\/a> <a href=\"https:\/\/boklima.de\/?cat=174\" rel=\"category\">Solarstrom<\/a> <a href=\"https:\/\/boklima.de\/?cat=176\" rel=\"category\">F\u00f6rderung<\/a> <a href=\"https:\/\/boklima.de\/?cat=104\" rel=\"category\">\u00f6ffentlich (f\u00fcr alle lesbar)<\/a> <a href=\"https:\/\/boklima.de\/?cat=115\" rel=\"category\">Allg Themen<\/a>","rttpg_excerpt":"(13.07.21, von golem.de, Original : hier ) Entgegen fr\u00fcherer Aussagen erwartet das Ministerium einen wachsenden Bedarf. Daf\u00fcr braucht es mehr erneuerbare Energien. Hanno B\u00f6ck Das Bundeswirtschaftsministerium geht davon aus, dass der Stromverbrauch in Deutschland in den kommenden Jahren deutlich steigen wird. F\u00fcr das Jahr 2030 erwartet das Ministerium demnach, dass etwa 20 Prozent mehr Strom&hellip;","_links":{"self":[{"href":"https:\/\/boklima.de\/index.php?rest_route=\/wp\/v2\/posts\/8914","targetHints":{"allow":["GET"]}}],"collection":[{"href":"https:\/\/boklima.de\/index.php?rest_route=\/wp\/v2\/posts"}],"about":[{"href":"https:\/\/boklima.de\/index.php?rest_route=\/wp\/v2\/types\/post"}],"author":[{"embeddable":true,"href":"https:\/\/boklima.de\/index.php?rest_route=\/wp\/v2\/users\/8"}],"replies":[{"embeddable":true,"href":"https:\/\/boklima.de\/index.php?rest_route=%2Fwp%2Fv2%2Fcomments&post=8914"}],"version-history":[{"count":1,"href":"https:\/\/boklima.de\/index.php?rest_route=\/wp\/v2\/posts\/8914\/revisions"}],"predecessor-version":[{"id":8915,"href":"https:\/\/boklima.de\/index.php?rest_route=\/wp\/v2\/posts\/8914\/revisions\/8915"}],"wp:attachment":[{"href":"https:\/\/boklima.de\/index.php?rest_route=%2Fwp%2Fv2%2Fmedia&parent=8914"}],"wp:term":[{"taxonomy":"category","embeddable":true,"href":"https:\/\/boklima.de\/index.php?rest_route=%2Fwp%2Fv2%2Fcategories&post=8914"},{"taxonomy":"post_tag","embeddable":true,"href":"https:\/\/boklima.de\/index.php?rest_route=%2Fwp%2Fv2%2Ftags&post=8914"}],"curies":[{"name":"wp","href":"https:\/\/api.w.org\/{rel}","templated":true}]}}