{"id":8859,"date":"2021-07-06T13:51:27","date_gmt":"2021-07-06T11:51:27","guid":{"rendered":"https:\/\/boklima.de\/?p=8859"},"modified":"2021-07-06T13:56:43","modified_gmt":"2021-07-06T11:56:43","slug":"wohnungsbau-gruene-ernten-fuer-nein-zu-neubau-kritik-gruene-in-bochum-stoppen-den-wohnungsbau-auf-freiflaechen-leserbrief","status":"publish","type":"post","link":"https:\/\/boklima.de\/?p=8859","title":{"rendered":"Wohnungsbau : Gr\u00fcne ernten f\u00fcr Nein zu Neubau Kritik &#8212; Gr\u00fcne in Bochum stoppen den Wohnungsbau auf Freifl\u00e4chen &#8212; Leserbrief"},"content":{"rendered":"\n<h2 class=\"wp-block-heading\"><span class=\"ez-toc-section\" id=\"Wohnungsbau_Gruene_ernten_fuer_Nein_zu_Neubau_Kritik\"><\/span>Wohnungsbau : Gr\u00fcne ernten f\u00fcr Nein zu Neubau Kritik<span class=\"ez-toc-section-end\"><\/span><\/h2>\n\n\n\n<p>(06.07.21 , WAZ.de , Original : <a href=\"https:\/\/www.waz.de\/staedte\/bochum\/gruene-ernten-fuer-nein-zu-neubauprojekten-im-gruenen-kritik-id232708803.html\" target=\"_blank\" rel=\"noreferrer noopener\">hier<\/a> )<\/p>\n\n\n\n<p>Bochum.&nbsp; Das Nein der Gr\u00fcnen zu neuen Bauprojekten auf freien Fl\u00e4chen ruft Reaktionen hervor. Die CDU spricht von Chaos, der Mieterverein ist irritiert.<\/p>\n\n\n\n<p>Das <a href=\"https:\/\/www.waz.de\/staedte\/bochum\/gruene-in-bochum-stoppen-den-wohnungsbau-auf-freien-flaechen-id232680573.html\" target=\"_blank\" rel=\"noreferrer noopener\">Nein der Gr\u00fcnen zu neuen Bauprojekten auf bislang unversiegelten Fl\u00e4chen <\/a>bringt nicht nur den Koalitionspartner SPD auf die Palme. CDU, FDP und Linke kritisieren die Haltung der Umweltpartei, der Mieterverein erinnert an Absprachen und zeigt sich irritiert.<\/p>\n\n\n\n<p><a href=\"https:\/\/www.waz.de\/staedte\/bochum\/bauen-in-bochum-wo-wohnungen-entstehen-eine-uebersicht-id231157242.html\" target=\"_blank\" rel=\"noreferrer noopener\">10.000 neue Wohnungen bis 2030 <\/a>seien genug f\u00fcr eine schrumpfende Stadt. Das wichtigste Argument der Gr\u00fcnen, das Handlungskonzept Wohnen fr\u00fcher als verabredet auf den Pr\u00fcfstand zu stellen und vorerst Neubauprojekte im Gr\u00fcnen auf Eis zu legen, d\u00fcrfte im Koalitionsausschuss am Dienstagabend f\u00fcr heftige Diskussionen sorgen. Die SPD spricht immerhin von Wortbruch und Klientelpolitik.<\/p>\n\n\n\n<h3 class=\"wp-block-heading\"><span class=\"ez-toc-section\" id=\"Gruene_in_Bochum_ernten_viel_Kritik_fuer_Nein_zu_Neubauprojekten\"><\/span>Gr\u00fcne in Bochum ernten viel Kritik f\u00fcr Nein zu Neubauprojekten<span class=\"ez-toc-section-end\"><\/span><\/h3>\n\n\n\n<p>Als \u201fKaffeesatzleserei\u201d bezeichnet indes Michael Wenzel die <a href=\"https:\/\/www.waz.de\/politik\/landespolitik\/das-ruhrgebiet-schrumpft-fast-ueberall-id217017587.html\" target=\"_blank\" rel=\"noreferrer noopener\">Bev\u00f6lkerungsprognosen<\/a>, die die Gr\u00fcnen zum Umdenken bewegt haben. \u201fWichtiger ist doch eine klare Vorstellung dar\u00fcber, wo man hin will\u201d, sagt der Gesch\u00e4ftsf\u00fchrer des Mietervereins. \u201fBewusst schrumpfen? Stabil bleiben? Wachsen?\u201d<a href=\"https:\/\/www.waz.de\/staedte\/bochum\/gruene-in-bochum-stoppen-den-wohnungsbau-auf-freien-flaechen-id232680573.html\" target=\"_blank\" rel=\"noreferrer noopener\"> Wohnungsbau Gr\u00fcne in Bochum stoppen den Wohnungsbau auf freien Fl\u00e4chen<\/a><\/p>\n\n\n\n<p>\u201fWie Gr\u00fcne und SPD miteinander umgehen, geht uns nat\u00fcrlich nichts an. Aber vor der Evaluation des Handlungskonzepts Wohnen bereits jetzt die gew\u00fcnschten Ergebnisse zu definieren, ist \u00fcberaus irritierend\u201d, so Wenzel. Immerhin solle die Evaluation ja vorrangig \u00fcber die neu gegr\u00fcndete Allianz f\u00fcr Wohnen gesteuert werden.<\/p>\n\n\n\n<p>Wenzel fordert sowohl von den Gr\u00fcnen als auch vom Koalitionspartner SPD klare Aussagen zu den \u201fKernproblemen auf dem Bochumer Wohnungsmarkt\u201d. Der soziale Wohnungsbau funktioniere nicht, <a href=\"https:\/\/www.waz.de\/staedte\/bochum\/wohnen-in-bochum-kaufpreise-und-mieten-steigen-weiter-id228206357.html\" target=\"_blank\" rel=\"noreferrer noopener\">bezahlbare Wohnungsbest\u00e4nde <\/a>m\u00fcssten gesichert, Leerst\u00e4nde zur\u00fcckgebaut und <a href=\"https:\/\/www.waz.de\/staedte\/bochum\/bochum-mieterverein-kritisiert-geplanten-ueberschuss-der-vbw-id228955251.html\" target=\"_blank\" rel=\"noreferrer noopener\">die st\u00e4dtische VBW gemeinwohlorientiert umgebaut<\/a> werden.<\/p>\n\n\n\n<h3 class=\"wp-block-heading\"><span class=\"ez-toc-section\" id=\"CDU_fordert_verlaessliche_Planung_zur_Schaffung_von_Wohnraum\"><\/span>CDU fordert verl\u00e4ssliche Planung zur Schaffung von Wohnraum<span class=\"ez-toc-section-end\"><\/span><\/h3>\n\n\n\n<p>\u201fIn einer fundamentalen Frage f\u00fcr die Zukunft unserer Stadt streitet die rot-gr\u00fcne Koalition. <a href=\"https:\/\/www.waz.de\/staedte\/bochum\/bochum-gruene-und-spd-unterzeichnen-koalitionsvertrag-id230898902.html\" target=\"_blank\" rel=\"noreferrer noopener\">Diese Koalition ist kurz vor dem Aus<\/a>\u201d, sagt Fabian Sch\u00fctz. Der CDU-Kreisvorsitzende kritisiert, gemeinsam mit dem Chef der Fraktion, Christian Haardt, den Vorsto\u00df der Gr\u00fcnen.<a href=\"https:\/\/www.waz.de\/staedte\/bochum\/neubaugebiet-an-der-ruhr-stadt-bochum-haelt-an-plaenen-fest-id232661885.html\" target=\"_blank\" rel=\"noreferrer noopener\"> Wohnungsbau Neubaugebiet an der Ruhr: Stadt Bochum h\u00e4lt an Pl\u00e4nen fest<\/a><\/p>\n\n\n\n<p>\u201fAnstatt unsere Stadt nach vorne zu bringen, werden ideologische Grabenk\u00e4mpfe ausgetragen.\u201d Das sei ein Offenbarungseid f\u00fcr Rot und Gr\u00fcn in Bochum. \u201fNiemand will jedes gr\u00fcne Fleckchen in Bochum zubauen\u201d, so Christian Haardt. \u201fWir brauchen aber eine verl\u00e4ssliche Planung f\u00fcr die Schaffung von Wohnraum. Dazu m\u00fcssen wir in einzelnen F\u00e4llen auch Gebiete neu entwickeln.\u201d<\/p>\n\n\n\n<h3 class=\"wp-block-heading\"><span class=\"ez-toc-section\" id=\"Linke_Steigende_Mietpreise_sind_das_Problem\"><\/span>Linke: Steigende Mietpreise sind das Problem<span class=\"ez-toc-section-end\"><\/span><\/h3>\n\n\n\n<p>Die Linksfraktion fordert mehr Ehrlichkeit in der Debatte. Gr\u00fcne und SPD weigerten sich, wirkungsvolle Ma\u00dfnahmen gegen steigende Mietpreise zu ergreifen. Neubau auf der gr\u00fcnen Wiese sei daf\u00fcr nicht notwendig. \u201fEs ist schon beeindruckend, wie sich beide Parteien wortgewaltig erkl\u00e4ren, <a href=\"https:\/\/www.waz.de\/staedte\/bochum\/links-fraktion-fordert-mehr-sozialen-wohnungsbau-in-bochum-id216843695.html\" target=\"_blank\" rel=\"noreferrer noopener\">ohne das zentrale soziale Problem der Bochumer Wohnungspolitik<\/a> auch nur zu erw\u00e4hnen\u201d, sagt Mehriban \u00d7zdogan, Ratsmitglied der Linken. \u201f52,6 Prozent der Bochumer Miethaushalte sind laut einer aktuellen Studie mit den Wohnkosten \u00fcberlastet. Sie m\u00fcssen mehr als 30 Prozent des Haushaltseinkommens f\u00fcr die Miete, Heizung und Nebenkosten ausgeben.\u201d<\/p>\n\n\n\n<h3 class=\"wp-block-heading\"><span class=\"ez-toc-section\" id=\"FDP_setzt_auf_Verbesserungen_im_Bestand\"><\/span>FDP setzt auf Verbesserungen im Bestand<span class=\"ez-toc-section-end\"><\/span><\/h3>\n\n\n\n<p>Die FDP indes setzt sich ein f\u00fcr Verbesserungen im Bestand und eine Beschleunigung von Baugenehmigungen. \u201fInsbesondere Modernisierungen, Aufstockungen und Dachausbauten bei Neubauten k\u00f6nnen daf\u00fcr sorgen, dass neuer Wohnraum entsteht, ohne dass neue Fl\u00e4chen versiegelt werden\u201d, sagt die stellvertretende Vorsitzende der Ratsfraktion, Luisa-Maximiliane Pischel.<\/p>\n\n\n\n<hr class=\"wp-block-separator\"\/>\n\n\n\n<h2 class=\"wp-block-heading\"><span class=\"ez-toc-section\" id=\"Wohnungsbau_Gruene_in_Bochum_stoppen_den_Wohnungsbau_auf_Freiflaechen\"><\/span>Wohnungsbau : Gr\u00fcne in Bochum stoppen den Wohnungsbau auf Freifl\u00e4chen<span class=\"ez-toc-section-end\"><\/span><\/h2>\n\n\n\n<p>(02.07.21 , WAZ.de , Original : <a href=\"https:\/\/www.waz.de\/staedte\/bochum\/gruene-in-bochum-stoppen-den-wohnungsbau-auf-freien-flaechen-id232680573.html\" target=\"_blank\" rel=\"noreferrer noopener\">hier<\/a> )<\/p>\n\n\n\n<p>Die Koalition in Bochum steht vor einer Zerrei\u00dfprobe. Die Gr\u00fcnen wollen Wohnungsbau auf unversiegelten Fl\u00e4chen stoppen. Die SPD ist ersch\u00fcttert.<\/p>\n\n\n\n<p>Knapp zehn Monate nach der Kommunalwahl steht die rot-gr\u00fcne Koalition in Bochum vor einer Zerrei\u00dfprobe. Grund ist eine Abkehr der Gr\u00fcnen vom Wohnungsbau auf unversiegelten Fl\u00e4chen. Die SPD spricht von einem Versto\u00df gegen den Koalitionsvertrag und einem \u201fSpiel mit dem Feuer\u201d.<\/p>\n\n\n\n<p><a href=\"https:\/\/www.waz.de\/staedte\/bochum\/hinter-der-kiste-initiative-will-park-statt-wohnungsbau-id231683155.html\" target=\"_blank\" rel=\"noreferrer noopener\">Das umstrittene Neubauprojekt Hattinger Stra\u00dfe\/Hinter der Kiste<\/a> in Linden soll das letzte auf einer unversiegelten Fl\u00e4che sein, dem die Partei zustimmen will. \u201fDie Zustimmung zum Wohnungsbau auf dieser Fl\u00e4che im S\u00fcdwesten ist f\u00fcr uns schwierig. Die Zielkonflikte zwischen Wohnungsneubau und Naturschutz treten immer offener unaufl\u00f6sbar zu Tage\u201d, sagt Sebastian Pewny.<\/p>\n\n\n\n<h3 class=\"wp-block-heading\"><span class=\"ez-toc-section\" id=\"Gruene_in_Bochum_stoppen_Wohnungsbau_auf_unversiegelten_Flaechen\"><\/span>Gr\u00fcne in Bochum stoppen Wohnungsbau auf unversiegelten Fl\u00e4chen<span class=\"ez-toc-section-end\"><\/span><\/h3>\n\n\n\n<p>F\u00fcr die vielen <a href=\"https:\/\/www.waz.de\/staedte\/bochum\/bochum-so-kreativ-protestieren-buerger-gegen-neubaugebiete-id232242211.html\" target=\"_blank\" rel=\"noreferrer noopener\">B\u00fcrgerinitiativen, die sich in Bochum gegen Neubauprojekte wehren<\/a>, ist dies allerdings nur zum Teil eine gute Nachricht. Denn: <a href=\"https:\/\/www.waz.de\/staedte\/bochum\/bauen-in-bochum-wo-wohnungen-entstehen-eine-uebersicht-id231157242.html\" target=\"_blank\" rel=\"noreferrer noopener\">An bereits bestehenden Projekten und beschlossenen Verfahren<\/a> wollen die Gr\u00fcnen festhalten, versichert der Vorsitzende der Fraktion. Bei neuen aber m\u00fcsse \u201fbeobachtet werden, wie sich die Lage auf dem Bochumer Wohnungsmarkt entwickelt\u201d.<a href=\"https:\/\/www.waz.de\/staedte\/bochum\/bochum-so-kreativ-protestieren-buerger-gegen-neubaugebiete-id232242211.html\" target=\"_blank\" rel=\"noreferrer noopener\"> Bauen Bochum: So kreativ protestieren B\u00fcrger gegen Neubaugebiete<\/a><\/p>\n\n\n\n<p>Nicht weiter verfolgen will die Partei daher folgende Projekte, die auf unversiegelten Fl\u00e4chen mit gr\u00f6\u00dftenteils sch\u00fctzenswerten B\u00f6den geplant sind: Am R\u00fcbenkamp, Ridderstra\u00dfe Nord, Im Vogelspoth\/ S\u00fcdstra\u00dfe, Schulte-Hiltrop-Stra\u00dfe, Everstalstra\u00dfe, Im Meerland, Im Haarmannsbuch und Ministerstra\u00dfe.<\/p>\n\n\n\n<h3 class=\"wp-block-heading\"><span class=\"ez-toc-section\" id=\"Handlungskonzept_Wohnen_kommt_auf_den_Pruefstand\"><\/span>Handlungskonzept Wohnen kommt auf den Pr\u00fcfstand<span class=\"ez-toc-section-end\"><\/span><\/h3>\n\n\n\n<p>364.454 Ein\u00adwoh\u00adner in Bo\u00adchum<\/p>\n\n\n\n<p>Grund\u00adla\u00adge f\u00fcr das <strong>Hand\u00adlungs\u00adkon\u00adzept Woh\u00adnen<\/strong> war u.a. eine Wohn\u00adraum\u00adbe\u00addarfs\u00adpro\u00adgno\u00adse, der eine Pro\u00adgno\u00adse zur Be\u00adv\u00f6l\u00adke\u00adrungs\u00adent\u00adwick\u00adlung der Stadt Bo\u00adchum f\u00fcr die Jahre 2015 bis 2030 zu\u00adgrun\u00adde lag.<\/p>\n\n\n\n<p><strong>Drei Va\u00adri\u00adan\u00adten <\/strong>wur\u00adden dabei be\u00adrech\u00adnet: eine Fort\u00adschrei\u00adbung des Trends zum Pro\u00adgno\u00adse\u00adzeit\u00adraum und zwei Wachs\u00adtums\u00adva\u00adri\u00adan\u00adten.<\/p>\n\n\n\n<p>F\u00fcr<strong> 2020<\/strong> sah die Pro\u00adgno\u00adse 367.000, 369.000 oder 370.000 Ein\u00adwoh\u00adner in Bo\u00adchum vor. Das Lan\u00addes\u00adamt In\u00adfor\u00adma\u00adti\u00adon und Tech\u00adnik hat f\u00fcr den 31.12. 2020 indes nur <strong>364.454 Ein\u00adwoh\u00adner in Bo\u00adchum<\/strong> re\u00adgis\u00adtriert.<\/p>\n\n\n\n<p>F\u00fcr die <strong>Gr\u00fc\u00adnen<\/strong> ist dies ein Indiz, dass Bo\u00adchu\u00admer k\u00fcnf\u00adtig doch eher schrumpf als w\u00e4chst.<\/p>\n\n\n\n<p>Auch das mit der SPD vereinbarte <a href=\"https:\/\/www.waz.de\/staedte\/bochum\/handlungskonzept-wohnen-baut-bochum-weit-ueber-bedarf-id230979820.html\" target=\"_blank\" rel=\"noreferrer noopener\">Handlungskonzept Wohnen, das den Bau von j\u00e4hrlich durchschnittlich 800 Wohnungen vorsieht,<\/a> m\u00fcsse mit Blick auf neue Studien und Bev\u00f6lkerungsprognosen neu bewertet und hinterfragt werden. Der gr\u00fcnen Ratsfraktion zufolge werden in Bochum bis Ende des Jahrzehntes \u00fcber 10.000 neue Wohnungen entstehen. Das Ziel sei damit mehr als erreicht.<\/p>\n\n\n\n<p>Eine \u00dcbererf\u00fcllung sei kontraproduktiv, so Pewny. <a href=\"https:\/\/www.waz.de\/staedte\/bochum\/wohnungsbau-in-bochum-heftige-kritik-an-gruenen-vorschlag-id231000336.html\" target=\"_blank\" rel=\"noreferrer noopener\">\u201fAlle Experten gehen mittlerweile davon aus, dass Bochum eher schrumpft als w\u00e4chst<\/a>. Leerst\u00e4nde in den 2030er Jahren k\u00f6nnen wir uns nicht leisten, zumal auch in Essen und Herne immer mehr Wohnungen entstehen.\u201d<\/p>\n\n\n\n<h3 class=\"wp-block-heading\"><span class=\"ez-toc-section\" id=\"SPD_wirft_Koalitionspartner_Wortbruch_vor\"><\/span>SPD wirft Koalitionspartner Wortbruch vor<span class=\"ez-toc-section-end\"><\/span><\/h3>\n\n\n\n<p>Die neue Position der Gr\u00fcnen, die auf einem Parteitag am Dienstag bei einer Gegenstimme und wenigen Enthaltungen beschlossen wurde, sorgt beim <a href=\"https:\/\/www.waz.de\/staedte\/bochum\/bochum-gruene-und-spd-unterzeichnen-koalitionsvertrag-id230898902.html\" target=\"_blank\" rel=\"noreferrer noopener\">Koalitionspartner SPD<\/a> f\u00fcr Entsetzen. \u201fIch bin ersch\u00fcttert\u201d, sagt der Vorsitzende der Fraktion, Burkhard Jentsch. \u201fDas ist ein klarer Versto\u00df gegen den Koalitionsvertrag.\u201d<a href=\"https:\/\/www.waz.de\/staedte\/bochum\/bauen-in-bochum-wo-wohnungen-entstehen-eine-uebersicht-id231157242.html\" target=\"_blank\" rel=\"noreferrer noopener\"> Neubauprojekte Bauen in Bochum: Wo Wohnungen entstehen \u2014 eine \u00dcbersicht<\/a><\/p>\n\n\n\n<p>\u201fWir haben in Bochum <a href=\"https:\/\/www.waz.de\/staedte\/bochum\/bauen-in-bochum-wo-wohnungen-entstehen-eine-uebersicht-id231157242.html\" target=\"_blank\" rel=\"noreferrer noopener\">ein gewaltiges Problem mit Wohnraum\u201d<\/a>, so Jentsch. Es kann nicht sein, dass junge Familien keine finanzierbaren Immobilien finden, \u00e4ltere Menschen, die sich r\u00e4umlich verkleinern wollen, das nicht k\u00f6nnen, weil es an barrierearmen Wohnungen fehlt und sozial Schwache keine finanzierbare Bleibe finden, die aktuellen Standards entspricht.\u201d<\/p>\n\n\n\n<h3 class=\"wp-block-heading\"><span class=\"ez-toc-section\" id=\"Koalitionsausschuss_tagt_am_Dienstag\"><\/span>Koalitionsausschuss tagt am Dienstag<span class=\"ez-toc-section-end\"><\/span><\/h3>\n\n\n\n<p>Der Wortbruch der Gr\u00fcnen sei \u201fein Schlag ins Gesicht\u201d. Die Gr\u00fcnen setzten \u201falles auf die Karte, dass einige Prognosen einen Bev\u00f6lkerungsr\u00fcckgang herbei orakeln\u201d. Ignoriert werde dabei aber <a href=\"https:\/\/www.waz.de\/staedte\/bochum\/wohnungsbau-in-bochum-heftige-kritik-an-gruenen-vorschlag-id231000336.html\" target=\"_blank\" rel=\"noreferrer noopener\">der Trend zu Single-Haushalten<\/a> und Kleinfamilien. \u201fDie einseitige Betrachtung der Gr\u00fcnen kann sich f\u00fcr die Menschen unserer Stadt bitter r\u00e4chen\u201d, so der SPD-Fraktionschef.<\/p>\n\n\n\n<p>Was der Streit um die Wohnungsbaupolitik f\u00fcr die seit 1999 bestehende rot-gr\u00fcne Koalition am Ende bedeutet, k\u00f6nnte sich in der kommenden Woche zeigen. F\u00fcr Dienstagabend ist kurzfristig eine Sitzung des gro\u00dfen Koalitionsausschusses angesetzt worden.<\/p>\n\n\n\n<hr class=\"wp-block-separator\"\/>\n\n\n\n<h2 class=\"wp-block-heading\"><span class=\"ez-toc-section\" id=\"Klimanotstand_%E2%80%94_Leserbrief\"><\/span>Klimanotstand &#8212; Leserbrief<span class=\"ez-toc-section-end\"><\/span><\/h2>\n\n\n\n<p>(02.07.21 ,WAZ.de , Leserbrief )<\/p>\n\n\n\n<div class=\"wp-block-image\"><figure class=\"aligncenter size-large\"><img loading=\"lazy\" decoding=\"async\" width=\"416\" height=\"424\" src=\"https:\/\/boklima.de\/wp-content\/uploads\/2021\/07\/210702-waz-lb-klimanotstand-gruene-neinzumwohnungsbau.jpg\" alt=\"\" class=\"wp-image-8862\" srcset=\"https:\/\/boklima.de\/wp-content\/uploads\/2021\/07\/210702-waz-lb-klimanotstand-gruene-neinzumwohnungsbau.jpg 416w, https:\/\/boklima.de\/wp-content\/uploads\/2021\/07\/210702-waz-lb-klimanotstand-gruene-neinzumwohnungsbau-294x300.jpg 294w\" sizes=\"auto, (max-width: 416px) 85vw, 416px\" \/><\/figure><\/div>\n\n\n\n<p><a href=\"https:\/\/boklima.de\/wp-content\/uploads\/photo-gallery\/210702-WAZ-LB-Klimanotstand-Gruene-NeinZumWohnungsbau.jpg?bwg=1625561185\">https:\/\/boklima.de\/wp-content\/uploads\/photo-gallery\/210702-WAZ-LB-Klimanotstand-Gruene-NeinZumWohnungsbau.jpg?bwg=1625561185<\/a><\/p>\n<div id=\"ez-toc-container\" class=\"ez-toc-v2_0_82_2 counter-hierarchy ez-toc-counter ez-toc-transparent ez-toc-container-direction\">\n<div class=\"ez-toc-title-container\">\n<p class=\"ez-toc-title\" style=\"cursor:inherit\">Inhalte dieser Seite :<\/p>\n<span class=\"ez-toc-title-toggle\"><a href=\"#\" class=\"ez-toc-pull-right ez-toc-btn ez-toc-btn-xs ez-toc-btn-default ez-toc-toggle\" aria-label=\"Toggle Table of Content\"><span class=\"ez-toc-js-icon-con\"><span class=\"\"><span class=\"eztoc-hide\" style=\"display:none;\">Toggle<\/span><span class=\"ez-toc-icon-toggle-span\"><svg style=\"fill: #999;color:#999\" xmlns=\"http:\/\/www.w3.org\/2000\/svg\" class=\"list-377408\" width=\"20px\" height=\"20px\" viewBox=\"0 0 24 24\" fill=\"none\"><path d=\"M6 6H4v2h2V6zm14 0H8v2h12V6zM4 11h2v2H4v-2zm16 0H8v2h12v-2zM4 16h2v2H4v-2zm16 0H8v2h12v-2z\" fill=\"currentColor\"><\/path><\/svg><svg style=\"fill: #999;color:#999\" class=\"arrow-unsorted-368013\" xmlns=\"http:\/\/www.w3.org\/2000\/svg\" width=\"10px\" height=\"10px\" viewBox=\"0 0 24 24\" version=\"1.2\" baseProfile=\"tiny\"><path d=\"M18.2 9.3l-6.2-6.3-6.2 6.3c-.2.2-.3.4-.3.7s.1.5.3.7c.2.2.4.3.7.3h11c.3 0 .5-.1.7-.3.2-.2.3-.5.3-.7s-.1-.5-.3-.7zM5.8 14.7l6.2 6.3 6.2-6.3c.2-.2.3-.5.3-.7s-.1-.5-.3-.7c-.2-.2-.4-.3-.7-.3h-11c-.3 0-.5.1-.7.3-.2.2-.3.5-.3.7s.1.5.3.7z\"\/><\/svg><\/span><\/span><\/span><\/a><\/span><\/div>\n<nav><ul class='ez-toc-list ez-toc-list-level-1 eztoc-toggle-hide-by-default' ><li class='ez-toc-page-1 ez-toc-heading-level-2'><a class=\"ez-toc-link ez-toc-heading-1\" href=\"https:\/\/boklima.de\/?p=8859\/#Wohnungsbau_Gruene_ernten_fuer_Nein_zu_Neubau_Kritik\" >Wohnungsbau : Gr\u00fcne ernten f\u00fcr Nein zu Neubau Kritik<\/a><ul class='ez-toc-list-level-3' ><li class='ez-toc-heading-level-3'><a class=\"ez-toc-link ez-toc-heading-2\" href=\"https:\/\/boklima.de\/?p=8859\/#Gruene_in_Bochum_ernten_viel_Kritik_fuer_Nein_zu_Neubauprojekten\" >Gr\u00fcne in Bochum ernten viel Kritik f\u00fcr Nein zu Neubauprojekten<\/a><\/li><li class='ez-toc-page-1 ez-toc-heading-level-3'><a class=\"ez-toc-link ez-toc-heading-3\" href=\"https:\/\/boklima.de\/?p=8859\/#CDU_fordert_verlaessliche_Planung_zur_Schaffung_von_Wohnraum\" >CDU fordert verl\u00e4ssliche Planung zur Schaffung von Wohnraum<\/a><\/li><li class='ez-toc-page-1 ez-toc-heading-level-3'><a class=\"ez-toc-link ez-toc-heading-4\" href=\"https:\/\/boklima.de\/?p=8859\/#Linke_Steigende_Mietpreise_sind_das_Problem\" >Linke: Steigende Mietpreise sind das Problem<\/a><\/li><li class='ez-toc-page-1 ez-toc-heading-level-3'><a class=\"ez-toc-link ez-toc-heading-5\" href=\"https:\/\/boklima.de\/?p=8859\/#FDP_setzt_auf_Verbesserungen_im_Bestand\" >FDP setzt auf Verbesserungen im Bestand<\/a><\/li><\/ul><\/li><li class='ez-toc-page-1 ez-toc-heading-level-2'><a class=\"ez-toc-link ez-toc-heading-6\" href=\"https:\/\/boklima.de\/?p=8859\/#Wohnungsbau_Gruene_in_Bochum_stoppen_den_Wohnungsbau_auf_Freiflaechen\" >Wohnungsbau : Gr\u00fcne in Bochum stoppen den Wohnungsbau auf Freifl\u00e4chen<\/a><ul class='ez-toc-list-level-3' ><li class='ez-toc-heading-level-3'><a class=\"ez-toc-link ez-toc-heading-7\" href=\"https:\/\/boklima.de\/?p=8859\/#Gruene_in_Bochum_stoppen_Wohnungsbau_auf_unversiegelten_Flaechen\" >Gr\u00fcne in Bochum stoppen Wohnungsbau auf unversiegelten Fl\u00e4chen<\/a><\/li><li class='ez-toc-page-1 ez-toc-heading-level-3'><a class=\"ez-toc-link ez-toc-heading-8\" href=\"https:\/\/boklima.de\/?p=8859\/#Handlungskonzept_Wohnen_kommt_auf_den_Pruefstand\" >Handlungskonzept Wohnen kommt auf den Pr\u00fcfstand<\/a><\/li><li class='ez-toc-page-1 ez-toc-heading-level-3'><a class=\"ez-toc-link ez-toc-heading-9\" href=\"https:\/\/boklima.de\/?p=8859\/#SPD_wirft_Koalitionspartner_Wortbruch_vor\" >SPD wirft Koalitionspartner Wortbruch vor<\/a><\/li><li class='ez-toc-page-1 ez-toc-heading-level-3'><a class=\"ez-toc-link ez-toc-heading-10\" href=\"https:\/\/boklima.de\/?p=8859\/#Koalitionsausschuss_tagt_am_Dienstag\" >Koalitionsausschuss tagt am Dienstag<\/a><\/li><\/ul><\/li><li class='ez-toc-page-1 ez-toc-heading-level-2'><a class=\"ez-toc-link ez-toc-heading-11\" href=\"https:\/\/boklima.de\/?p=8859\/#Klimanotstand_%E2%80%94_Leserbrief\" >Klimanotstand &#8212; Leserbrief<\/a><\/li><\/ul><\/nav><\/div>\n","protected":false},"excerpt":{"rendered":"<p>Wohnungsbau : Gr\u00fcne ernten f\u00fcr Nein zu Neubau Kritik (06.07.21 , WAZ.de , Original : hier ) Bochum.&nbsp; Das Nein der Gr\u00fcnen zu neuen Bauprojekten auf freien Fl\u00e4chen ruft Reaktionen hervor. Die CDU spricht von Chaos, der Mieterverein ist irritiert. Das Nein der Gr\u00fcnen zu neuen Bauprojekten auf bislang unversiegelten Fl\u00e4chen bringt nicht nur den &hellip; <a href=\"https:\/\/boklima.de\/?p=8859\" class=\"more-link\"><span class=\"screen-reader-text\">\u201eWohnungsbau : Gr\u00fcne ernten f\u00fcr Nein zu Neubau Kritik &#8212; Gr\u00fcne in Bochum stoppen den Wohnungsbau auf Freifl\u00e4chen &#8212; Leserbrief\u201c <\/span>weiterlesen<\/a><\/p>\n","protected":false},"author":2,"featured_media":0,"comment_status":"closed","ping_status":"closed","sticky":false,"template":"","format":"standard","meta":{"ngg_post_thumbnail":0,"footnotes":"","_share_on_mastodon":"0"},"categories":[156,149,150,104,126,43,46,115,39],"tags":[],"class_list":["post-8859","post","type-post","status-publish","format-standard","hentry","category-relevant-bochum","category-wohnbauflaechenprogramm-klima-schutz-themen","category-wohnbauflaechenprogramm-bebauungsplan","category-oeffentlich-fuer-alle-site-besucher-lesbar","category-versiegelung","category-neubebauung","category-bebauungsplan","category-allg-themen","category-stadtentwicklung"],"share_on_mastodon":{"url":"","error":""},"rttpg_featured_image_url":null,"rttpg_author":{"display_name":"thomas - als admin","author_link":"https:\/\/boklima.de\/?author=2"},"rttpg_comment":0,"rttpg_category":"<a href=\"https:\/\/boklima.de\/?cat=156\" rel=\"category\">relevant-Bochum<\/a> <a href=\"https:\/\/boklima.de\/?cat=149\" rel=\"category\">WohnBauFl\u00e4chenProgramm<\/a> <a href=\"https:\/\/boklima.de\/?cat=150\" rel=\"category\">WohnBauFl\u00e4chenProgramm<\/a> <a href=\"https:\/\/boklima.de\/?cat=104\" rel=\"category\">\u00f6ffentlich (f\u00fcr alle lesbar)<\/a> <a href=\"https:\/\/boklima.de\/?cat=126\" rel=\"category\">Versiegelung<\/a> <a href=\"https:\/\/boklima.de\/?cat=43\" rel=\"category\">Neubebauung<\/a> <a href=\"https:\/\/boklima.de\/?cat=46\" rel=\"category\">Bebauungsplan<\/a> <a href=\"https:\/\/boklima.de\/?cat=115\" rel=\"category\">Allg Themen<\/a> <a href=\"https:\/\/boklima.de\/?cat=39\" rel=\"category\">Stadtentwicklung<\/a>","rttpg_excerpt":"Wohnungsbau : Gr\u00fcne ernten f\u00fcr Nein zu Neubau Kritik (06.07.21 , WAZ.de , Original : hier ) Bochum.&nbsp; Das Nein der Gr\u00fcnen zu neuen Bauprojekten auf freien Fl\u00e4chen ruft Reaktionen hervor. Die CDU spricht von Chaos, der Mieterverein ist irritiert. Das Nein der Gr\u00fcnen zu neuen Bauprojekten auf bislang unversiegelten Fl\u00e4chen bringt nicht nur den&hellip;","_links":{"self":[{"href":"https:\/\/boklima.de\/index.php?rest_route=\/wp\/v2\/posts\/8859","targetHints":{"allow":["GET"]}}],"collection":[{"href":"https:\/\/boklima.de\/index.php?rest_route=\/wp\/v2\/posts"}],"about":[{"href":"https:\/\/boklima.de\/index.php?rest_route=\/wp\/v2\/types\/post"}],"author":[{"embeddable":true,"href":"https:\/\/boklima.de\/index.php?rest_route=\/wp\/v2\/users\/2"}],"replies":[{"embeddable":true,"href":"https:\/\/boklima.de\/index.php?rest_route=%2Fwp%2Fv2%2Fcomments&post=8859"}],"version-history":[{"count":4,"href":"https:\/\/boklima.de\/index.php?rest_route=\/wp\/v2\/posts\/8859\/revisions"}],"predecessor-version":[{"id":8865,"href":"https:\/\/boklima.de\/index.php?rest_route=\/wp\/v2\/posts\/8859\/revisions\/8865"}],"wp:attachment":[{"href":"https:\/\/boklima.de\/index.php?rest_route=%2Fwp%2Fv2%2Fmedia&parent=8859"}],"wp:term":[{"taxonomy":"category","embeddable":true,"href":"https:\/\/boklima.de\/index.php?rest_route=%2Fwp%2Fv2%2Fcategories&post=8859"},{"taxonomy":"post_tag","embeddable":true,"href":"https:\/\/boklima.de\/index.php?rest_route=%2Fwp%2Fv2%2Ftags&post=8859"}],"curies":[{"name":"wp","href":"https:\/\/api.w.org\/{rel}","templated":true}]}}