{"id":8849,"date":"2021-07-06T12:13:45","date_gmt":"2021-07-06T10:13:45","guid":{"rendered":"https:\/\/boklima.de\/?p=8849"},"modified":"2021-07-06T12:13:45","modified_gmt":"2021-07-06T10:13:45","slug":"bochumer-radentscheid-unterbricht-voruebergehend-die-unterschriftensammlung-pm","status":"publish","type":"post","link":"https:\/\/boklima.de\/?p=8849","title":{"rendered":"Bochumer RadEntscheid unterbricht vor\u00fcbergehend die Unterschriftensammlung (PM)"},"content":{"rendered":"\n<p>(06.07.21 , von Radentscheid-bochum.de genaueres <a href=\"https:\/\/www.radentscheid-bochum.de\/nachrichten\/unterbrechung-der-unterschriftensammlung\/\" target=\"_blank\" rel=\"noreferrer noopener\">hier<\/a> )<\/p>\n\n\n\n<div class=\"wp-block-image\"><figure class=\"alignleft size-large is-resized\"><img loading=\"lazy\" decoding=\"async\" src=\"https:\/\/boklima.de\/wp-content\/uploads\/2021\/07\/image-1.png\" alt=\"\" class=\"wp-image-8850\" width=\"217\" height=\"147\" srcset=\"https:\/\/boklima.de\/wp-content\/uploads\/2021\/07\/image-1.png 868w, https:\/\/boklima.de\/wp-content\/uploads\/2021\/07\/image-1-300x203.png 300w, https:\/\/boklima.de\/wp-content\/uploads\/2021\/07\/image-1-768x519.png 768w\" sizes=\"auto, (max-width: 217px) 85vw, 217px\" \/><\/figure><\/div>\n\n\n\n<p>Die Initiative f\u00fcr einen RadEntscheid hat bei einem au\u00dferordentlichen Plenum am Sonntag, den 04.07., beschlossen, die Unterschriftenkampagne f\u00fcr besseren Radverkehr zu unterbrechen. Grund daf\u00fcr ist ein Schreiben der Stadtverwaltung vom vergangenen Freitag, in dem ein formaler Fehler auf den Listen bem\u00e4ngelt und eine \u00dcberarbeitung empfohlen wird. Es handelt sich um den gesetzlich erforderlichen Hinweis zur Kostensch\u00e4tzung der Stadt Bochum, den die Stadtverwaltung als formalrechtlich inkorrekt ansieht. Bei einem Gespr\u00e4chstermin am kommenden Donnerstag werden Vertreterinnen und Vertreter der Initiative im Gespr\u00e4ch mit Vertretern der Stadtverwaltung das weitere Vorgehen besprechen. In jedem Fall m\u00fcssen die Listen korrigiert, neu gedruckt und verteilt werden.\u00a0<\/p>\n\n\n\n<p><br>Ziel ist es, die Unterschriftensammlung in wenigen Tagen mit einer korrigierten Liste wieder aufzunehmen. \u201eSolche formalen Fehler k\u00f6nnen passieren, ein B\u00fcrgerbegehren ist rechtlich ziemlich anspruchsvoll. Aber die Unterschriftensammlung hat ja zum Gl\u00fcck gerade erst begonnen. Wir sind sicher, dass wir die erforderlichen 12.000 Unterschriften erreichen, bisher lief es jedenfalls super! Wir sp\u00fcren deutlich, dass viele Bochumer:innen das Anliegen unterst\u00fctzen, mehr Tempo bei der Radinfrastruktur zu erwirken\u201c, so Kristin Schwierz, eine der drei offiziell Vertretungsberechtigten des RadEntscheids.<\/p>\n\n\n\n<p>Erst am 26. Juni hatte die Initiative damit begonnen, Unterschriften zu sammeln, nachdem die Stadtverwaltung die Kostensch\u00e4tzung f\u00fcr die Umsetzung der Forderungen aufgestellt hatte.&nbsp;<\/p>\n\n\n\n<p>Die Stadtverwaltung sch\u00e4tzt die Summe f\u00fcr den Ausbau der Radinfrastruktur auf 427,5 Millionen Euro f\u00fcr einen Zeitraum von neun Jahren. Die Kosten sollen gedeckt werden aus kommunalen Mitteln in H\u00f6he von 267,5 Millionen, F\u00f6rdermitteln von Bund und Land in H\u00f6he von 83 Millionen und Anliegerbeitr\u00e4gen mit 77 Millionen Euro. Die RadEntscheid-Initiative geht davon aus, dass ein deutlich h\u00f6herer Anteil der Kosten durch F\u00f6rdermittel und Zusch\u00fcsse gedeckt werden kann.<\/p>\n\n\n\n<p>Die Gemeindeordnung NRW, die die Durchf\u00fchrung von B\u00fcrgerbegehren regelt, schreibt vor, dass die offizielle Kostensch\u00e4tzung aus Transparenzgr\u00fcnden auf den Unterschriftenlisten aufgef\u00fchrt werden muss.<\/p>\n","protected":false},"excerpt":{"rendered":"<p>(06.07.21 , von Radentscheid-bochum.de genaueres hier ) Die Initiative f\u00fcr einen RadEntscheid hat bei einem au\u00dferordentlichen Plenum am Sonntag, den 04.07., beschlossen, die Unterschriftenkampagne f\u00fcr besseren Radverkehr zu unterbrechen. Grund daf\u00fcr ist ein Schreiben der Stadtverwaltung vom vergangenen Freitag, in dem ein formaler Fehler auf den Listen bem\u00e4ngelt und eine \u00dcberarbeitung empfohlen wird. Es handelt &hellip; <a href=\"https:\/\/boklima.de\/?p=8849\" class=\"more-link\"><span class=\"screen-reader-text\">\u201eBochumer RadEntscheid unterbricht vor\u00fcbergehend die Unterschriftensammlung (PM)\u201c <\/span>weiterlesen<\/a><\/p>\n","protected":false},"author":2,"featured_media":0,"comment_status":"closed","ping_status":"closed","sticky":false,"template":"","format":"standard","meta":{"ngg_post_thumbnail":0,"footnotes":"","_share_on_mastodon":"0"},"categories":[156,158,104,115],"tags":[],"class_list":["post-8849","post","type-post","status-publish","format-standard","hentry","category-relevant-bochum","category-verkehr","category-oeffentlich-fuer-alle-site-besucher-lesbar","category-allg-themen"],"share_on_mastodon":{"url":"","error":""},"rttpg_featured_image_url":null,"rttpg_author":{"display_name":"thomas - als admin","author_link":"https:\/\/boklima.de\/?author=2"},"rttpg_comment":0,"rttpg_category":"<a href=\"https:\/\/boklima.de\/?cat=156\" rel=\"category\">relevant-Bochum<\/a> <a href=\"https:\/\/boklima.de\/?cat=158\" rel=\"category\">Verkehr<\/a> <a href=\"https:\/\/boklima.de\/?cat=104\" rel=\"category\">\u00f6ffentlich (f\u00fcr alle lesbar)<\/a> <a href=\"https:\/\/boklima.de\/?cat=115\" rel=\"category\">Allg Themen<\/a>","rttpg_excerpt":"(06.07.21 , von Radentscheid-bochum.de genaueres hier ) Die Initiative f\u00fcr einen RadEntscheid hat bei einem au\u00dferordentlichen Plenum am Sonntag, den 04.07., beschlossen, die Unterschriftenkampagne f\u00fcr besseren Radverkehr zu unterbrechen. Grund daf\u00fcr ist ein Schreiben der Stadtverwaltung vom vergangenen Freitag, in dem ein formaler Fehler auf den Listen bem\u00e4ngelt und eine \u00dcberarbeitung empfohlen wird. Es handelt&hellip;","_links":{"self":[{"href":"https:\/\/boklima.de\/index.php?rest_route=\/wp\/v2\/posts\/8849","targetHints":{"allow":["GET"]}}],"collection":[{"href":"https:\/\/boklima.de\/index.php?rest_route=\/wp\/v2\/posts"}],"about":[{"href":"https:\/\/boklima.de\/index.php?rest_route=\/wp\/v2\/types\/post"}],"author":[{"embeddable":true,"href":"https:\/\/boklima.de\/index.php?rest_route=\/wp\/v2\/users\/2"}],"replies":[{"embeddable":true,"href":"https:\/\/boklima.de\/index.php?rest_route=%2Fwp%2Fv2%2Fcomments&post=8849"}],"version-history":[{"count":1,"href":"https:\/\/boklima.de\/index.php?rest_route=\/wp\/v2\/posts\/8849\/revisions"}],"predecessor-version":[{"id":8851,"href":"https:\/\/boklima.de\/index.php?rest_route=\/wp\/v2\/posts\/8849\/revisions\/8851"}],"wp:attachment":[{"href":"https:\/\/boklima.de\/index.php?rest_route=%2Fwp%2Fv2%2Fmedia&parent=8849"}],"wp:term":[{"taxonomy":"category","embeddable":true,"href":"https:\/\/boklima.de\/index.php?rest_route=%2Fwp%2Fv2%2Fcategories&post=8849"},{"taxonomy":"post_tag","embeddable":true,"href":"https:\/\/boklima.de\/index.php?rest_route=%2Fwp%2Fv2%2Ftags&post=8849"}],"curies":[{"name":"wp","href":"https:\/\/api.w.org\/{rel}","templated":true}]}}