{"id":8842,"date":"2021-07-06T12:01:01","date_gmt":"2021-07-06T10:01:01","guid":{"rendered":"https:\/\/boklima.de\/?p=8842"},"modified":"2021-07-06T12:06:10","modified_gmt":"2021-07-06T10:06:10","slug":"aufschrei-der-jugend-generation-fridays-for-future-arte","status":"publish","type":"post","link":"https:\/\/boklima.de\/?p=8842","title":{"rendered":"Aufschrei der Jugend &#8211; Generation &#8220;Fridays for Future&#8221; (Arte)"},"content":{"rendered":"\n<p>(04.07.21 , von arte.de , Mediathek  <a href=\"https:\/\/www.ardmediathek.de\/video\/the-european-collection\/aufschrei-der-jugend-generation-fridays-for-future\/arte\/Y3JpZDovL2FydGUudHYvMDk3ODg2LTAwOC1B\/\" target=\"_blank\" rel=\"noreferrer noopener\">hier<\/a>  )<\/p>\n\n\n\n<p>(direkt zum Video via MediathekView : <a href=\"https:\/\/cdn-storage.br.de\/geo\/MUJIuUOVBwQIbtC2uKJDM6OhuLnC_2rH_K1S\/_-JS\/_Avp5-r6_U1S\/eafa2dbf-fc48-4073-b1e4-32cf8bdb6088_C.mp4\" target=\"_blank\" rel=\"noreferrer noopener\">hier<\/a> )<\/p>\n\n\n\n<p><\/p>\n\n\n\n<div class=\"wp-block-image\"><figure class=\"alignleft size-large is-resized\"><a href=\"https:\/\/cdn-storage.br.de\/geo\/MUJIuUOVBwQIbtC2uKJDM6OhuLnC_2rH_K1S\/_-JS\/_Avp5-r6_U1S\/eafa2dbf-fc48-4073-b1e4-32cf8bdb6088_C.mp4\" target=\"_blank\" rel=\"noopener\"><img loading=\"lazy\" decoding=\"async\" src=\"https:\/\/boklima.de\/wp-content\/uploads\/2021\/07\/image.png\" alt=\"\" class=\"wp-image-8844\" width=\"223\" height=\"127\" srcset=\"https:\/\/boklima.de\/wp-content\/uploads\/2021\/07\/image.png 893w, https:\/\/boklima.de\/wp-content\/uploads\/2021\/07\/image-300x171.png 300w, https:\/\/boklima.de\/wp-content\/uploads\/2021\/07\/image-768x438.png 768w\" sizes=\"auto, (max-width: 223px) 85vw, 223px\" \/><\/a><\/figure><\/div>\n\n\n\n<p>Dieser Beitrag des RBB ist Teil von&nbsp;The European Collection, einer gemeinsamen Initiative \u00f6ffentlich-rechtlicher Medien in Europa (ARD, ARTE, France T\u00e9l\u00e9visions, SRG SSR und ZDF), koordiniert von ARTE. &#8220;Fridays for Future&#8221;: Wer sind die jungen Menschen, die auf die Stra\u00dfe gehen? Der Film begleitet sie und zeigt, wie vielf\u00e4ltig, sch\u00f6pferisch und kr\u00e4ftezehrend die Protestarbeit ist, er erz\u00e4hlt von ihren \u00c4ngsten, Tr\u00e4umen, Erfolgen und Niederlagen. 2020 wird zur gro\u00dfen Herausforderung: Corona hat die Protestform ver\u00e4ndert und ihre Forderungen verdr\u00e4ngt.<\/p>\n\n\n\n<p>Seit M\u00e4rz 2019 begleitet die Filmemacherin Kathrin Pitterling Berliner Protagonisten von &#8220;Fridays for Future&#8221;: Was k\u00f6nnen sie bewegen? Und: Wie ver\u00e4ndert sich ihr Kampf? In &#8220;Aufschrei der Jugend&#8221; wird gezeigt, wie vielf\u00e4ltig, sch\u00f6pferisch und kr\u00e4ftezehrend die Protestarbeit ist. Das Filmteam begleitet die jungen Aktivistinnen und Aktivisten bei ihrer Suche nach immer wirkungsvolleren Protestform \u2026..<\/p>\n\n\n\n<p>Die Forderungen der Aktivisten von &#8220;Fridays for Future&#8221; werden derzeit vom aktuellen Geschehen verdr\u00e4ngt. Der Film zeigt, was die Corona-Pandemie mit der Umweltbewegung macht &#8211; und zeichnet das Portr\u00e4t einer engagierten Generation.<\/p>\n","protected":false},"excerpt":{"rendered":"<p>(04.07.21 , von arte.de , Mediathek hier ) (direkt zum Video via MediathekView : hier ) Dieser Beitrag des RBB ist Teil von&nbsp;The European Collection, einer gemeinsamen Initiative \u00f6ffentlich-rechtlicher Medien in Europa (ARD, ARTE, France T\u00e9l\u00e9visions, SRG SSR und ZDF), koordiniert von ARTE. &#8220;Fridays for Future&#8221;: Wer sind die jungen Menschen, die auf die Stra\u00dfe &hellip; <a href=\"https:\/\/boklima.de\/?p=8842\" class=\"more-link\"><span class=\"screen-reader-text\">\u201eAufschrei der Jugend &#8211; Generation &#8220;Fridays for Future&#8221; (Arte)\u201c <\/span>weiterlesen<\/a><\/p>\n","protected":false},"author":2,"featured_media":0,"comment_status":"closed","ping_status":"closed","sticky":false,"template":"","format":"standard","meta":{"ngg_post_thumbnail":0,"footnotes":"","_share_on_mastodon":"0"},"categories":[157,104,115],"tags":[],"class_list":["post-8842","post","type-post","status-publish","format-standard","hentry","category-relevant-klimanews","category-oeffentlich-fuer-alle-site-besucher-lesbar","category-allg-themen"],"share_on_mastodon":{"url":"","error":""},"rttpg_featured_image_url":null,"rttpg_author":{"display_name":"thomas - als admin","author_link":"https:\/\/boklima.de\/?author=2"},"rttpg_comment":0,"rttpg_category":"<a href=\"https:\/\/boklima.de\/?cat=157\" rel=\"category\">relevant-KlimaNews<\/a> <a href=\"https:\/\/boklima.de\/?cat=104\" rel=\"category\">\u00f6ffentlich (f\u00fcr alle lesbar)<\/a> <a href=\"https:\/\/boklima.de\/?cat=115\" rel=\"category\">Allg Themen<\/a>","rttpg_excerpt":"(04.07.21 , von arte.de , Mediathek hier ) (direkt zum Video via MediathekView : hier ) Dieser Beitrag des RBB ist Teil von&nbsp;The European Collection, einer gemeinsamen Initiative \u00f6ffentlich-rechtlicher Medien in Europa (ARD, ARTE, France T\u00e9l\u00e9visions, SRG SSR und ZDF), koordiniert von ARTE. &#8220;Fridays for Future&#8221;: Wer sind die jungen Menschen, die auf die Stra\u00dfe&hellip;","_links":{"self":[{"href":"https:\/\/boklima.de\/index.php?rest_route=\/wp\/v2\/posts\/8842","targetHints":{"allow":["GET"]}}],"collection":[{"href":"https:\/\/boklima.de\/index.php?rest_route=\/wp\/v2\/posts"}],"about":[{"href":"https:\/\/boklima.de\/index.php?rest_route=\/wp\/v2\/types\/post"}],"author":[{"embeddable":true,"href":"https:\/\/boklima.de\/index.php?rest_route=\/wp\/v2\/users\/2"}],"replies":[{"embeddable":true,"href":"https:\/\/boklima.de\/index.php?rest_route=%2Fwp%2Fv2%2Fcomments&post=8842"}],"version-history":[{"count":4,"href":"https:\/\/boklima.de\/index.php?rest_route=\/wp\/v2\/posts\/8842\/revisions"}],"predecessor-version":[{"id":8848,"href":"https:\/\/boklima.de\/index.php?rest_route=\/wp\/v2\/posts\/8842\/revisions\/8848"}],"wp:attachment":[{"href":"https:\/\/boklima.de\/index.php?rest_route=%2Fwp%2Fv2%2Fmedia&parent=8842"}],"wp:term":[{"taxonomy":"category","embeddable":true,"href":"https:\/\/boklima.de\/index.php?rest_route=%2Fwp%2Fv2%2Fcategories&post=8842"},{"taxonomy":"post_tag","embeddable":true,"href":"https:\/\/boklima.de\/index.php?rest_route=%2Fwp%2Fv2%2Ftags&post=8842"}],"curies":[{"name":"wp","href":"https:\/\/api.w.org\/{rel}","templated":true}]}}