{"id":8775,"date":"2021-06-30T12:40:16","date_gmt":"2021-06-30T10:40:16","guid":{"rendered":"https:\/\/boklima.de\/?p=8775"},"modified":"2021-06-30T12:43:03","modified_gmt":"2021-06-30T10:43:03","slug":"von-tornado-bis-hagel-was-hinter-den-wetterextremen-steckt","status":"publish","type":"post","link":"https:\/\/boklima.de\/?p=8775","title":{"rendered":"Von Tornado bis Hagel &#8211; Was hinter den Wetterextremen steckt"},"content":{"rendered":"\n<p>(25.06.21 , ORF , Original : <a href=\"https:\/\/orf.at\/stories\/3218747\/?utm_source=pocket-newtab-global-de-DE\" target=\"_blank\" rel=\"noreferrer noopener\">hier<\/a> )<\/p>\n\n\n\n<p>In der Nacht auf Freitag hat in Tschechien ein au\u00dfergew\u00f6hnlich starker Tornado gew\u00fctet. Auch in Deutschland und \u00d6sterreich kam es zu heftigen Hagel- und Sturmunwettern. Die Zentralanstalt f\u00fcr Meteorologie und Geodynamik (ZAMG) spricht von der <strong>\u201eschlimmsten Gewitterlage seit Jahrzehnten in Europa\u201c<\/strong>. <\/p>\n\n\n\n<p>Doch was steckt hinter den Wetterextremen? Hat es die \u201eimmer schon gegeben\u201c oder sind es bereits Vorboten einer \u201eneuen Normalit\u00e4t\u201c? Und welche Rolle spielt die Klimakrise dabei? <\/p>\n\n\n\n<p>\u201eTornados dieser Intensit\u00e4t sind \u00e4u\u00dferst selten in Europa\u201c, sagte Rainer Kaltenberger, Meteorologe bei der ZAMG, gegen\u00fcber ORF.at. Auf der f\u00fcnfteiligen Fujita-Skala wurde er vorerst als Tornado der Klasse drei eingestuft. Dabei handelt es sich um Sturmgeschwindigkeiten von 254 bis 332 km\/h, die schwere Sch\u00e4den verursachen k\u00f6nnen. D\u00e4cher und leichte W\u00e4nde werden abgetragen, Z\u00fcge entgleisen, Wald wird gro\u00dfteils entwurzelt, Autos werden umgeworfen, verschoben oder sogar angehoben.<\/p>\n\n\n\n<p>Prinzipiell seien Tornados in Europa nicht ungew\u00f6hnlich. Auch in \u00d6sterreich gebe es im Durchschnitt etwa zwei bis f\u00fcnf im Jahr. Allerdings seien diese meist nur im Bereich F0 bis F2 zu verorten, also mit Windspitzen bis zu 220 km\/h, erkl\u00e4rte Kaltenberger. Einen \u00e4hnlich starken wie in Tschechien gab es in \u00d6sterreich zuletzt vor mehr als einem Jahrhundert, im Jahr 1916 in Wiener Neustadt. Damals starben \u00fcber 30 Menschen. Tornados in \u00d6sterreich1950-2020<\/p>\n\n\n\n<p>Quelle: <a href=\"https:\/\/orf.at\/stories\/3218747\/www.essl.org\" target=\"_blank\" rel=\"noreferrer noopener\">European Severe Storms Laboratory<\/a><\/p>\n\n\n\n<h3 class=\"wp-block-heading\"><span class=\"ez-toc-section\" id=\"Tennisballgrosse_Hagelkoerner_%E2%80%9Enormal%E2%80%9C\"><\/span>Tennisballgro\u00dfe Hagelk\u00f6rner \u201enormal\u201c?<span class=\"ez-toc-section-end\"><\/span><\/h3>\n\n\n\n<p>Auch heftige Unwetter mit tennisballgro\u00dfen Hagelk\u00f6rnern wie sie in den vergangenen Tagen vorkamen und zu Sch\u00e4den in Millionenh\u00f6he f\u00fchrten, seien an sich nichts Neues, diese habe es so bereits in den Jahren zuvor gegeben, so Kaltenberger. Schnell lie\u00dfe sich daher zu dem Schluss kommen, dass es Extremwetterereignisse wie diese eben \u201eimmer schon gegeben hat\u201c und sie daher keinen \u201eBeweis\u201c f\u00fcr die Existenz der menschengemachten Klimakrise darstellen \u2013 so zumindest die g\u00e4ngige Argumentation der Klimawandelskeptiker. Doch ganz so einfach ist es nicht.<\/p>\n\n\n\n<p>Was Hagel betrifft, meint Kaltenberger zwar: \u201eMan kann nicht sagen, aufgrund dieser Hagelkorngr\u00f6\u00dfe war das jetzt der Klimawandel.\u201c \u00c4hnlich verh\u00e4lt es sich mit Tornados: Da es sich bei Tornados nicht nur um sehr kleinr\u00e4umige und kurzlebige, sondern auch um eher seltene Ereignisse handle, k\u00f6nne aufgrund der Datenlage tats\u00e4chlich nicht von einer Zunahme in Bezug auf den Klimawandel gesprochen werden, so Kaltenberger. Auch in der \u201eWarnsignale Klima\u201c-Brosch\u00fcre der Uni Hamburg ist zu lesen, dass eine Zunahme von Tornados infolge des Klimawandels \u201ebis jetzt nicht nachgewiesen werden\u201c konnte. Zweifellos z\u00e4hlten diese jedoch zu den \u201eschlimmsten Naturgewalten\u201c.<\/p>\n\n\n\n<h2 class=\"wp-block-heading\"><span class=\"ez-toc-section\" id=\"Potenzial_fuer_Extremwetterereignisse_steigt\"><\/span>Potenzial f\u00fcr Extremwetterereignisse steigt<span class=\"ez-toc-section-end\"><\/span><\/h2>\n\n\n\n<p>Was hingegen allerdings sehr wohl mit der Klimakrise zusammenh\u00e4nge, sei ein steigendes Potenzial f\u00fcr Extremwettereignisse, erkl\u00e4rte Kaltenberger. \u201eDas ist beobachtbar. Da gibt es eine statistische H\u00e4ufung. Laut Berechnungen von Klimamodellen werden in den kommenden Jahren und Jahrzehnten die Grundlagen f\u00fcr Extremwetter einfach h\u00e4ufiger werden.\u201c<\/p>\n\n\n\n<hr class=\"wp-block-separator\"\/>\n\n\n\n<h3 class=\"wp-block-heading\"><span class=\"ez-toc-section\" id=\"Buchhinweis\"><\/span>Buchhinweis<span class=\"ez-toc-section-end\"><\/span><\/h3>\n\n\n\n<p>Stefan Rahmstorf und Schellnhuber: Der Klimawandel. Verlag: C. H. Beck Wissen, 144 Seiten, 10,30 Euro.<\/p>\n\n\n\n<hr class=\"wp-block-separator\"\/>\n\n\n\n<p>Die deutschen Klimaforscher Stefan Rahmstorf und Hans Joachim Schellnhuber schreiben in ihrem Werk \u201eDer Klimawandel\u201c, dass Wetterextreme wie St\u00fcrme, \u00dcberschwemmungen und D\u00fcrren jene Auswirkungen des Klimawandels seien, die viele Menschen \u201eam direktesten zu sp\u00fcren bekommen\u201c. Eine Zunahme sei allerdings nicht so leicht nachweisbar, \u201eda die Klimaerw\u00e4rmung bislang noch moderat und Extremereignisse per Definition selten sind \u2013 \u00fcber kleine Fallzahlen lassen sich kaum gesicherte statistische Aussagen machen\u201c.<\/p>\n\n\n\n<p>Ein paar Zeilen weiter darunter hei\u00dft es allerdings: \u201eZwar lassen sich einzelne Extremereignisse nicht direkt auf eine bestimmte Ursache zur\u00fcckf\u00fchren. Doch man kann zeigen, dass sich die Wahrscheinlichkeit (oder H\u00e4ufigkeit) bestimmter Ereignisse durch die globale Erw\u00e4rmung erh\u00f6ht.\u201c Vergleichbar sei das mit der Tatsache, dass Raucher und Raucherinnen h\u00e4ufiger Lungenkrebs bek\u00e4men, es sich im Einzelfall aber nicht beweisen lie\u00dfe, ob der Patient nicht auch ohne zu rauchen Krebs bekommen h\u00e4tte.<a href=\"https:\/\/www.essl.org\">European Severe Storms Laboratory<\/a>\/<a target=\"_blank\" href=\"http:\/\/www.openstreetmap.org\/copyright\" rel=\"noreferrer noopener\">OpenStreetMap<\/a> 500 km<a href=\"https:\/\/orf.at\/stories\/3218747\/?utm_source=pocket-newtab-global-de-DE#\">+<\/a><a href=\"https:\/\/orf.at\/stories\/3218747\/?utm_source=pocket-newtab-global-de-DE#\">\u2212<\/a> Die 25 st\u00e4rksten Tornados in Europa von 1950 bis 2020<\/p>\n\n\n\n<h3 class=\"wp-block-heading\"><span class=\"ez-toc-section\" id=\"Mehr_Waerme_mehr_Energie_mehr_Unwetter\"><\/span>Mehr W\u00e4rme, mehr Energie, mehr Unwetter<span class=\"ez-toc-section-end\"><\/span><\/h3>\n\n\n\n<p>Die Zahlen scheinen den Klimaforschern recht zu geben: Laut ZAMG nahmen Wetterlagen, die schwere Gewitter verursachen k\u00f6nnen, in Europa seit den 2000er Jahren \u201edeutlich\u201c zu, in Europa um 30 bis 50 Prozent, in \u00d6sterreich um rund 20 Prozent. Ein Hauptfaktor sei die Bodenfeuchtigkeit, wie Georg Pistotnik, Klimaforscher bei der ZAMG, gegen\u00fcber \u00d61 erkl\u00e4rte.<a href=\"https:\/\/radiothek.orf.at\/oe1\/20210625\/641939\/1624615768000?origin=orf.at\" target=\"_blank\" rel=\"noreferrer noopener\">Radiothek 25.6.2021, 10.00 Uhr<\/a><\/p>\n\n\n\n<h3 class=\"wp-block-heading\"><span class=\"ez-toc-section\" id=\"Klimaforscher_Unwetter_nehmen_zu\"><\/span>Klimaforscher: Unwetter nehmen zu<span class=\"ez-toc-section-end\"><\/span><\/h3>\n\n\n\n<p><a href=\"https:\/\/radiothek.orf.at\/oe1\/20210625\/641939\/1624615768000?origin=orf.at\" target=\"_blank\" rel=\"noreferrer noopener\">\u00d61 Mittagsjournal<\/a><\/p>\n\n\n\n<p>Auch die Klimaforscherin Helga Kromp-Kolb von der Universit\u00e4t f\u00fcr Bodenkultur (BOKU) erkl\u00e4rte bei einer Pressekonferenz am Freitag den Mechanismus, der der zunehmenden H\u00e4ufigkeit von Unwettern zugrunde liegt. \u201eWenn sich die Lufth\u00fclle der Erde erw\u00e4rmt, entsteht mehr Energie. Zudem kann die w\u00e4rmere Luft mehr Wasserdampf aufnehmen.\u201c Wenn sich Energie und Wasser entl\u00fcden, seien heftigere Regenf\u00e4lle, Unwetter und Hagel sowie eventuell sogar Tornados die Folge. Damit sich ein Tornado bilden kann, braucht es gro\u00dfe Wolken, Gewitter und unterschiedliche Windrichtungen in verschiedenen H\u00f6hen.<\/p>\n\n\n\n<div class=\"wp-block-image\"><figure class=\"alignleft is-resized\"><img loading=\"lazy\" decoding=\"async\" src=\"https:\/\/assets.orf.at\/mims\/2021\/26\/98\/crops\/w=800,q=90\/989884_body_348498_klima_wetter_tornado_analyse_grafik_body_a.png?s=5b02bbe77709f1875fef0d85024b8e73b6d41ded\" alt=\"Grafik zeigt die Entstehung eines Tornados\" width=\"200\" height=\"175\"\/><\/figure><\/div>\n\n\n\n<p>Beim Hagel m\u00fcsse man davon ausgehen, dass sowohl die Ereignisse h\u00e4ufiger als auch die K\u00f6rner gr\u00f6\u00dfer werden, das zeige die Statistik bereits jetzt deutlich. Grund f\u00fcr diese Entwicklung sei, dass die Luftmassen mit der Erw\u00e4rmung unbest\u00e4ndiger werden.<a href=\"https:\/\/debatte.orf.at\/stories\/1817027\/\" target=\"_blank\" rel=\"noreferrer noopener\"> Debatte Extremwetter: Wie die Klimakrise aufhalten?<\/a><\/p>\n\n\n\n<h3 class=\"wp-block-heading\"><span class=\"ez-toc-section\" id=\"Exponentielle_Entwicklung_erwartet\"><\/span>Exponentielle Entwicklung erwartet<span class=\"ez-toc-section-end\"><\/span><\/h3>\n\n\n\n<p>Die Ereignisse dieses Sommers seien insgesamt nicht \u00fcberraschend, \u201ees entwickelt sich so, wie die Wissenschaft das erwartet hat\u201c, sagte die Klimaforscherin und betonte, dass die weitere Entwicklung nicht linear, sondern exponentiell verlaufen werde. Das n\u00e4chste halbe Grad Erw\u00e4rmung werde daher deutlich mehr Probleme bringen als das vorangegangene.<\/p>\n\n\n\n<p>\u201eWir spielen mit dem Feuer\u201c, und da d\u00fcrfe man sich nicht wundern, \u201ewenn man sich die Finger verbrennt. Wir als Gesellschaft und als \u00d6sterreich haben unsere Hausaufgaben nicht gemacht.\u201c Die Politik sei immer noch mit dem Formulieren von Zielen besch\u00e4ftigt anstatt mit der Umsetzung von Ma\u00dfnahmen. Grund sei vermutlich die \u201eAngst vor Verzicht\u201c, wobei Klimaschutzma\u00dfnahmen nicht nur Verzicht, sondern vor allem auch \u201eein besseres Leben\u201c bringen w\u00fcrden, appellierte Kromp-Kolb.<\/p>\n\n\n\n<h3 class=\"wp-block-heading\"><span class=\"ez-toc-section\" id=\"Appell_Augen_nicht_vor_Realitaet_verschliessen\"><\/span>Appell: Augen nicht vor Realit\u00e4t verschlie\u00dfen<span class=\"ez-toc-section-end\"><\/span><\/h3>\n\n\n\n<p>Der Klimapolitikexperte Reinhard Steurer von der BOKU konstatierte im Gespr\u00e4ch mit ORF.at eine weit verbreitete Verleugnung und Verharmlosung in Krisenzeiten, \u201eweil sie helfen, mit der zunehmend bedrohlichen Realit\u00e4t besser zurechtzukommen. Wenn man ein Problem oder dessen Folgen nicht zur Kenntnis nimmt, kann man weitermachen wie bisher \u2013 zumindest kurzfristig.\u201c<\/p>\n\n\n\n<p><a href=\"https:\/\/tvthek.orf.at\/profile\/ZIB-2\/1211\/ZIB-2\/14096811\/Meteorologe-ueber-Tornados\/14947504\" target=\"_blank\" rel=\"noreferrer noopener\">ZIB 2, 25.6.2021<\/a><\/p>\n\n\n\n<p><\/p>\n\n\n\n<p>Langfristig gewinne aber immer die Realit\u00e4t.&#8221; Er warnt daher davor, die Augen zu verschlie\u00dfen. \u201eWenn wir so weitermachen wie bisher, dann bedeutet das im Fall der Klimakrise sehr viel vermeidbares Leid, ja sogar eine Gef\u00e4hrdung der menschlichen Zivilisation, wie wir sie heute kennen.\u201c<\/p>\n\n\n\n<p>Text: Tamara Sill, Grafik: Sandra Schober; beide ORF.at\/<a href=\"https:\/\/orf.at\/stories\/impressum-nachrichtenagenturen\/\">Agenturen<\/a><\/p>\n\n\n\n<h2 class=\"wp-block-heading\"><span class=\"ez-toc-section\" id=\"Links\"><\/span>Links:<span class=\"ez-toc-section-end\"><\/span><\/h2>\n\n\n\n<ul class=\"wp-block-list\"><li><a href=\"https:\/\/www.zamg.ac.at\/cms\/de\/klima\/news\/wetterlagen-mit-unwetterpotenzial-haben-zugenommen\" target=\"_blank\" rel=\"noreferrer noopener\">ZAMG<\/a><\/li><li><a href=\"https:\/\/boku.ac.at\/personen\/person\/DF3AFC8499E07205\/\" target=\"_blank\" rel=\"noreferrer noopener\">Reinhard Steurer<\/a><\/li><li><a href=\"https:\/\/forschung.boku.ac.at\/fis\/suchen.person_uebersicht?id_in=3431&amp;menue_id_in=101&amp;sprache_in=de\" target=\"_blank\" rel=\"noreferrer noopener\">Helga Kromp-Kolb<\/a><\/li><li><a href=\"https:\/\/www.klima-warnsignale.uni-hamburg.de\/wp-content\/uploads\/pdf\/de\/broschueren\/BroschuereWetterextreme.pdf\" target=\"_blank\" rel=\"noreferrer noopener\">Klimabrosch\u00fcre zu Wetterextremen<\/a> (Uni Hamburg)<\/li><\/ul>\n\n\n\n<hr class=\"wp-block-separator\"\/>\n\n\n\n<p>Tip von Ingo<\/p>\n<div id=\"ez-toc-container\" class=\"ez-toc-v2_0_82_2 counter-hierarchy ez-toc-counter ez-toc-transparent ez-toc-container-direction\">\n<div class=\"ez-toc-title-container\">\n<p class=\"ez-toc-title\" style=\"cursor:inherit\">Inhalte dieser Seite :<\/p>\n<span class=\"ez-toc-title-toggle\"><a href=\"#\" class=\"ez-toc-pull-right ez-toc-btn ez-toc-btn-xs ez-toc-btn-default ez-toc-toggle\" aria-label=\"Toggle Table of Content\"><span class=\"ez-toc-js-icon-con\"><span class=\"\"><span class=\"eztoc-hide\" style=\"display:none;\">Toggle<\/span><span class=\"ez-toc-icon-toggle-span\"><svg style=\"fill: #999;color:#999\" xmlns=\"http:\/\/www.w3.org\/2000\/svg\" class=\"list-377408\" width=\"20px\" height=\"20px\" viewBox=\"0 0 24 24\" fill=\"none\"><path d=\"M6 6H4v2h2V6zm14 0H8v2h12V6zM4 11h2v2H4v-2zm16 0H8v2h12v-2zM4 16h2v2H4v-2zm16 0H8v2h12v-2z\" fill=\"currentColor\"><\/path><\/svg><svg style=\"fill: #999;color:#999\" class=\"arrow-unsorted-368013\" xmlns=\"http:\/\/www.w3.org\/2000\/svg\" width=\"10px\" height=\"10px\" viewBox=\"0 0 24 24\" version=\"1.2\" baseProfile=\"tiny\"><path d=\"M18.2 9.3l-6.2-6.3-6.2 6.3c-.2.2-.3.4-.3.7s.1.5.3.7c.2.2.4.3.7.3h11c.3 0 .5-.1.7-.3.2-.2.3-.5.3-.7s-.1-.5-.3-.7zM5.8 14.7l6.2 6.3 6.2-6.3c.2-.2.3-.5.3-.7s-.1-.5-.3-.7c-.2-.2-.4-.3-.7-.3h-11c-.3 0-.5.1-.7.3-.2.2-.3.5-.3.7s.1.5.3.7z\"\/><\/svg><\/span><\/span><\/span><\/a><\/span><\/div>\n<nav><ul class='ez-toc-list ez-toc-list-level-1 eztoc-toggle-hide-by-default' ><ul class='ez-toc-list-level-3' ><li class='ez-toc-heading-level-3'><a class=\"ez-toc-link ez-toc-heading-1\" href=\"https:\/\/boklima.de\/?p=8775\/#Tennisballgrosse_Hagelkoerner_%E2%80%9Enormal%E2%80%9C\" >Tennisballgro\u00dfe Hagelk\u00f6rner \u201enormal\u201c?<\/a><\/li><\/ul><\/li><li class='ez-toc-page-1 ez-toc-heading-level-2'><a class=\"ez-toc-link ez-toc-heading-2\" href=\"https:\/\/boklima.de\/?p=8775\/#Potenzial_fuer_Extremwetterereignisse_steigt\" >Potenzial f\u00fcr Extremwetterereignisse steigt<\/a><ul class='ez-toc-list-level-3' ><li class='ez-toc-heading-level-3'><a class=\"ez-toc-link ez-toc-heading-3\" href=\"https:\/\/boklima.de\/?p=8775\/#Buchhinweis\" >Buchhinweis<\/a><\/li><li class='ez-toc-page-1 ez-toc-heading-level-3'><a class=\"ez-toc-link ez-toc-heading-4\" href=\"https:\/\/boklima.de\/?p=8775\/#Mehr_Waerme_mehr_Energie_mehr_Unwetter\" >Mehr W\u00e4rme, mehr Energie, mehr Unwetter<\/a><\/li><li class='ez-toc-page-1 ez-toc-heading-level-3'><a class=\"ez-toc-link ez-toc-heading-5\" href=\"https:\/\/boklima.de\/?p=8775\/#Klimaforscher_Unwetter_nehmen_zu\" >Klimaforscher: Unwetter nehmen zu<\/a><\/li><li class='ez-toc-page-1 ez-toc-heading-level-3'><a class=\"ez-toc-link ez-toc-heading-6\" href=\"https:\/\/boklima.de\/?p=8775\/#Exponentielle_Entwicklung_erwartet\" >Exponentielle Entwicklung erwartet<\/a><\/li><li class='ez-toc-page-1 ez-toc-heading-level-3'><a class=\"ez-toc-link ez-toc-heading-7\" href=\"https:\/\/boklima.de\/?p=8775\/#Appell_Augen_nicht_vor_Realitaet_verschliessen\" >Appell: Augen nicht vor Realit\u00e4t verschlie\u00dfen<\/a><\/li><\/ul><\/li><li class='ez-toc-page-1 ez-toc-heading-level-2'><a class=\"ez-toc-link ez-toc-heading-8\" href=\"https:\/\/boklima.de\/?p=8775\/#Links\" >Links:<\/a><\/li><\/ul><\/nav><\/div>\n","protected":false},"excerpt":{"rendered":"<p>(25.06.21 , ORF , Original : hier ) In der Nacht auf Freitag hat in Tschechien ein au\u00dfergew\u00f6hnlich starker Tornado gew\u00fctet. Auch in Deutschland und \u00d6sterreich kam es zu heftigen Hagel- und Sturmunwettern. Die Zentralanstalt f\u00fcr Meteorologie und Geodynamik (ZAMG) spricht von der \u201eschlimmsten Gewitterlage seit Jahrzehnten in Europa\u201c. Doch was steckt hinter den Wetterextremen? &hellip; <a href=\"https:\/\/boklima.de\/?p=8775\" class=\"more-link\"><span class=\"screen-reader-text\">\u201eVon Tornado bis Hagel &#8211; Was hinter den Wetterextremen steckt\u201c <\/span>weiterlesen<\/a><\/p>\n","protected":false},"author":8,"featured_media":0,"comment_status":"closed","ping_status":"closed","sticky":false,"template":"","format":"standard","meta":{"ngg_post_thumbnail":0,"footnotes":"","_share_on_mastodon":"0"},"categories":[157,104,130,129,115],"tags":[],"class_list":["post-8775","post","type-post","status-publish","format-standard","hentry","category-relevant-klimanews","category-oeffentlich-fuer-alle-site-besucher-lesbar","category-co2-einsparen","category-co2","category-allg-themen"],"share_on_mastodon":{"url":"","error":""},"rttpg_featured_image_url":null,"rttpg_author":{"display_name":"thomas","author_link":"https:\/\/boklima.de\/?author=8"},"rttpg_comment":0,"rttpg_category":"<a href=\"https:\/\/boklima.de\/?cat=157\" rel=\"category\">relevant-KlimaNews<\/a> <a href=\"https:\/\/boklima.de\/?cat=104\" rel=\"category\">\u00f6ffentlich (f\u00fcr alle lesbar)<\/a> <a href=\"https:\/\/boklima.de\/?cat=130\" rel=\"category\">CO2-einsparen<\/a> <a href=\"https:\/\/boklima.de\/?cat=129\" rel=\"category\">CO2<\/a> <a href=\"https:\/\/boklima.de\/?cat=115\" rel=\"category\">Allg Themen<\/a>","rttpg_excerpt":"(25.06.21 , ORF , Original : hier ) In der Nacht auf Freitag hat in Tschechien ein au\u00dfergew\u00f6hnlich starker Tornado gew\u00fctet. Auch in Deutschland und \u00d6sterreich kam es zu heftigen Hagel- und Sturmunwettern. Die Zentralanstalt f\u00fcr Meteorologie und Geodynamik (ZAMG) spricht von der \u201eschlimmsten Gewitterlage seit Jahrzehnten in Europa\u201c. Doch was steckt hinter den Wetterextremen?&hellip;","_links":{"self":[{"href":"https:\/\/boklima.de\/index.php?rest_route=\/wp\/v2\/posts\/8775","targetHints":{"allow":["GET"]}}],"collection":[{"href":"https:\/\/boklima.de\/index.php?rest_route=\/wp\/v2\/posts"}],"about":[{"href":"https:\/\/boklima.de\/index.php?rest_route=\/wp\/v2\/types\/post"}],"author":[{"embeddable":true,"href":"https:\/\/boklima.de\/index.php?rest_route=\/wp\/v2\/users\/8"}],"replies":[{"embeddable":true,"href":"https:\/\/boklima.de\/index.php?rest_route=%2Fwp%2Fv2%2Fcomments&post=8775"}],"version-history":[{"count":4,"href":"https:\/\/boklima.de\/index.php?rest_route=\/wp\/v2\/posts\/8775\/revisions"}],"predecessor-version":[{"id":8780,"href":"https:\/\/boklima.de\/index.php?rest_route=\/wp\/v2\/posts\/8775\/revisions\/8780"}],"wp:attachment":[{"href":"https:\/\/boklima.de\/index.php?rest_route=%2Fwp%2Fv2%2Fmedia&parent=8775"}],"wp:term":[{"taxonomy":"category","embeddable":true,"href":"https:\/\/boklima.de\/index.php?rest_route=%2Fwp%2Fv2%2Fcategories&post=8775"},{"taxonomy":"post_tag","embeddable":true,"href":"https:\/\/boklima.de\/index.php?rest_route=%2Fwp%2Fv2%2Ftags&post=8775"}],"curies":[{"name":"wp","href":"https:\/\/api.w.org\/{rel}","templated":true}]}}