{"id":8666,"date":"2021-06-21T23:40:48","date_gmt":"2021-06-21T21:40:48","guid":{"rendered":"https:\/\/boklima.de\/?p=8666"},"modified":"2021-06-22T10:39:47","modified_gmt":"2021-06-22T08:39:47","slug":"mit-der-energiewende-in-den-blackout","status":"publish","type":"post","link":"https:\/\/boklima.de\/?p=8666","title":{"rendered":"Mit der Energiewende in den Blackout?"},"content":{"rendered":"\n<p>21.02.2021 \u2219 <a href=\"https:\/\/www.ardmediathek.de\/sendung\/mdr-wissen\/Y3JpZDovL21kci5kZS9zZW5kZXJlaWhlbi83ZDAzM2RkMi1iZDFlLTQwZTgtOWRhYS1hM2Y2MTBlOWNiZTg\/\" target=\"_blank\" rel=\"noreferrer noopener\">MDR Wissen<\/a> \u2219 MDR Fernsehen , <a href=\"https:\/\/www.ardmediathek.de\/video\/mdr-wissen\/mit-der-energiewende-in-den-blackout\/mdr-fernsehen\/Y3JpZDovL21kci5kZS9iZWl0cmFnL2Ntcy83OWY4NDBkNC05MjJiLTQ2NDItODFjNC1lZmRiOGU4ZmJiM2Q\/\" target=\"_blank\" rel=\"noreferrer noopener\">ARD &#8211; Mediathek<\/a><\/p>\n\n\n\n<p>Der Ausstieg aus Kohle und Kernkraft ist beschlossene Sache. Kritiker bef\u00fcrchten, dass damit unsere Energieversorgung instabil werden k\u00f6nnte. Stimmt das? Und wenn ja, was muss sich ver\u00e4ndern, damit das nicht passiert?<\/p>\n\n\n\n<p><a href=\"https:\/\/odmdr-a.akamaihd.net\/mp4dyn2\/7\/FCMS-79f840d4-922b-4642-81c4-efdb8e8fbb3d-730aae549c28_79.mp4\" target=\"_blank\" rel=\"noreferrer noopener\">Direkt zum Video via MediathekView<\/a><\/p>\n\n\n\n<figure class=\"wp-block-embed is-type-rich is-provider-handler-einbetten wp-block-embed-handler-einbetten\"><div class=\"wp-block-embed__wrapper\">\n<div style=\"width: 640px;\" class=\"wp-video\"><video class=\"wp-video-shortcode\" id=\"video-8666-1\" width=\"640\" height=\"360\" preload=\"metadata\" controls=\"controls\"><source type=\"video\/mp4\" src=\"https:\/\/odmdr-a.akamaihd.net\/mp4dyn2\/7\/FCMS-79f840d4-922b-4642-81c4-efdb8e8fbb3d-730aae549c28_79.mp4?_=1\" \/><a href=\"https:\/\/odmdr-a.akamaihd.net\/mp4dyn2\/7\/FCMS-79f840d4-922b-4642-81c4-efdb8e8fbb3d-730aae549c28_79.mp4\">https:\/\/odmdr-a.akamaihd.net\/mp4dyn2\/7\/FCMS-79f840d4-922b-4642-81c4-efdb8e8fbb3d-730aae549c28_79.mp4<\/a><\/video><\/div>\n<\/div><\/figure>\n\n\n\n<hr class=\"wp-block-separator\"\/>\n\n\n\n<h2 class=\"wp-block-heading\"><span class=\"ez-toc-section\" id=\"Wichtig_hierzu_auch_Windkraft_%E2%80%93_Kampf_um_die_Energiewende\"><\/span>Wichtig, hierzu auch: Windkraft &#8211; Kampf um die Energiewende <span class=\"ez-toc-section-end\"><\/span><\/h2>\n\n\n\n<p>Immer weniger neue Windr\u00e4der werden in Deutschland gebaut. Aber die Windenergie ist wichtig f\u00fcr den Ausbau der Erneuerbaren Energien und es gibt in ganz Deutschland viele geeignete Standorte. Gegen Windr\u00e4der und Windkraft generell regt sich kr\u00e4ftiger Widerstand. Was ist dran an den Argumenten gegen und f\u00fcr Windkraft?<\/p>\n\n\n\n<p><a href=\"https:\/\/cdn-storage.br.de\/geo\/b7\/2020-06\/11\/1c00ea36abdf11eaa0b0984be10adece_C.mp4\" target=\"_blank\" rel=\"noreferrer noopener\">Direkt zum Video via MediathekView<\/a><\/p>\n\n\n\n<figure class=\"wp-block-embed is-type-rich is-provider-handler-einbetten wp-block-embed-handler-einbetten\"><div class=\"wp-block-embed__wrapper\">\n<div style=\"width: 640px;\" class=\"wp-video\"><video class=\"wp-video-shortcode\" id=\"video-8666-2\" width=\"640\" height=\"360\" preload=\"metadata\" controls=\"controls\"><source type=\"video\/mp4\" src=\"https:\/\/cdn-storage.br.de\/geo\/b7\/2020-06\/11\/1c00ea36abdf11eaa0b0984be10adece_C.mp4?_=2\" \/><a href=\"https:\/\/cdn-storage.br.de\/geo\/b7\/2020-06\/11\/1c00ea36abdf11eaa0b0984be10adece_C.mp4\">https:\/\/cdn-storage.br.de\/geo\/b7\/2020-06\/11\/1c00ea36abdf11eaa0b0984be10adece_C.mp4<\/a><\/video><\/div>\n<\/div><\/figure>\n\n\n\n<hr class=\"wp-block-separator\"\/>\n\n\n\n<h2 class=\"wp-block-heading\"><span class=\"ez-toc-section\" id=\"Wichtig_hierzu_auch_Uebrigens_%E2%80%A6_zur_Energiewende_Leschs_Kosmos\"><\/span>Wichtig, hierzu auch : \u00dcbrigens &#8230; zur Energiewende (Leschs Kosmos)<span class=\"ez-toc-section-end\"><\/span><\/h2>\n\n\n\n<p>Wir k\u00f6nnen es uns nicht leisten zu warten. Professor Harald Lesch legt dar, warum wir die Energiewende jetzt schaffen m\u00fcssen \u2013 und nicht irgendwann.<\/p>\n\n\n\n<p><a href=\"https:\/\/rodlzdf-a.akamaihd.net\/none\/zdf\/21\/05\/210504_uebrigens_afo\/1\/210504_uebrigens_afo_2360k_p35v15.mp4\" target=\"_blank\" rel=\"noreferrer noopener\">Direkt zum Video via MediathekView<\/a><\/p>\n\n\n\n<figure class=\"wp-block-embed is-type-rich is-provider-handler-einbetten wp-block-embed-handler-einbetten\"><div class=\"wp-block-embed__wrapper\">\n<div style=\"width: 640px;\" class=\"wp-video\"><video class=\"wp-video-shortcode\" id=\"video-8666-3\" width=\"640\" height=\"360\" preload=\"metadata\" controls=\"controls\"><source type=\"video\/mp4\" src=\"https:\/\/rodlzdf-a.akamaihd.net\/none\/zdf\/21\/05\/210504_uebrigens_afo\/1\/210504_uebrigens_afo_2360k_p35v15.mp4?_=3\" \/><a href=\"https:\/\/rodlzdf-a.akamaihd.net\/none\/zdf\/21\/05\/210504_uebrigens_afo\/1\/210504_uebrigens_afo_2360k_p35v15.mp4\">https:\/\/rodlzdf-a.akamaihd.net\/none\/zdf\/21\/05\/210504_uebrigens_afo\/1\/210504_uebrigens_afo_2360k_p35v15.mp4<\/a><\/video><\/div>\n<\/div><\/figure>\n\n\n\n<hr class=\"wp-block-separator\"\/>\n\n\n\n<h2 class=\"wp-block-heading\"><span class=\"ez-toc-section\" id=\"Wichtig_hierzu_auch_Einfach_genial_Lamellenvorhang_mit_Solartechnik\"><\/span>Wichtig, hierzu auch : Einfach genial , Lamellenvorhang mit Solartechnik<span class=\"ez-toc-section-end\"><\/span><\/h2>\n\n\n\n<p>Stephan Hildebrandt aus Kitzingen hat einen stromerzeugenden Vorhang entwickelt. Er basiert auf organischer Photovoltaik-Technologie. \u00dcber kleine Kabel kann man den produzierten Strom direkt in sein Hausnetz einspeisen.<\/p>\n\n\n\n<p><a href=\"https:\/\/odmdr-a.akamaihd.net\/mp4dyn2\/c\/FCMS-c4676870-20f0-4a92-9940-633fc850b369-730aae549c28_c4.mp4\" target=\"_blank\" rel=\"noreferrer noopener\">Direkt zum Video via MediathekView<\/a><\/p>\n\n\n\n<figure class=\"wp-block-embed is-type-rich is-provider-handler-einbetten wp-block-embed-handler-einbetten\"><div class=\"wp-block-embed__wrapper\">\n<div style=\"width: 640px;\" class=\"wp-video\"><video class=\"wp-video-shortcode\" id=\"video-8666-4\" width=\"640\" height=\"360\" preload=\"metadata\" controls=\"controls\"><source type=\"video\/mp4\" src=\"https:\/\/odmdr-a.akamaihd.net\/mp4dyn2\/c\/FCMS-c4676870-20f0-4a92-9940-633fc850b369-730aae549c28_c4.mp4?_=4\" \/><a href=\"https:\/\/odmdr-a.akamaihd.net\/mp4dyn2\/c\/FCMS-c4676870-20f0-4a92-9940-633fc850b369-730aae549c28_c4.mp4\">https:\/\/odmdr-a.akamaihd.net\/mp4dyn2\/c\/FCMS-c4676870-20f0-4a92-9940-633fc850b369-730aae549c28_c4.mp4<\/a><\/video><\/div>\n<\/div><\/figure>\n\n\n\n<hr class=\"wp-block-separator\"\/>\n<div id=\"ez-toc-container\" class=\"ez-toc-v2_0_82_2 counter-hierarchy ez-toc-counter ez-toc-transparent ez-toc-container-direction\">\n<div class=\"ez-toc-title-container\">\n<p class=\"ez-toc-title\" style=\"cursor:inherit\">Inhalte dieser Seite :<\/p>\n<span class=\"ez-toc-title-toggle\"><a href=\"#\" class=\"ez-toc-pull-right ez-toc-btn ez-toc-btn-xs ez-toc-btn-default ez-toc-toggle\" aria-label=\"Toggle Table of Content\"><span class=\"ez-toc-js-icon-con\"><span class=\"\"><span class=\"eztoc-hide\" style=\"display:none;\">Toggle<\/span><span class=\"ez-toc-icon-toggle-span\"><svg style=\"fill: #999;color:#999\" xmlns=\"http:\/\/www.w3.org\/2000\/svg\" class=\"list-377408\" width=\"20px\" height=\"20px\" viewBox=\"0 0 24 24\" fill=\"none\"><path d=\"M6 6H4v2h2V6zm14 0H8v2h12V6zM4 11h2v2H4v-2zm16 0H8v2h12v-2zM4 16h2v2H4v-2zm16 0H8v2h12v-2z\" fill=\"currentColor\"><\/path><\/svg><svg style=\"fill: #999;color:#999\" class=\"arrow-unsorted-368013\" xmlns=\"http:\/\/www.w3.org\/2000\/svg\" width=\"10px\" height=\"10px\" viewBox=\"0 0 24 24\" version=\"1.2\" baseProfile=\"tiny\"><path d=\"M18.2 9.3l-6.2-6.3-6.2 6.3c-.2.2-.3.4-.3.7s.1.5.3.7c.2.2.4.3.7.3h11c.3 0 .5-.1.7-.3.2-.2.3-.5.3-.7s-.1-.5-.3-.7zM5.8 14.7l6.2 6.3 6.2-6.3c.2-.2.3-.5.3-.7s-.1-.5-.3-.7c-.2-.2-.4-.3-.7-.3h-11c-.3 0-.5.1-.7.3-.2.2-.3.5-.3.7s.1.5.3.7z\"\/><\/svg><\/span><\/span><\/span><\/a><\/span><\/div>\n<nav><ul class='ez-toc-list ez-toc-list-level-1 eztoc-toggle-hide-by-default' ><li class='ez-toc-page-1 ez-toc-heading-level-2'><a class=\"ez-toc-link ez-toc-heading-1\" href=\"https:\/\/boklima.de\/?p=8666\/#Wichtig_hierzu_auch_Windkraft_%E2%80%93_Kampf_um_die_Energiewende\" >Wichtig, hierzu auch: Windkraft &#8211; Kampf um die Energiewende<\/a><\/li><li class='ez-toc-page-1 ez-toc-heading-level-2'><a class=\"ez-toc-link ez-toc-heading-2\" href=\"https:\/\/boklima.de\/?p=8666\/#Wichtig_hierzu_auch_Uebrigens_%E2%80%A6_zur_Energiewende_Leschs_Kosmos\" >Wichtig, hierzu auch : \u00dcbrigens &#8230; zur Energiewende (Leschs Kosmos)<\/a><\/li><li class='ez-toc-page-1 ez-toc-heading-level-2'><a class=\"ez-toc-link ez-toc-heading-3\" href=\"https:\/\/boklima.de\/?p=8666\/#Wichtig_hierzu_auch_Einfach_genial_Lamellenvorhang_mit_Solartechnik\" >Wichtig, hierzu auch : Einfach genial , Lamellenvorhang mit Solartechnik<\/a><\/li><\/ul><\/nav><\/div>\n","protected":false},"excerpt":{"rendered":"<p>21.02.2021 \u2219 MDR Wissen \u2219 MDR Fernsehen , ARD &#8211; Mediathek Der Ausstieg aus Kohle und Kernkraft ist beschlossene Sache. Kritiker bef\u00fcrchten, dass damit unsere Energieversorgung instabil werden k\u00f6nnte. Stimmt das? Und wenn ja, was muss sich ver\u00e4ndern, damit das nicht passiert? Direkt zum Video via MediathekView Wichtig, hierzu auch: Windkraft &#8211; Kampf um die &hellip; <a href=\"https:\/\/boklima.de\/?p=8666\" class=\"more-link\"><span class=\"screen-reader-text\">\u201eMit der Energiewende in den Blackout?\u201c <\/span>weiterlesen<\/a><\/p>\n","protected":false},"author":2,"featured_media":0,"comment_status":"closed","ping_status":"closed","sticky":false,"template":"","format":"standard","meta":{"ngg_post_thumbnail":0,"footnotes":"","_share_on_mastodon":"0"},"categories":[157,159,174,175,104,115,125],"tags":[],"class_list":["post-8666","post","type-post","status-publish","format-standard","hentry","category-relevant-klimanews","category-energie","category-solarstrom","category-photovoltaik","category-oeffentlich-fuer-alle-site-besucher-lesbar","category-allg-themen","category-klima-schutz-themen"],"share_on_mastodon":{"url":"","error":""},"rttpg_featured_image_url":null,"rttpg_author":{"display_name":"thomas - als admin","author_link":"https:\/\/boklima.de\/?author=2"},"rttpg_comment":0,"rttpg_category":"<a href=\"https:\/\/boklima.de\/?cat=157\" rel=\"category\">relevant-KlimaNews<\/a> <a href=\"https:\/\/boklima.de\/?cat=159\" rel=\"category\">Energie<\/a> <a href=\"https:\/\/boklima.de\/?cat=174\" rel=\"category\">Solarstrom<\/a> <a href=\"https:\/\/boklima.de\/?cat=175\" rel=\"category\">Photovoltaik<\/a> <a href=\"https:\/\/boklima.de\/?cat=104\" rel=\"category\">\u00f6ffentlich (f\u00fcr alle lesbar)<\/a> <a href=\"https:\/\/boklima.de\/?cat=115\" rel=\"category\">Allg Themen<\/a> <a href=\"https:\/\/boklima.de\/?cat=125\" rel=\"category\">Klima-Schutz-Themen<\/a>","rttpg_excerpt":"21.02.2021 \u2219 MDR Wissen \u2219 MDR Fernsehen , ARD &#8211; Mediathek Der Ausstieg aus Kohle und Kernkraft ist beschlossene Sache. Kritiker bef\u00fcrchten, dass damit unsere Energieversorgung instabil werden k\u00f6nnte. Stimmt das? Und wenn ja, was muss sich ver\u00e4ndern, damit das nicht passiert? Direkt zum Video via MediathekView Wichtig, hierzu auch: Windkraft &#8211; Kampf um die&hellip;","_links":{"self":[{"href":"https:\/\/boklima.de\/index.php?rest_route=\/wp\/v2\/posts\/8666","targetHints":{"allow":["GET"]}}],"collection":[{"href":"https:\/\/boklima.de\/index.php?rest_route=\/wp\/v2\/posts"}],"about":[{"href":"https:\/\/boklima.de\/index.php?rest_route=\/wp\/v2\/types\/post"}],"author":[{"embeddable":true,"href":"https:\/\/boklima.de\/index.php?rest_route=\/wp\/v2\/users\/2"}],"replies":[{"embeddable":true,"href":"https:\/\/boklima.de\/index.php?rest_route=%2Fwp%2Fv2%2Fcomments&post=8666"}],"version-history":[{"count":9,"href":"https:\/\/boklima.de\/index.php?rest_route=\/wp\/v2\/posts\/8666\/revisions"}],"predecessor-version":[{"id":8681,"href":"https:\/\/boklima.de\/index.php?rest_route=\/wp\/v2\/posts\/8666\/revisions\/8681"}],"wp:attachment":[{"href":"https:\/\/boklima.de\/index.php?rest_route=%2Fwp%2Fv2%2Fmedia&parent=8666"}],"wp:term":[{"taxonomy":"category","embeddable":true,"href":"https:\/\/boklima.de\/index.php?rest_route=%2Fwp%2Fv2%2Fcategories&post=8666"},{"taxonomy":"post_tag","embeddable":true,"href":"https:\/\/boklima.de\/index.php?rest_route=%2Fwp%2Fv2%2Ftags&post=8666"}],"curies":[{"name":"wp","href":"https:\/\/api.w.org\/{rel}","templated":true}]}}