{"id":8544,"date":"2021-06-14T02:04:32","date_gmt":"2021-06-14T00:04:32","guid":{"rendered":"https:\/\/boklima.de\/?p=8544"},"modified":"2021-06-14T02:17:20","modified_gmt":"2021-06-14T00:17:20","slug":"die-menschheit-schafft-sich-ab-harald-lesch-swr-tele-akademie","status":"publish","type":"post","link":"https:\/\/boklima.de\/?p=8544","title":{"rendered":"Die Menschheit schafft sich ab | Harald Lesch | SWR Tele-Akademie"},"content":{"rendered":"\n<p>Aufzeichnung , Vortrag von Harald Lesch : Video : <a href=\"https:\/\/www.youtube.com\/watch?v=gMRnowgpGig\" target=\"_blank\" rel=\"noreferrer noopener\">hier<\/a> <\/p>\n\n\n\n<p>May 17, 2018 <\/p>\n\n\n\n<figure class=\"wp-block-embed is-type-video is-provider-youtube wp-block-embed-youtube wp-embed-aspect-16-9 wp-has-aspect-ratio\"><div class=\"wp-block-embed__wrapper\">\n<iframe loading=\"lazy\" title=\"Die Menschheit schafft sich ab | Harald Lesch | SWR Tele-Akademie\" width=\"840\" height=\"473\" src=\"https:\/\/www.youtube.com\/embed\/gMRnowgpGig?feature=oembed\" frameborder=\"0\" allow=\"accelerometer; autoplay; clipboard-write; encrypted-media; gyroscope; picture-in-picture\" allowfullscreen><\/iframe>\n<\/div><\/figure>\n\n\n\n<p><a href=\"https:\/\/www.youtube.com\/redirect?event=video_description&amp;redir_token=QUFFLUhqblptZ3B6dlU2TEU4LWp0MVFuam9KVUtGTl9wQXxBQ3Jtc0trclUzUXJRMklJN2VhakVfUTU5LVJSWTVRQlFVazNGZ3dtNWJkcnlYQ0pIT25UVnNoa3RyU2lwd1A3LUVsdTJIVEpyRFBoaUtEenU5bFcyNFFmNzAzZXZDZUpwUGU1T21jMUVsTkNDSThMWVpNUkZ1OA&amp;q=http%3A%2F%2Fwww.tele-akademie.de\" rel=\"noreferrer noopener\" target=\"_blank\">http:\/\/www.tele-akademie.de<\/a> \u2013 Seit 4,5 Milliarden Jahren gibt es die Erde, den Menschen erst seit 160.000 Jahren. Aber er hinterlie\u00df tiefere Spuren als alle anderen Lebewesen. Seit der Industrialisierung haben Wissenschaft und Technik die Erde fest im Griff. Und dabei werden wir immer mehr \u2026<\/p>\n\n\n\n<hr class=\"wp-block-separator\"\/>\n\n\n\n<h3 class=\"wp-block-heading\"><span class=\"ez-toc-section\" id=\"Abstract\"><\/span>Abstract<span class=\"ez-toc-section-end\"><\/span><\/h3>\n\n\n\n<p>Die Lebensbedingungen auf der Erde ver\u00e4ndern sich. Viele Arten sterben aus &#8211; und auch der Lebensraum des Menschen ist zunehmend in Gefahr. Immer tiefere Spuren hinterl\u00e4sst das Anthropoz\u00e4n, das Menschenzeitalter, in den letzten 2000 Jahren. Wissenschaft und Technik nehmen seit der Industrialisierung die Erde in den Griff. Sei es die Ausbeutung der Bodensch\u00e4tze, Luft- und Wasserverschmutzung, die Klimaver\u00e4nderung und Erderw\u00e4rmung, Kernspaltung oder die Verschwendungssucht der Wohlstandgesellschaft \u2013 wir beuten unseren Planeten aus wie nie zuvor in der Geschichte der Menschheit. Energiehunger und globaler Konsum treiben einen zerst\u00f6rerischen Kreislauf an.<\/p>\n\n\n\n<p>Harald Lesch, Astrophysiker und Philosoph, ist aus den Weiten des Weltalls zur\u00fcck. Es geht ihm jetzt um die Erde, die Heimat des Menschen, der in einer bisher nie gekannten Hybris den Ast, auf dem er sitzt, abs\u00e4gt.<\/p>\n\n\n\n<hr class=\"wp-block-separator\"\/>\n\n\n\n<h3 class=\"wp-block-heading\"><span class=\"ez-toc-section\" id=\"Kommentare\"><\/span>Kommentare<span class=\"ez-toc-section-end\"><\/span><\/h3>\n\n\n\n<p>Es f\u00e4llt mir immer wieder ein, der Spruch aus den 70ger Jahren: Erst wenn der letzte Baum gef\u00e4llt und der letzte Fu\u00df vergiftet ist wird man feststellen da\u00df man Geld nicht essen kann <\/p>\n\n\n\n<p>reffen sich zwei Planeten. Sagt der eine: Ich hab\u00b4 Menschen! Sagt der andere: Das gibt sich!  <\/p>\n\n\n\n<p><a href=\"https:\/\/www.youtube.com\/channel\/UCqIqz30brwSm93jYKKdjMaw\"><\/a>\u201eDas Universum ist nicht nur komischer als wir denken, es ist komischer als wir denken k\u00f6nnen\u201d ~Werner Heisenberg  64 <\/p>\n\n\n\n<p><a href=\"https:\/\/www.youtube.com\/channel\/UCFrX51V-QKA5wrmsD1sj7ZA\"><\/a>Am Ende liegen K\u00f6nig und Bauer in derselben Kiste.  11 <\/p>\n\n\n\n<p><a href=\"https:\/\/www.youtube.com\/channel\/UC6pq-a1ztig8wClB6IwtSoA\"><\/a>Also immer wenn ich h\u00f6re, dass die Welt nur durch schnelles Handeln in der Politik gerettet werden kann, denke ich mir: Tsch\u00fcss Menschheit.<\/p>\n<div id=\"ez-toc-container\" class=\"ez-toc-v2_0_82_2 counter-hierarchy ez-toc-counter ez-toc-transparent ez-toc-container-direction\">\n<div class=\"ez-toc-title-container\">\n<p class=\"ez-toc-title\" style=\"cursor:inherit\">Inhalte dieser Seite :<\/p>\n<span class=\"ez-toc-title-toggle\"><a href=\"#\" class=\"ez-toc-pull-right ez-toc-btn ez-toc-btn-xs ez-toc-btn-default ez-toc-toggle\" aria-label=\"Toggle Table of Content\"><span class=\"ez-toc-js-icon-con\"><span class=\"\"><span class=\"eztoc-hide\" style=\"display:none;\">Toggle<\/span><span class=\"ez-toc-icon-toggle-span\"><svg style=\"fill: #999;color:#999\" xmlns=\"http:\/\/www.w3.org\/2000\/svg\" class=\"list-377408\" width=\"20px\" height=\"20px\" viewBox=\"0 0 24 24\" fill=\"none\"><path d=\"M6 6H4v2h2V6zm14 0H8v2h12V6zM4 11h2v2H4v-2zm16 0H8v2h12v-2zM4 16h2v2H4v-2zm16 0H8v2h12v-2z\" fill=\"currentColor\"><\/path><\/svg><svg style=\"fill: #999;color:#999\" class=\"arrow-unsorted-368013\" xmlns=\"http:\/\/www.w3.org\/2000\/svg\" width=\"10px\" height=\"10px\" viewBox=\"0 0 24 24\" version=\"1.2\" baseProfile=\"tiny\"><path d=\"M18.2 9.3l-6.2-6.3-6.2 6.3c-.2.2-.3.4-.3.7s.1.5.3.7c.2.2.4.3.7.3h11c.3 0 .5-.1.7-.3.2-.2.3-.5.3-.7s-.1-.5-.3-.7zM5.8 14.7l6.2 6.3 6.2-6.3c.2-.2.3-.5.3-.7s-.1-.5-.3-.7c-.2-.2-.4-.3-.7-.3h-11c-.3 0-.5.1-.7.3-.2.2-.3.5-.3.7s.1.5.3.7z\"\/><\/svg><\/span><\/span><\/span><\/a><\/span><\/div>\n<nav><ul class='ez-toc-list ez-toc-list-level-1 eztoc-toggle-hide-by-default' ><li class='ez-toc-page-1 ez-toc-heading-level-3'><a class=\"ez-toc-link ez-toc-heading-1\" href=\"https:\/\/boklima.de\/?p=8544\/#Abstract\" >Abstract<\/a><\/li><li class='ez-toc-page-1 ez-toc-heading-level-3'><a class=\"ez-toc-link ez-toc-heading-2\" href=\"https:\/\/boklima.de\/?p=8544\/#Kommentare\" >Kommentare<\/a><\/li><\/ul><\/nav><\/div>\n","protected":false},"excerpt":{"rendered":"<p>Aufzeichnung , Vortrag von Harald Lesch : Video : hier May 17, 2018 http:\/\/www.tele-akademie.de \u2013 Seit 4,5 Milliarden Jahren gibt es die Erde, den Menschen erst seit 160.000 Jahren. Aber er hinterlie\u00df tiefere Spuren als alle anderen Lebewesen. Seit der Industrialisierung haben Wissenschaft und Technik die Erde fest im Griff. Und dabei werden wir immer &hellip; <a href=\"https:\/\/boklima.de\/?p=8544\" class=\"more-link\"><span class=\"screen-reader-text\">\u201eDie Menschheit schafft sich ab | Harald Lesch | SWR Tele-Akademie\u201c <\/span>weiterlesen<\/a><\/p>\n","protected":false},"author":8,"featured_media":0,"comment_status":"closed","ping_status":"closed","sticky":false,"template":"","format":"standard","meta":{"ngg_post_thumbnail":0,"footnotes":"","_share_on_mastodon":"0"},"categories":[157,104,115],"tags":[],"class_list":["post-8544","post","type-post","status-publish","format-standard","hentry","category-relevant-klimanews","category-oeffentlich-fuer-alle-site-besucher-lesbar","category-allg-themen"],"share_on_mastodon":{"url":"","error":""},"rttpg_featured_image_url":null,"rttpg_author":{"display_name":"thomas","author_link":"https:\/\/boklima.de\/?author=8"},"rttpg_comment":0,"rttpg_category":"<a href=\"https:\/\/boklima.de\/?cat=157\" rel=\"category\">relevant-KlimaNews<\/a> <a href=\"https:\/\/boklima.de\/?cat=104\" rel=\"category\">\u00f6ffentlich (f\u00fcr alle lesbar)<\/a> <a href=\"https:\/\/boklima.de\/?cat=115\" rel=\"category\">Allg Themen<\/a>","rttpg_excerpt":"Aufzeichnung , Vortrag von Harald Lesch : Video : hier May 17, 2018 http:\/\/www.tele-akademie.de \u2013 Seit 4,5 Milliarden Jahren gibt es die Erde, den Menschen erst seit 160.000 Jahren. Aber er hinterlie\u00df tiefere Spuren als alle anderen Lebewesen. Seit der Industrialisierung haben Wissenschaft und Technik die Erde fest im Griff. Und dabei werden wir immer&hellip;","_links":{"self":[{"href":"https:\/\/boklima.de\/index.php?rest_route=\/wp\/v2\/posts\/8544","targetHints":{"allow":["GET"]}}],"collection":[{"href":"https:\/\/boklima.de\/index.php?rest_route=\/wp\/v2\/posts"}],"about":[{"href":"https:\/\/boklima.de\/index.php?rest_route=\/wp\/v2\/types\/post"}],"author":[{"embeddable":true,"href":"https:\/\/boklima.de\/index.php?rest_route=\/wp\/v2\/users\/8"}],"replies":[{"embeddable":true,"href":"https:\/\/boklima.de\/index.php?rest_route=%2Fwp%2Fv2%2Fcomments&post=8544"}],"version-history":[{"count":3,"href":"https:\/\/boklima.de\/index.php?rest_route=\/wp\/v2\/posts\/8544\/revisions"}],"predecessor-version":[{"id":8548,"href":"https:\/\/boklima.de\/index.php?rest_route=\/wp\/v2\/posts\/8544\/revisions\/8548"}],"wp:attachment":[{"href":"https:\/\/boklima.de\/index.php?rest_route=%2Fwp%2Fv2%2Fmedia&parent=8544"}],"wp:term":[{"taxonomy":"category","embeddable":true,"href":"https:\/\/boklima.de\/index.php?rest_route=%2Fwp%2Fv2%2Fcategories&post=8544"},{"taxonomy":"post_tag","embeddable":true,"href":"https:\/\/boklima.de\/index.php?rest_route=%2Fwp%2Fv2%2Ftags&post=8544"}],"curies":[{"name":"wp","href":"https:\/\/api.w.org\/{rel}","templated":true}]}}