{"id":8539,"date":"2021-06-14T01:20:55","date_gmt":"2021-06-13T23:20:55","guid":{"rendered":"https:\/\/boklima.de\/?p=8539"},"modified":"2021-06-14T01:27:22","modified_gmt":"2021-06-13T23:27:22","slug":"leserbrief-zu-haus-des-wissens-benoetigt-bochums-leuchtturm-neuen-namen","status":"publish","type":"post","link":"https:\/\/boklima.de\/?p=8539","title":{"rendered":"Leserbrief zu : Haus des Wissens: Ben\u00f6tigt Bochums \u2018Leuchtturm\u2019 neuen Namen"},"content":{"rendered":"\n<p>Verschickt: So, 13. Jun. 2021 13:01<br>Betreff: Leserbrief Haus des Wissens<br><br><strong>Hallo ich bitte um Ver\u00f6ffentlichung.<br><\/strong><strong>Leserbrief zu WAZ+ vom 10.06.21:<\/strong><\/p>\n\n\n\n<h2 class=\"wp-block-heading\">Haus des Wissens: Ben\u00f6tigt Bochums \u2018Leuchtturm\u2019 neuen Namen<\/h2>\n\n\n\n<p>Kennen Herr Sporer und Frau Freis das Geb\u00e4ude und den Unterschied zwischen Klimaschutz \u2013 also der Minderung des Aussto\u00dfes von Treibhausgasen \u2013 und Ma\u00dfnahmen zur Anpassung an die negativen Folgen des Klimawandels nicht? <\/p>\n\n\n\n<p>Wie kommen sie zu der Aussage: der \u201eGarten auf dem Dach leistet mehr als eine Photovoltaikanlage\u201c? Die B\u00e4ume reduzieren nicht die CO<sub>2<\/sub>-Emissionen, da das CO<sub>2<\/sub>, welches sie w\u00e4hrend der Wachstumsphase aufnehmen in der Absterbephase wieder freisetzen. <\/p>\n\n\n\n<p>Da weltweit \u2013 und das gilt leider auch f\u00fcr Bochum \u2013 die Biomasse der B\u00e4ume stark abnimmt, setzen B\u00e4ume in der Summe zur Zeit sogar CO<sub>2<\/sub> frei. Die B\u00e4ume leisten wohl kaum einen wichtigen, sondern nur einen kleinen Beitrag zur K\u00fchlung der Innenstadt, wohl aber zur K\u00fchlung der Dachterrasse \u2013 vorausgesetzt sie werden entsprechend gepflegt. <\/p>\n\n\n\n<p>Das dies nicht per se vorausgesetzt werden kann zeigt der Baumbestand auf dem Husemannplatz. <\/p>\n\n\n\n<p>Ein Verzicht auf Photovoltaik ist ein Unding. Diesen Verzicht k\u00f6nnen wir uns nicht leisten, nur weil das Geschmacksempfinden des Architekten durch Photovoltaikmodule an dieser Stelle gest\u00f6rt w\u00fcrde.<br><br>Wenn die Platinplakette der Deutschen Gesellschaft f\u00fcr Nachhaltiges Bauen angestrebt wird muss man schon konsequent alle M\u00f6glichkeiten des Klimaschutzes nutzen und Angesichts des vor zwei Jahren vom Rat der Stadt beschlossenen Klimanotstandes erst recht. <\/p>\n\n\n\n<p>Das Bochumer Klimaschutzb\u00fcndnis bem\u00fcht sich seit mehr als zwei Wochen vergeblich um n\u00e4here Informationen zur Vorentwurfsplanung.<br><br>Ingo Franke<\/p>\n","protected":false},"excerpt":{"rendered":"<p>Verschickt: So, 13. Jun. 2021 13:01Betreff: Leserbrief Haus des Wissens Hallo ich bitte um Ver\u00f6ffentlichung.Leserbrief zu WAZ+ vom 10.06.21: Haus des Wissens: Ben\u00f6tigt Bochums \u2018Leuchtturm\u2019 neuen Namen Kennen Herr Sporer und Frau Freis das Geb\u00e4ude und den Unterschied zwischen Klimaschutz \u2013 also der Minderung des Aussto\u00dfes von Treibhausgasen \u2013 und Ma\u00dfnahmen zur Anpassung an die &hellip; <a href=\"https:\/\/boklima.de\/?p=8539\" class=\"more-link\"><span class=\"screen-reader-text\">\u201eLeserbrief zu : Haus des Wissens: Ben\u00f6tigt Bochums \u2018Leuchtturm\u2019 neuen Namen\u201c <\/span>weiterlesen<\/a><\/p>\n","protected":false},"author":8,"featured_media":0,"comment_status":"closed","ping_status":"closed","sticky":false,"template":"","format":"standard","meta":{"ngg_post_thumbnail":0,"footnotes":"","_share_on_mastodon":"0"},"categories":[155,175,104,130,135,129,115],"tags":[],"class_list":["post-8539","post","type-post","status-publish","format-standard","hentry","category-relevant-boklima","category-photovoltaik","category-oeffentlich-fuer-alle-site-besucher-lesbar","category-co2-einsparen","category-offener-brief-haus-des-wissens","category-co2","category-allg-themen"],"share_on_mastodon":{"url":"","error":""},"rttpg_featured_image_url":null,"rttpg_author":{"display_name":"thomas","author_link":"https:\/\/boklima.de\/?author=8"},"rttpg_comment":0,"rttpg_category":"<a href=\"https:\/\/boklima.de\/?cat=155\" rel=\"category\">relevant-BoKlima<\/a> <a href=\"https:\/\/boklima.de\/?cat=175\" rel=\"category\">Photovoltaik<\/a> <a href=\"https:\/\/boklima.de\/?cat=104\" rel=\"category\">\u00f6ffentlich (f\u00fcr alle lesbar)<\/a> <a href=\"https:\/\/boklima.de\/?cat=130\" rel=\"category\">CO2-einsparen<\/a> <a href=\"https:\/\/boklima.de\/?cat=135\" rel=\"category\">Offener Brief Haus des Wissens<\/a> <a href=\"https:\/\/boklima.de\/?cat=129\" rel=\"category\">CO2<\/a> <a href=\"https:\/\/boklima.de\/?cat=115\" rel=\"category\">Allg Themen<\/a>","rttpg_excerpt":"Verschickt: So, 13. Jun. 2021 13:01Betreff: Leserbrief Haus des Wissens Hallo ich bitte um Ver\u00f6ffentlichung.Leserbrief zu WAZ+ vom 10.06.21: Haus des Wissens: Ben\u00f6tigt Bochums \u2018Leuchtturm\u2019 neuen Namen Kennen Herr Sporer und Frau Freis das Geb\u00e4ude und den Unterschied zwischen Klimaschutz \u2013 also der Minderung des Aussto\u00dfes von Treibhausgasen \u2013 und Ma\u00dfnahmen zur Anpassung an die&hellip;","_links":{"self":[{"href":"https:\/\/boklima.de\/index.php?rest_route=\/wp\/v2\/posts\/8539","targetHints":{"allow":["GET"]}}],"collection":[{"href":"https:\/\/boklima.de\/index.php?rest_route=\/wp\/v2\/posts"}],"about":[{"href":"https:\/\/boklima.de\/index.php?rest_route=\/wp\/v2\/types\/post"}],"author":[{"embeddable":true,"href":"https:\/\/boklima.de\/index.php?rest_route=\/wp\/v2\/users\/8"}],"replies":[{"embeddable":true,"href":"https:\/\/boklima.de\/index.php?rest_route=%2Fwp%2Fv2%2Fcomments&post=8539"}],"version-history":[{"count":1,"href":"https:\/\/boklima.de\/index.php?rest_route=\/wp\/v2\/posts\/8539\/revisions"}],"predecessor-version":[{"id":8540,"href":"https:\/\/boklima.de\/index.php?rest_route=\/wp\/v2\/posts\/8539\/revisions\/8540"}],"wp:attachment":[{"href":"https:\/\/boklima.de\/index.php?rest_route=%2Fwp%2Fv2%2Fmedia&parent=8539"}],"wp:term":[{"taxonomy":"category","embeddable":true,"href":"https:\/\/boklima.de\/index.php?rest_route=%2Fwp%2Fv2%2Fcategories&post=8539"},{"taxonomy":"post_tag","embeddable":true,"href":"https:\/\/boklima.de\/index.php?rest_route=%2Fwp%2Fv2%2Ftags&post=8539"}],"curies":[{"name":"wp","href":"https:\/\/api.w.org\/{rel}","templated":true}]}}