{"id":8501,"date":"2021-06-09T15:32:44","date_gmt":"2021-06-09T13:32:44","guid":{"rendered":"https:\/\/boklima.de\/?p=8501"},"modified":"2021-06-09T15:32:45","modified_gmt":"2021-06-09T13:32:45","slug":"essen-in-zeiten-der-klimakrise","status":"publish","type":"post","link":"https:\/\/boklima.de\/?p=8501","title":{"rendered":"Essen in Zeiten der Klimakrise"},"content":{"rendered":"\n<p>(06.06.21 , von orf.at , Original : <a href=\"https:\/\/orf.at\/stories\/3215618\/?utm_source=pocket-newtab-global-de-DE\" target=\"_blank\" rel=\"noreferrer noopener\">hier<\/a> )<\/p>\n\n\n\n<p><strong>Hipster-Bashing, das Aufr\u00e4umen mit Nachhaltigkeitsmythen und ganz viel Pragmatik stehen im Vordergrund bei drei Buchver\u00f6ffentlichungen zum Thema Ern\u00e4hrung und \u00f6kologischer Fu\u00dfabdruck. Konsens herrscht mittlerweile in der Frage, ob nun Konsumierende, Wirtschaft oder Politik die Verantwortung f\u00fcrs Klima tragen.<\/strong> <\/p>\n\n\n\n<p>Mike Berners-Lee ist britischer \u00d6kologieprofessor, dabei Experte f\u00fcr den \u00f6kologischen Fu\u00dfabdruck \u2013 und nicht zu verwechseln mit seinem Bruder, dem HTML-Erfinder Tim Berners-Lee. Sein Buch hei\u00dft \u201eWie schlimm sind Bananen? Der CO2-Abdruck von allem\u201c. David H\u00f6ner ist ein Schweizer Koch, Entwicklungshelfer und Ern\u00e4hrungsaktivist. Er lebt in Ecuador, wo er unter anderem Avocados im privaten Garten anbaut, und hat nun mit \u201eK\u00f6che, h\u00f6rt die Signale\u201c ein \u201ekulinarisches Manifest\u201c verfasst. Und Cornelia Diesenreiter hat das Buch \u201eNachhaltigkeit gibt\u2019s nicht\u201c geschrieben und f\u00fchrt ein Gesch\u00e4ft auf dem Wiener Schwendermarkt, wo gerettete Lebensmittel zu allerlei m\u00f6glichst nachhaltigen Produkten weiterverarbeitet werden.<\/p>\n\n\n\n<p>\u201eM\u00f6glichst nachhaltig\u201c \u2013 das f\u00fchrt bereits zum Kern der Problematik. Diesenreiter erkl\u00e4rt das anhand einer Marmelade. Damit die \u00f6kobewusste K\u00e4uferschaft zugreift, muss die Unternehmerin den Sechserpack in einer Schachtel aus recyceltem Karton verkaufen. Als studierte Expertin f\u00fcr Umwelt- und Bioressourcenmanagement wei\u00df sie: <strong>Der Karton hat einen sechsmal gr\u00f6\u00dferen \u00f6kologischen Fu\u00dfabdruck als eine d\u00fcnne Plastikfolie<\/strong>. <em>Bei Nachhaltigkeit geht es allzu oft nur ums Image<\/em> \u2013 das von Produkten, aber auch das eigene.<\/p>\n\n\n\n<h2 class=\"wp-block-heading\"><span class=\"ez-toc-section\" id=\"Hipster_vs_Klimawandelleugner\"><\/span>Hipster vs. Klimawandelleugner<span class=\"ez-toc-section-end\"><\/span><\/h2>\n\n\n\n<p>Berners-Lee, H\u00f6ner und Diesenreiter haben einen gemeinsamen Feind: Das Mittelklasse-Hipstertum in seiner Bobo-Variante. Da wird in den Urlaub geflogen, mit dem SUV zum Zweitwohnsitz gefahren, aber das \u00d6koimage richten Jutesackerln und fair gehandelter Biokaffee aus der R\u00f6sterei ums Eck genauso wie das vor sich hergetragene Angeekelt-Sein von den Klimawandelleugnern in den billigen Vorstadtbezirken. Dabei sind es gerade \u00e4rmere Menschen, die einen viel kleineren \u00f6kologischen Fu\u00dfabdruck haben, erkl\u00e4rt Diesenreiter im Interview \u2013 eben mangels SUV und weil sie nicht mit dem Flugzeug regelm\u00e4\u00dfig ans andere Ende der Welt fliegen.<\/p>\n\n\n\n<p>Ums Image geht es auch den Unternehmen, und allzu oft nicht um Nachhaltigkeit. Diesenreiter f\u00fchrt als Beispiel die Kennzeichnung \u201eohne Palm\u00f6l\u201c an. Viele Produzenten h\u00e4tten auf Kokos\u00f6l umgestellt, weil Palm\u00f6l nicht mehr opportun sei. <strong>F\u00fcr Kokos\u00f6l muss eineinhalbmal so viel Regenwaldfl\u00e4che gerodet werden wie f\u00fcr dieselbe Menge Palm\u00f6l<\/strong>. Hier hakt der Koch H\u00f6ner ein: <strong>Wer vegan ist und dann Butter aus Kokos\u00f6l isst, tut der Umwelt nichts Gutes.<\/strong><\/p>\n\n\n\n<h2 class=\"wp-block-heading\"><span class=\"ez-toc-section\" id=\"Heikle_Frage_Fleischkonsum\"><\/span>Heikle Frage Fleischkonsum<span class=\"ez-toc-section-end\"><\/span><\/h2>\n\n\n\n<p>Berners-Lee vergleicht das mit jenen, die als Vegetarier oder Vegane Fleisch weglassen und durch eingeflogenes Gem\u00fcse ersetzen. Wobei er Obst und Gem\u00fcse, etwa Bananen und Orangen, die mit dem Schiff kommen, als recht unproblematisch einstuft. In seinem Buch finden sich detaillierte Fu\u00dfabdrucktabellen mit Erkl\u00e4rungen zu den unterschiedlichsten Produkten. Diesenreiter sagt auch, dass es immer noch besser sei, tierische Lebensmittel zu essen als vegane Produkte, die nur noch aus Chemie bestehen.<\/p>\n\n\n\n<h2 class=\"wp-block-heading\"><span class=\"ez-toc-section\" id=\"Buchhinweise\"><\/span>Buchhinweise:<span class=\"ez-toc-section-end\"><\/span><\/h2>\n\n\n\n<ul class=\"wp-block-list\"><li>Cornelia Diesenreiter: <strong>Nachhaltig gibt\u2019s nicht. Molden,<\/strong> 158 Seiten, 22 Euro.<\/li><li>David H\u00f6ner: K\u00f6che, h\u00f6rt die Signale. Ein kulinarisches Manifest. Westend, 175 Seiten, 18,50 Euro.<\/li><li>Mike Berners-Lee: <strong>Wie schlimm sind Bananen? Der CO2-Abdruck von allem. <\/strong>Midas, 278 Seiten, 22,70 Euro.<\/li><\/ul>\n\n\n\n<p>Also doch zur\u00fcck zum bedenkenlosen Fleischkonsum und zu Milchprodukten? Dem widersprechen sowohl Berners-Lee als auch H\u00f6ner und Diesenreiter. Nur soll man beim Ersatz nicht auf Greenwashing und \u00d6komythen hereinfallen. Warum Fleischkonsum trotzdem ineffizient und dadurch un\u00f6kologisch ist, erkl\u00e4rt Berners-Lee in einfach verst\u00e4ndlichen Worten: 100 Gramm Sojabohnen enthalten mehr Eiwei\u00df und Vitamin A als 100 Gramm Rindfleisch.<\/p>\n\n\n\n<p>Man k\u00f6nne die 100 Gramm Sojabohnen selbst essen. Verf\u00fcttere man sie an ein Rind, erhalte man daf\u00fcr zehn Gramm Rindfleisch, weil das Rind selbst einen Gro\u00dfteil der Energie der Sojabohnen verbrauche. Zehn Gramm Rindfleisch seien erst recht n\u00e4hrstoff\u00e4rmer als 100 Gramm Sojabohnen. Man mache also ein riesiges Verlustgesch\u00e4ft. Noch dazu w\u00fcrden Rinder durch ihre Verdauung viel CO2 aussto\u00dfen. Wie man es auch drehe und wende, die \u00d6kobilanz von Fleisch und Milchprodukten sei nicht gut.<\/p>\n\n\n\n<h2 class=\"wp-block-heading\"><span class=\"ez-toc-section\" id=\"Good_News_statt_Apokalypsengezeter\"><\/span>Good News statt Apokalypsengezeter<span class=\"ez-toc-section-end\"><\/span><\/h2>\n\n\n\n<p>Aber, und auch hier sind sich alle drei einig: Es bringt nichts, wenn das Thema Nachhaltigkeit rein aus dem Negativen heraus gedacht wird. Predigt man Selbstkasteiung, Verzicht und die Angst vor der ganz bald drohenden Apokalypse, bringt das \u00e4hnlich viel wie das Leugnen der Klimakrise. Berners-Lee sagt, er ist jetzt optimistischer als noch vor zehn Jahren, weil der Mainstream der Menschen jetzt endlich aufgewacht sei.<\/p>\n\n\n\n<p>&#8230;<\/p>\n\n\n\n<h2 class=\"wp-block-heading\"><span class=\"ez-toc-section\" id=\"%E2%80%9ELos_Leute_wir_habens_in_der_Hand%E2%80%9C\"><\/span>\u201eLos Leute, wir haben\u2019s in der Hand\u201c<span class=\"ez-toc-section-end\"><\/span><\/h2>\n\n\n\n<p>Auch H\u00f6ner setzt auf Signale des Aufbruchs. Sein Motto: \u201eLos Leute, wir haben\u2019s in der Hand!\u201c Aber liegt die Verantwortung \u00fcberhaupt in unserer Hand? Oft h\u00f6rt man in Debatten, dass es nicht an der Konsumentenschaft liegen d\u00fcrfe zu entscheiden, ob nachhaltige Produktion forciert werde oder nicht. Da sei die Politik am Zug, die Unternehmen in die Pflicht zu nehmen.<\/p>\n\n\n\n<p>Einig sind sich Diesenreiter, H\u00f6ner und Berners-Lee, dass niemand ohnehin schon finanziell benachteiligte Menschen zwingen k\u00f6nne oder solle, zu deutlich teureren \u00d6koprodukten zu greifen. Wer es sich leisten k\u00f6nne, solle aber seinen Beitrag leisten. Und Politik und Unternehmen seien gleicherma\u00dfen f\u00fcr nachhaltigen Fortschritt verantwortlich und m\u00fcssten daf\u00fcr sorgen, dass \u00d6koprodukte eben nicht mehr teurer seien.<\/p>\n\n\n\n<h2 class=\"wp-block-heading\"><span class=\"ez-toc-section\" id=\"Der_Dreischritt_der_Nachhaltigkeit\"><\/span>Der Dreischritt der Nachhaltigkeit<span class=\"ez-toc-section-end\"><\/span><\/h2>\n\n\n\n<p>Dabei geht es um Innovationen, Regionalit\u00e4t und Effizienz. Problematisch findet Diesenreiter hingegen F\u00f6rderungen f\u00fcr \u00d6koprodukte \u2013 F\u00f6rderungen, die durch Steuern finanziert werden, die auf Produkte eingehoben werden, deren Herstellung und Transport der Umwelt schadeten. Sprich: Wenn \u00f6kologische Produktionsweise von un\u00f6kologischer abh\u00e4nge, bei\u00dfe sich die Katze in den Schwanz. Soziale, \u00f6konomische und \u00f6kologische Nachhaltigkeit m\u00fcssen Hand in Hand gehen, sind sich Diesenreiter, H\u00f6ner und Berners-Lee einig.<\/p>\n\n\n\n<p>Marie-Therese M\u00fcrling und Alice Pfitzner (Recherchen und Video), beide ORF TV Kultur, Simon Hadler (Text), ORF.at<\/p>\n\n\n\n<h2 class=\"wp-block-heading\"><span class=\"ez-toc-section\" id=\"Links\"><\/span>Links:<span class=\"ez-toc-section-end\"><\/span><\/h2>\n\n\n\n<ul class=\"wp-block-list\"><li><a href=\"https:\/\/www.westendverlag.de\/autoren\/david_hoener\/\">David H\u00f6ner<\/a> (Westend Verlag)<\/li><li><a href=\"https:\/\/www.unverschwendet.at\/nachhaltig-gibts-nicht-von-cornelia-diesenreiter-jetzt-verfuegbar\/\">Cornelia Diesenreiter<\/a> (unverschwendet)<\/li><li><a href=\"https:\/\/midas.ch\/produkt\/wie-schlimm-sind-bananen\/\">Wie schlimm sind Bananen?<\/a> (Midas; inkl. Leseprobe)<\/li><\/ul>\n\n\n\n<hr class=\"wp-block-separator\"\/>\n\n\n\n<p>(Tip von Ingo)<\/p>\n<div id=\"ez-toc-container\" class=\"ez-toc-v2_0_82_2 counter-hierarchy ez-toc-counter ez-toc-transparent ez-toc-container-direction\">\n<div class=\"ez-toc-title-container\">\n<p class=\"ez-toc-title\" style=\"cursor:inherit\">Inhalte dieser Seite :<\/p>\n<span class=\"ez-toc-title-toggle\"><a href=\"#\" class=\"ez-toc-pull-right ez-toc-btn ez-toc-btn-xs ez-toc-btn-default ez-toc-toggle\" aria-label=\"Toggle Table of Content\"><span class=\"ez-toc-js-icon-con\"><span class=\"\"><span class=\"eztoc-hide\" style=\"display:none;\">Toggle<\/span><span class=\"ez-toc-icon-toggle-span\"><svg style=\"fill: #999;color:#999\" xmlns=\"http:\/\/www.w3.org\/2000\/svg\" class=\"list-377408\" width=\"20px\" height=\"20px\" viewBox=\"0 0 24 24\" fill=\"none\"><path d=\"M6 6H4v2h2V6zm14 0H8v2h12V6zM4 11h2v2H4v-2zm16 0H8v2h12v-2zM4 16h2v2H4v-2zm16 0H8v2h12v-2z\" fill=\"currentColor\"><\/path><\/svg><svg style=\"fill: #999;color:#999\" class=\"arrow-unsorted-368013\" xmlns=\"http:\/\/www.w3.org\/2000\/svg\" width=\"10px\" height=\"10px\" viewBox=\"0 0 24 24\" version=\"1.2\" baseProfile=\"tiny\"><path d=\"M18.2 9.3l-6.2-6.3-6.2 6.3c-.2.2-.3.4-.3.7s.1.5.3.7c.2.2.4.3.7.3h11c.3 0 .5-.1.7-.3.2-.2.3-.5.3-.7s-.1-.5-.3-.7zM5.8 14.7l6.2 6.3 6.2-6.3c.2-.2.3-.5.3-.7s-.1-.5-.3-.7c-.2-.2-.4-.3-.7-.3h-11c-.3 0-.5.1-.7.3-.2.2-.3.5-.3.7s.1.5.3.7z\"\/><\/svg><\/span><\/span><\/span><\/a><\/span><\/div>\n<nav><ul class='ez-toc-list ez-toc-list-level-1 eztoc-toggle-hide-by-default' ><li class='ez-toc-page-1 ez-toc-heading-level-2'><a class=\"ez-toc-link ez-toc-heading-1\" href=\"https:\/\/boklima.de\/?p=8501\/#Hipster_vs_Klimawandelleugner\" >Hipster vs. Klimawandelleugner<\/a><\/li><li class='ez-toc-page-1 ez-toc-heading-level-2'><a class=\"ez-toc-link ez-toc-heading-2\" href=\"https:\/\/boklima.de\/?p=8501\/#Heikle_Frage_Fleischkonsum\" >Heikle Frage Fleischkonsum<\/a><\/li><li class='ez-toc-page-1 ez-toc-heading-level-2'><a class=\"ez-toc-link ez-toc-heading-3\" href=\"https:\/\/boklima.de\/?p=8501\/#Buchhinweise\" >Buchhinweise:<\/a><\/li><li class='ez-toc-page-1 ez-toc-heading-level-2'><a class=\"ez-toc-link ez-toc-heading-4\" href=\"https:\/\/boklima.de\/?p=8501\/#Good_News_statt_Apokalypsengezeter\" >Good News statt Apokalypsengezeter<\/a><\/li><li class='ez-toc-page-1 ez-toc-heading-level-2'><a class=\"ez-toc-link ez-toc-heading-5\" href=\"https:\/\/boklima.de\/?p=8501\/#%E2%80%9ELos_Leute_wir_habens_in_der_Hand%E2%80%9C\" >\u201eLos Leute, wir haben\u2019s in der Hand\u201c<\/a><\/li><li class='ez-toc-page-1 ez-toc-heading-level-2'><a class=\"ez-toc-link ez-toc-heading-6\" href=\"https:\/\/boklima.de\/?p=8501\/#Der_Dreischritt_der_Nachhaltigkeit\" >Der Dreischritt der Nachhaltigkeit<\/a><\/li><li class='ez-toc-page-1 ez-toc-heading-level-2'><a class=\"ez-toc-link ez-toc-heading-7\" href=\"https:\/\/boklima.de\/?p=8501\/#Links\" >Links:<\/a><\/li><\/ul><\/nav><\/div>\n","protected":false},"excerpt":{"rendered":"<p>(06.06.21 , von orf.at , Original : hier ) Hipster-Bashing, das Aufr\u00e4umen mit Nachhaltigkeitsmythen und ganz viel Pragmatik stehen im Vordergrund bei drei Buchver\u00f6ffentlichungen zum Thema Ern\u00e4hrung und \u00f6kologischer Fu\u00dfabdruck. Konsens herrscht mittlerweile in der Frage, ob nun Konsumierende, Wirtschaft oder Politik die Verantwortung f\u00fcrs Klima tragen. Mike Berners-Lee ist britischer \u00d6kologieprofessor, dabei Experte f\u00fcr &hellip; <a href=\"https:\/\/boklima.de\/?p=8501\" class=\"more-link\"><span class=\"screen-reader-text\">\u201eEssen in Zeiten der Klimakrise\u201c <\/span>weiterlesen<\/a><\/p>\n","protected":false},"author":8,"featured_media":0,"comment_status":"closed","ping_status":"closed","sticky":false,"template":"","format":"standard","meta":{"ngg_post_thumbnail":0,"footnotes":"","_share_on_mastodon":"0"},"categories":[157,104],"tags":[],"class_list":["post-8501","post","type-post","status-publish","format-standard","hentry","category-relevant-klimanews","category-oeffentlich-fuer-alle-site-besucher-lesbar"],"share_on_mastodon":{"url":"","error":""},"rttpg_featured_image_url":null,"rttpg_author":{"display_name":"thomas","author_link":"https:\/\/boklima.de\/?author=8"},"rttpg_comment":0,"rttpg_category":"<a href=\"https:\/\/boklima.de\/?cat=157\" rel=\"category\">relevant-KlimaNews<\/a> <a href=\"https:\/\/boklima.de\/?cat=104\" rel=\"category\">\u00f6ffentlich (f\u00fcr alle lesbar)<\/a>","rttpg_excerpt":"(06.06.21 , von orf.at , Original : hier ) Hipster-Bashing, das Aufr\u00e4umen mit Nachhaltigkeitsmythen und ganz viel Pragmatik stehen im Vordergrund bei drei Buchver\u00f6ffentlichungen zum Thema Ern\u00e4hrung und \u00f6kologischer Fu\u00dfabdruck. Konsens herrscht mittlerweile in der Frage, ob nun Konsumierende, Wirtschaft oder Politik die Verantwortung f\u00fcrs Klima tragen. Mike Berners-Lee ist britischer \u00d6kologieprofessor, dabei Experte f\u00fcr&hellip;","_links":{"self":[{"href":"https:\/\/boklima.de\/index.php?rest_route=\/wp\/v2\/posts\/8501","targetHints":{"allow":["GET"]}}],"collection":[{"href":"https:\/\/boklima.de\/index.php?rest_route=\/wp\/v2\/posts"}],"about":[{"href":"https:\/\/boklima.de\/index.php?rest_route=\/wp\/v2\/types\/post"}],"author":[{"embeddable":true,"href":"https:\/\/boklima.de\/index.php?rest_route=\/wp\/v2\/users\/8"}],"replies":[{"embeddable":true,"href":"https:\/\/boklima.de\/index.php?rest_route=%2Fwp%2Fv2%2Fcomments&post=8501"}],"version-history":[{"count":1,"href":"https:\/\/boklima.de\/index.php?rest_route=\/wp\/v2\/posts\/8501\/revisions"}],"predecessor-version":[{"id":8502,"href":"https:\/\/boklima.de\/index.php?rest_route=\/wp\/v2\/posts\/8501\/revisions\/8502"}],"wp:attachment":[{"href":"https:\/\/boklima.de\/index.php?rest_route=%2Fwp%2Fv2%2Fmedia&parent=8501"}],"wp:term":[{"taxonomy":"category","embeddable":true,"href":"https:\/\/boklima.de\/index.php?rest_route=%2Fwp%2Fv2%2Fcategories&post=8501"},{"taxonomy":"post_tag","embeddable":true,"href":"https:\/\/boklima.de\/index.php?rest_route=%2Fwp%2Fv2%2Ftags&post=8501"}],"curies":[{"name":"wp","href":"https:\/\/api.w.org\/{rel}","templated":true}]}}