{"id":8425,"date":"2021-05-27T14:02:03","date_gmt":"2021-05-27T12:02:03","guid":{"rendered":"https:\/\/boklima.de\/?p=8425"},"modified":"2021-05-27T14:02:04","modified_gmt":"2021-05-27T12:02:04","slug":"deutsche-umwelthilfe-flaechendeckend-tempo-30-in-der-stadt-gefordert","status":"publish","type":"post","link":"https:\/\/boklima.de\/?p=8425","title":{"rendered":"Deutsche Umwelthilfe: Fl\u00e4chendeckend Tempo 30 in der Stadt gefordert"},"content":{"rendered":"\n<p>( 22.05.21 , von golem.de , Original : <a href=\"https:\/\/www.golem.de\/news\/deutsche-umwelthilfe-flaechendeckend-tempo-30-in-der-stadt-gefordert-2105-156706.html\" target=\"_blank\" rel=\"noreferrer noopener\">hier<\/a> )<\/p>\n\n\n\n<p>Die Deutsche Umwelthilfe will wie in Spanien ein Tempolimit von 30 km\/h in den Innenst\u00e4dten durchsetzen. Das soll Belastungen reduzieren. , <a href=\"https:\/\/www.golem.de\/specials\/autor-andreas-donath\/\" target=\"_blank\" rel=\"noreferrer noopener\">Andreas Donath<\/a><\/p>\n\n\n\n<p id=\"gpar1\">Spanien ist das erste Land der Welt, das 30 km\/h als allgemeines Tempolimit f\u00fcr st\u00e4dtische Stra\u00dfen mit einer einzigen Fahrspur pro Richtung umgesetzt hat. Das verlangt nun auch die <a href=\"https:\/\/www.duh.de\/presse\/pressemitteilungen\/pressemitteilung\/nach-beschluss-in-spanien-und-who-forderung-deutsche-umwelthilfe-verlangt-tempo-30-innerorts-noch-2\/\" target=\"_blank\" rel=\"noreferrer noopener\">Deutsche Umwelthilfe (DUH)<\/a> f\u00fcr deutsche St\u00e4dte. Diese Ma\u00dfnahme soll noch 2021 umgesetzt werden. Sie diene zur Vermeidung von Verkehrstoten und Schwerverletzten. <\/p>\n\n\n\n<p id=\"gpar2\">Die DUH ist mit ihrer Forderung nicht allein. Auch die Weltgesundheitsorganisation WHO hat im Rahmen der Woche der Stra\u00dfenverkehrssicherheit unter dem Motto <a href=\"https:\/\/www.who.int\/news-room\/events\/detail\/2021\/05\/17\/default-calendar\/6th-un-global-road-safety-week-streets-for-life-love30\" target=\"_blank\" rel=\"noreferrer noopener\">#love30<\/a> weltweit Tempo 30 in St\u00e4dten und D\u00f6rfern gefordert.<\/p>\n\n\n\n<h3 class=\"wp-block-heading\"><span class=\"ez-toc-section\" id=\"SPD_und_Gruene_wollen_ebenfalls_Limits_%E2%80%93_fuer_die_Autobahn\"><\/span>SPD und Gr\u00fcne wollen ebenfalls Limits &#8211; f\u00fcr die Autobahn<span class=\"ez-toc-section-end\"><\/span><\/h3>\n\n\n\n<p id=\"gpar3\">Die SPD hat in ihrem <a href=\"https:\/\/www.spd.de\/fileadmin\/Dokumente\/Beschluesse\/20210301_SPD_Zukunftsprogramm.pdf\" target=\"_blank\" rel=\"noreferrer noopener\">Entwurf f\u00fcr ein Wahlprogramm<\/a> (PDF) f\u00fcr die Bundestagswahl 2021 ein Tempolimit gefordert, <a href=\"https:\/\/www.golem.de\/news\/wahlprogramm-vorgelegt-spd-fordert-tempolimit-von-130-km-h-auf-autobahnen-2103-154585.html\" target=\"_blank\" rel=\"noreferrer noopener\">allerdings f\u00fcr die Autobahn<\/a>. Hier soll die H\u00f6chstgeschwindigkeit bis zu 130 km\/h betragen, so die Sozialdemokraten. Die SPD begr\u00fcndet das Tempolimit mit dem Umweltschutz und der Senkung der Unfallzahlen. Eine Ausnahme f\u00fcr Elektroautos, wie in \u00d6sterreich, ist nicht vorgesehen.<\/p>\n\n\n\n<p id=\"gpar4\">Die Gr\u00fcnen wollen bei einer Regierungsbeteiligung im Bund ebenfalls ein fl\u00e4chendeckendes Tempolimit auf Autobahnen einf\u00fchren. Das geht aus ihrem <a href=\"https:\/\/cms.gruene.de\/uploads\/documents\/2021_Wahlprogrammentwurf.pdf\" target=\"_blank\" rel=\"noreferrer noopener\">vorl\u00e4ufigen Wahlprogramm<\/a> hervor. Darin steht auch: <em>&#8220;Wir wollen Kommunen erm\u00f6glichen, in geschlossenen Ortschaften das Regel-Ausnahme-Verh\u00e4ltnis beim Tempolimit umzukehren.&#8221;<\/em> Dies ist keine Forderung nach einem allgemeinen Tempo 30 in Deutschland, sondern eine Verlagerung des Themas auf die Entscheidungsfreiheit der Kommunen.<\/p>\n\n\n\n<h3 class=\"wp-block-heading\"><span class=\"ez-toc-section\" id=\"Der_Autor_meint\"><\/span>Der Autor meint:<span class=\"ez-toc-section-end\"><\/span><\/h3>\n\n\n\n<p id=\"gpar5\">Unabh\u00e4ngig von den Umweltschutz- und Sicherheitsgedanken sollte auch eine weitere Facette von Tempo 30 nicht au\u00dfer Acht gelassen werden: Damit k\u00f6nnten auch kleinere Elektrofahrzeuge, die maximal 45 km\/h erreichen und deutlich preiswerter sind als Autos, in der Stadt im Verkehr problemlos mitschwimmen. Neben S-Pedelecs sind dies auch E-Roller und vierr\u00e4drige Leichtkraftfahrzeuge. Bislang werden diese h\u00e4ufig abgelehnt, weil sich Fahrer damit als Verkehrshindernis betrachten. Bei Tempo 30 w\u00e4re das nicht mehr der Fall.<\/p>\n<div id=\"ez-toc-container\" class=\"ez-toc-v2_0_82_2 counter-hierarchy ez-toc-counter ez-toc-transparent ez-toc-container-direction\">\n<div class=\"ez-toc-title-container\">\n<p class=\"ez-toc-title\" style=\"cursor:inherit\">Inhalte dieser Seite :<\/p>\n<span class=\"ez-toc-title-toggle\"><a href=\"#\" class=\"ez-toc-pull-right ez-toc-btn ez-toc-btn-xs ez-toc-btn-default ez-toc-toggle\" aria-label=\"Toggle Table of Content\"><span class=\"ez-toc-js-icon-con\"><span class=\"\"><span class=\"eztoc-hide\" style=\"display:none;\">Toggle<\/span><span class=\"ez-toc-icon-toggle-span\"><svg style=\"fill: #999;color:#999\" xmlns=\"http:\/\/www.w3.org\/2000\/svg\" class=\"list-377408\" width=\"20px\" height=\"20px\" viewBox=\"0 0 24 24\" fill=\"none\"><path d=\"M6 6H4v2h2V6zm14 0H8v2h12V6zM4 11h2v2H4v-2zm16 0H8v2h12v-2zM4 16h2v2H4v-2zm16 0H8v2h12v-2z\" fill=\"currentColor\"><\/path><\/svg><svg style=\"fill: #999;color:#999\" class=\"arrow-unsorted-368013\" xmlns=\"http:\/\/www.w3.org\/2000\/svg\" width=\"10px\" height=\"10px\" viewBox=\"0 0 24 24\" version=\"1.2\" baseProfile=\"tiny\"><path d=\"M18.2 9.3l-6.2-6.3-6.2 6.3c-.2.2-.3.4-.3.7s.1.5.3.7c.2.2.4.3.7.3h11c.3 0 .5-.1.7-.3.2-.2.3-.5.3-.7s-.1-.5-.3-.7zM5.8 14.7l6.2 6.3 6.2-6.3c.2-.2.3-.5.3-.7s-.1-.5-.3-.7c-.2-.2-.4-.3-.7-.3h-11c-.3 0-.5.1-.7.3-.2.2-.3.5-.3.7s.1.5.3.7z\"\/><\/svg><\/span><\/span><\/span><\/a><\/span><\/div>\n<nav><ul class='ez-toc-list ez-toc-list-level-1 eztoc-toggle-hide-by-default' ><li class='ez-toc-page-1 ez-toc-heading-level-3'><a class=\"ez-toc-link ez-toc-heading-1\" href=\"https:\/\/boklima.de\/?p=8425\/#SPD_und_Gruene_wollen_ebenfalls_Limits_%E2%80%93_fuer_die_Autobahn\" >SPD und Gr\u00fcne wollen ebenfalls Limits &#8211; f\u00fcr die Autobahn<\/a><\/li><li class='ez-toc-page-1 ez-toc-heading-level-3'><a class=\"ez-toc-link ez-toc-heading-2\" href=\"https:\/\/boklima.de\/?p=8425\/#Der_Autor_meint\" >Der Autor meint:<\/a><\/li><\/ul><\/nav><\/div>\n","protected":false},"excerpt":{"rendered":"<p>( 22.05.21 , von golem.de , Original : hier ) Die Deutsche Umwelthilfe will wie in Spanien ein Tempolimit von 30 km\/h in den Innenst\u00e4dten durchsetzen. Das soll Belastungen reduzieren. , Andreas Donath Spanien ist das erste Land der Welt, das 30 km\/h als allgemeines Tempolimit f\u00fcr st\u00e4dtische Stra\u00dfen mit einer einzigen Fahrspur pro Richtung &hellip; <a href=\"https:\/\/boklima.de\/?p=8425\" class=\"more-link\"><span class=\"screen-reader-text\">\u201eDeutsche Umwelthilfe: Fl\u00e4chendeckend Tempo 30 in der Stadt gefordert\u201c <\/span>weiterlesen<\/a><\/p>\n","protected":false},"author":8,"featured_media":0,"comment_status":"closed","ping_status":"closed","sticky":false,"template":"","format":"standard","meta":{"ngg_post_thumbnail":0,"footnotes":"","_share_on_mastodon":"0"},"categories":[157,104],"tags":[],"class_list":["post-8425","post","type-post","status-publish","format-standard","hentry","category-relevant-klimanews","category-oeffentlich-fuer-alle-site-besucher-lesbar"],"share_on_mastodon":{"url":"","error":""},"rttpg_featured_image_url":null,"rttpg_author":{"display_name":"thomas","author_link":"https:\/\/boklima.de\/?author=8"},"rttpg_comment":0,"rttpg_category":"<a href=\"https:\/\/boklima.de\/?cat=157\" rel=\"category\">relevant-KlimaNews<\/a> <a href=\"https:\/\/boklima.de\/?cat=104\" rel=\"category\">\u00f6ffentlich (f\u00fcr alle lesbar)<\/a>","rttpg_excerpt":"( 22.05.21 , von golem.de , Original : hier ) Die Deutsche Umwelthilfe will wie in Spanien ein Tempolimit von 30 km\/h in den Innenst\u00e4dten durchsetzen. Das soll Belastungen reduzieren. , Andreas Donath Spanien ist das erste Land der Welt, das 30 km\/h als allgemeines Tempolimit f\u00fcr st\u00e4dtische Stra\u00dfen mit einer einzigen Fahrspur pro Richtung&hellip;","_links":{"self":[{"href":"https:\/\/boklima.de\/index.php?rest_route=\/wp\/v2\/posts\/8425","targetHints":{"allow":["GET"]}}],"collection":[{"href":"https:\/\/boklima.de\/index.php?rest_route=\/wp\/v2\/posts"}],"about":[{"href":"https:\/\/boklima.de\/index.php?rest_route=\/wp\/v2\/types\/post"}],"author":[{"embeddable":true,"href":"https:\/\/boklima.de\/index.php?rest_route=\/wp\/v2\/users\/8"}],"replies":[{"embeddable":true,"href":"https:\/\/boklima.de\/index.php?rest_route=%2Fwp%2Fv2%2Fcomments&post=8425"}],"version-history":[{"count":1,"href":"https:\/\/boklima.de\/index.php?rest_route=\/wp\/v2\/posts\/8425\/revisions"}],"predecessor-version":[{"id":8426,"href":"https:\/\/boklima.de\/index.php?rest_route=\/wp\/v2\/posts\/8425\/revisions\/8426"}],"wp:attachment":[{"href":"https:\/\/boklima.de\/index.php?rest_route=%2Fwp%2Fv2%2Fmedia&parent=8425"}],"wp:term":[{"taxonomy":"category","embeddable":true,"href":"https:\/\/boklima.de\/index.php?rest_route=%2Fwp%2Fv2%2Fcategories&post=8425"},{"taxonomy":"post_tag","embeddable":true,"href":"https:\/\/boklima.de\/index.php?rest_route=%2Fwp%2Fv2%2Ftags&post=8425"}],"curies":[{"name":"wp","href":"https:\/\/api.w.org\/{rel}","templated":true}]}}