{"id":8418,"date":"2021-05-22T18:03:20","date_gmt":"2021-05-22T16:03:20","guid":{"rendered":"https:\/\/boklima.de\/?p=8418"},"modified":"2021-05-22T18:03:21","modified_gmt":"2021-05-22T16:03:21","slug":"paris-will-autoverkehr-in-der-innenstadt-weiter-einschraenken-blaupause-fuer-bochum","status":"publish","type":"post","link":"https:\/\/boklima.de\/?p=8418","title":{"rendered":"Paris will Autoverkehr in der Innenstadt weiter einschr\u00e4nken &#8211; Blaupause f\u00fcr Bochum ?"},"content":{"rendered":"\n<p>(14.05.21) von heise.de , Original : <a href=\"https:\/\/www.heise.de\/news\/Paris-will-Autoverkehr-in-der-Innenstadt-weiter-verringern-6046145.html\" target=\"_blank\" rel=\"noreferrer noopener\">hier<\/a> <\/p>\n\n\n\n<p>&#8220;Mehr als die H\u00e4lfte der Autos fahren einfach durch&#8221;: Nach Pl\u00e4nen des Rathauses k\u00f6nnte die Pariser Innenstadt bald zu einer Art Fu\u00dfg\u00e4ngerzone werden. (dpa)<\/p>\n\n\n\n<p>Wenn es nach den Pl\u00e4nen des Pariser Rathauses geht, soll es eine verkehrsberuhigte Zone geben, um den Autoverkehr massiv einzuschr\u00e4nken. Die Pariser Innenstadt k\u00f6nnte bald zu einer Art Fu\u00dfg\u00e4ngerzone werden. &#8220;Wir wollen sie im Zentrum der Hauptstadt umsetzen mit einem Ziel: den Durchgangsverkehr drastisch zu reduzieren&#8221;, sagte David Belliard von den Gr\u00fcnen, im Pariser Rathaus zust\u00e4ndig f\u00fcr Umgestaltung des \u00f6ffentlichen Raums und Mobilit\u00e4t.<\/p>\n\n\n\n<p>&#8220;Heute fahren von den circa 180.000 Fahrzeugen, die durch dieses Gebiet fahren, 100.000 ohne anzuhalten durch&#8221;, sagte Belliard <a href=\"https:\/\/www.leparisien.fr\/paris-75\/le-coeur-historique-de-paris-sera-presque-entierement-pieton-en-2022-12-05-2021-KCJA5WZPTZDIRKRMFIDNNWC2HA.php?xtor=AD-366\" rel=\"noreferrer noopener\" target=\"_blank\">der Zeitung Le Parisien<\/a>. K\u00fcnftig sollen nur noch Anwohner, Busse, Taxis, aber auch Handwerker, Gewerbetreibende und Zusteller in diesem Bereich unterwegs sein k\u00f6nnen. Es sei nun ein Konsultationsprozess gestartet worden, bei dem die Details gekl\u00e4rt werden sollen. Unklar sei zum Beispiel noch, welche Regeln f\u00fcr Reisebusse gelten sollen.<\/p>\n\n\n\n<h3 class=\"wp-block-heading\" id=\"nav_eine_fuzo_um__0\">Eine Fuzo um die \u00cele de la Cit\u00e9<\/h3>\n\n\n\n<p><a href=\"https:\/\/idee.paris.fr\/consultation\/zone-de-transit-limite-paris-centre\/presentation\/quel-futur-pour-la-circulation-de-transit-dans-le-centre-de-paris\" rel=\"noreferrer noopener\" target=\"_blank\">Die Umsetzung der Pl\u00e4ne<\/a> ist f\u00fcr 2022 anvisiert. Die Zone soll grob gesagt rund um die Seine-Insel \u00cele de la Cit\u00e9 eingerichtet werden und neben den ersten vier Arrondissements auch Teile des f\u00fcnften, sechsten und siebten Arrondissements betreffen \u2013 ein recht gro\u00dfer Bereich also. &#8220;Die Einrichtung dieser Zone zielt darauf ab, Fu\u00dfg\u00e4nger und Radfahrer zu unterst\u00fctzen, mehr Sicherheit f\u00fcr sie zu schaffen und die Umweltverschmutzung und den L\u00e4rm zu reduzieren&#8221;, sagte Belliard.<\/p>\n\n\n\n<p>Die Pariser B\u00fcrgermeisterin Anne Hidalgo hat Autoverkehr und Luftverschmutzung <a href=\"https:\/\/www.heise.de\/autos\/artikel\/Paris-bis-2024-ohne-Diesel-bis-2030-ohne-Benzin-kfz-3860907.html\" rel=\"noreferrer noopener\" target=\"_blank\">schon l\u00e4nger den Kampf angesagt<\/a> und etwa die Fahrradwege stark ausgebaut. Bei schlechter Luft wird der Verkehr deutlich eingeschr\u00e4nkt, Schadstoff-Plaketten f\u00fcr Autos sind Pflicht. Einige Stra\u00dfen sind f\u00fcr den Verkehr gesperrt \u2013 zum Beispiel das rechte Seine-Ufer \u2013 stattdessen ist dort eine Flaniermeile entstanden.<\/p>\n","protected":false},"excerpt":{"rendered":"<p>(14.05.21) von heise.de , Original : hier &#8220;Mehr als die H\u00e4lfte der Autos fahren einfach durch&#8221;: Nach Pl\u00e4nen des Rathauses k\u00f6nnte die Pariser Innenstadt bald zu einer Art Fu\u00dfg\u00e4ngerzone werden. (dpa) Wenn es nach den Pl\u00e4nen des Pariser Rathauses geht, soll es eine verkehrsberuhigte Zone geben, um den Autoverkehr massiv einzuschr\u00e4nken. Die Pariser Innenstadt k\u00f6nnte &hellip; <a href=\"https:\/\/boklima.de\/?p=8418\" class=\"more-link\"><span class=\"screen-reader-text\">\u201eParis will Autoverkehr in der Innenstadt weiter einschr\u00e4nken &#8211; Blaupause f\u00fcr Bochum ?\u201c <\/span>weiterlesen<\/a><\/p>\n","protected":false},"author":8,"featured_media":0,"comment_status":"open","ping_status":"open","sticky":false,"template":"","format":"standard","meta":{"ngg_post_thumbnail":0,"footnotes":"","_share_on_mastodon":"0"},"categories":[158,157,104,130,115,125],"tags":[],"class_list":["post-8418","post","type-post","status-publish","format-standard","hentry","category-verkehr","category-relevant-klimanews","category-oeffentlich-fuer-alle-site-besucher-lesbar","category-co2-einsparen","category-allg-themen","category-klima-schutz-themen"],"share_on_mastodon":{"url":"","error":""},"rttpg_featured_image_url":null,"rttpg_author":{"display_name":"thomas","author_link":"https:\/\/boklima.de\/?author=8"},"rttpg_comment":0,"rttpg_category":"<a href=\"https:\/\/boklima.de\/?cat=158\" rel=\"category\">Verkehr<\/a> <a href=\"https:\/\/boklima.de\/?cat=157\" rel=\"category\">relevant-KlimaNews<\/a> <a href=\"https:\/\/boklima.de\/?cat=104\" rel=\"category\">\u00f6ffentlich (f\u00fcr alle lesbar)<\/a> <a href=\"https:\/\/boklima.de\/?cat=130\" rel=\"category\">CO2-einsparen<\/a> <a href=\"https:\/\/boklima.de\/?cat=115\" rel=\"category\">Allg Themen<\/a> <a href=\"https:\/\/boklima.de\/?cat=125\" rel=\"category\">Klima-Schutz-Themen<\/a>","rttpg_excerpt":"(14.05.21) von heise.de , Original : hier &#8220;Mehr als die H\u00e4lfte der Autos fahren einfach durch&#8221;: Nach Pl\u00e4nen des Rathauses k\u00f6nnte die Pariser Innenstadt bald zu einer Art Fu\u00dfg\u00e4ngerzone werden. (dpa) Wenn es nach den Pl\u00e4nen des Pariser Rathauses geht, soll es eine verkehrsberuhigte Zone geben, um den Autoverkehr massiv einzuschr\u00e4nken. Die Pariser Innenstadt k\u00f6nnte&hellip;","_links":{"self":[{"href":"https:\/\/boklima.de\/index.php?rest_route=\/wp\/v2\/posts\/8418","targetHints":{"allow":["GET"]}}],"collection":[{"href":"https:\/\/boklima.de\/index.php?rest_route=\/wp\/v2\/posts"}],"about":[{"href":"https:\/\/boklima.de\/index.php?rest_route=\/wp\/v2\/types\/post"}],"author":[{"embeddable":true,"href":"https:\/\/boklima.de\/index.php?rest_route=\/wp\/v2\/users\/8"}],"replies":[{"embeddable":true,"href":"https:\/\/boklima.de\/index.php?rest_route=%2Fwp%2Fv2%2Fcomments&post=8418"}],"version-history":[{"count":1,"href":"https:\/\/boklima.de\/index.php?rest_route=\/wp\/v2\/posts\/8418\/revisions"}],"predecessor-version":[{"id":8419,"href":"https:\/\/boklima.de\/index.php?rest_route=\/wp\/v2\/posts\/8418\/revisions\/8419"}],"wp:attachment":[{"href":"https:\/\/boklima.de\/index.php?rest_route=%2Fwp%2Fv2%2Fmedia&parent=8418"}],"wp:term":[{"taxonomy":"category","embeddable":true,"href":"https:\/\/boklima.de\/index.php?rest_route=%2Fwp%2Fv2%2Fcategories&post=8418"},{"taxonomy":"post_tag","embeddable":true,"href":"https:\/\/boklima.de\/index.php?rest_route=%2Fwp%2Fv2%2Ftags&post=8418"}],"curies":[{"name":"wp","href":"https:\/\/api.w.org\/{rel}","templated":true}]}}