{"id":8281,"date":"2021-05-12T11:43:04","date_gmt":"2021-05-12T09:43:04","guid":{"rendered":"https:\/\/boklima.de\/?p=8281"},"modified":"2021-05-12T11:43:05","modified_gmt":"2021-05-12T09:43:05","slug":"politiker-kritisieren-zu-schnelles-baumfaellen-in-bochum","status":"publish","type":"post","link":"https:\/\/boklima.de\/?p=8281","title":{"rendered":"Politiker kritisieren : &#8221; zu schnelles Baumf\u00e4llen&#8221; in Bochum"},"content":{"rendered":"\n<p>( 10.05.21 , aus Waz.de von S.Vogt , Original : <a href=\"https:\/\/www.waz.de\/staedte\/bochum\/politiker-kritisieren-zu-schnelles-baumfaellen-in-bochum-id232255191.html\" target=\"_blank\" rel=\"noreferrer noopener\">hier<\/a> )<\/p>\n\n\n\n<p>Bochum-Innenstadt.\u00a0 <br>An der Max-Grewe-Stra\u00dfe wurden B\u00e4ume gef\u00e4llt, um Platz zu schaffen f\u00fcr Wohnungen und eine Tagespflegeeinrichtung. Kritik im Bezirk Bochum-Mitte.<\/p>\n\n\n\n<p>Nicht nur bei B\u00fcrgerinnen und B\u00fcrgern w\u00e4chst der Unmut \u00fcber das F\u00e4llen von B\u00e4umen. <a href=\"https:\/\/www.waz.de\/staedte\/bochum\/kritik-am-kahlschlag-fuer-neubau-einer-aldi-filiale-in-bochum-id232084623.html\" target=\"_blank\" rel=\"noreferrer noopener\">Auch die Politik zieht zunehmend in Zweifel, ob das Abholzen f\u00fcr neue Bauvorhaben immer in der beantragten Gr\u00f6\u00dfenordnung sein muss.<\/a> J\u00fcngster Fall: An der Max-Grewe-Stra\u00dfe stehen sechs B\u00e4ume einem Wohngeb\u00e4ude im Weg.<a href=\"https:\/\/www.waz.de\/staedte\/bochum\/bochum-baeume-gefaellt-streit-in-der-nachbarschaft-id231575251.html\" target=\"_blank\" rel=\"noreferrer noopener\"> B\u00e4ume Bochum: B\u00e4ume gef\u00e4llt \u2014 Streit in der Nachbarschaft<\/a><\/p>\n\n\n\n<p>Dort sollen 29 Wohnungen und eine Tagespflegeeinrichtung entstehen. Die sechs B\u00e4ume fallen unter die Baumschutzsatzung der Stadt. Christiane Laschinski (SPD) zeigte sich in der j\u00fcngsten Sitzung der Bezirksvertretung Bochum-Mitte verwundert. \u201fWir sind allzu schnell beim F\u00e4llen dabei.<a href=\"https:\/\/www.waz.de\/staedte\/bochum\/anwohner-wundern-sich-ueber-faellungen-in-brutschutzzeit-id232027875.html\" target=\"_blank\" rel=\"noreferrer noopener\"> Es sollte k\u00fcnftig abgewogen werden zwischen den Interessen der Investoren und den Anforderungen des Klimaschutzes<\/a>.\u201d<\/p>\n\n\n\n<h3 class=\"wp-block-heading\"><span class=\"ez-toc-section\" id=\"Bochumer_Politik_will_mehr_einbezogen_werden\"><\/span>Bochumer Politik will mehr einbezogen werden<span class=\"ez-toc-section-end\"><\/span><\/h3>\n\n\n\n<p>So k\u00f6nnte kleiner gebaut werden, damit weniger B\u00e4ume f\u00fcr ein Bauvorhaben fallen m\u00fcssten. Die Politik wolle mehr einbezogen werden und nicht nur lapidare Mitteilungen erhalten. <strong>\u201fEs kann nicht sein, dass wir zu Baumf\u00e4llungen immer Ja sagen.\u201d<\/strong> Die Bezirksvertreterin forderte einen Ortstermin, bevor die B\u00e4ume abges\u00e4gt werden. <a href=\"https:\/\/www.waz.de\/staedte\/bochum\/spd-bochum-will-kuenftig-mehr-baeume-vor-der-saege-retten-id232027605.html\" target=\"_blank\" rel=\"noreferrer noopener\">Ihr Fraktionskollege Holger Schneider aber wusste zu berichten: Ein Ortstermin ist hinf\u00e4llig, die B\u00e4ume sind bereits weg.<\/a><\/p>\n\n\n\n<p>CDU-Fraktionschef James Wille nannte die Forderung der Interessensabw\u00e4gung \u201ffraglich\u201d: <em>Es handele sich um das Eigentumsrecht des jeweiligen Grundst\u00fccksbesitzers, da k\u00f6nne die Stadt nicht eingreifen. In keinem Fall aber sollte die Politik soweit gehen, dass Grundst\u00fccke nicht bebaut werden k\u00f6nnen, weil dort B\u00e4ume st\u00fcnden<\/em>.<\/p>\n\n\n\n<h3 class=\"wp-block-heading\"><span class=\"ez-toc-section\" id=\"Es_fehlen_Hunderte_von_Strassenbaeumen\"><\/span>Es fehlen Hunderte von Stra\u00dfenb\u00e4umen<span class=\"ez-toc-section-end\"><\/span><\/h3>\n\n\n\n<p>\u201fWir m\u00fcssen uns dar\u00fcber Gedanken machen, ob wir bestimmte Dinge verhindern. <a href=\"https:\/\/www.waz.de\/staedte\/bochum\/bochumer-baugegner-finden-pflanz-idee-der-gruenen-aermlich-id231799537.html\" target=\"_blank\" rel=\"noreferrer noopener\">Uns fehlen Hunderte von Stra\u00dfenb\u00e4umen.<\/a> Wenn ein Investor Ausgleichszahlungen statt Neuanpflanzungen leistet, k\u00f6nnten mehr Stra\u00dfenb\u00e4ume mit dem Geld gekauft werden.\u201d <\/p>\n\n\n\n<p>&#8230;..<\/p>\n\n\n\n<p>David Schnell (SPD) erinnerte daran, dass f\u00fcr den Bau eines Kl\u00e4rwerks an der Hordeler Heide vor Jahren ein kompletter Wald entfernt worden war. Weil es an Fl\u00e4chen im Bezirk Mitte fehlte, wurde ein neuer Wald in Herne angepflanzt. \u201fStra\u00dfenb\u00e4ume waren somit auch nicht m\u00f6glich.\u201d<\/p>\n\n\n\n<h3 class=\"wp-block-heading\"><span class=\"ez-toc-section\" id=\"Eigentuemer_ueberzeugen\"><\/span>Eigent\u00fcmer \u00fcberzeugen<span class=\"ez-toc-section-end\"><\/span><\/h3>\n\n\n\n<p>Karsten Finke (Gr\u00fcne) warf ein: \u201f<strong>Wir wollen vorher wissen, was passiert. <a href=\"https:\/\/www.waz.de\/staedte\/bochum\/stadt-bochum-stoppt-baumfaellungen-auf-dem-gmu-gelaende-id231716599.html\" target=\"_blank\" rel=\"noreferrer noopener\">Denn manchmal k\u00f6nnen Eigent\u00fcmer \u00fcberzeugt werden, mehr B\u00e4ume stehen zu lassen.\u201d<\/a><\/strong><\/p>\n\n\n\n<p>F\u00fcr den Neubau Max-Grewe-Stra\u00dfe muss der Bauherr als Ersatz 19 B\u00e4ume neu pflanzen; nach dessen Angaben sollen neun auf dem F\u00e4llgrundst\u00fcck gepflanzt werden, jeweils f\u00fcnf auf den Grundst\u00fccken Herrensiepen 2 und Breite Hille 27. Na\u00adtur\u00adschutz\u00adge\u00adbiet soll wach\u00adsen<\/p>\n\n\n\n<p>Das <strong>Na\u00adtur\u00adschutz\u00adge\u00adbiet Am Blu\u00admen\u00adkamp <\/strong>\u2014 zwi\u00adschen Hor\u00addel und G\u00fcn\u00adnig\u00adfeld \u2014 soll er\u00adwei\u00adtert wer\u00adden.<\/p>\n\n\n\n<p>Die <strong>Bio\u00adlo\u00adgi\u00adsche Sta\u00adti\u00adon \u00f6st\u00adli\u00adches Ruhr\u00adge\u00adbiet <\/strong>ist zu\u00adst\u00e4n\u00addig f\u00fcr die Na\u00adtur\u00adschutz\u00adfl\u00e4\u00adche. Sie schl\u00e4gt vor, sie Rich\u00adtung Wes\u00adten zu ver\u00adgr\u00f6\u00ad\u00dfern und somit den \u00f6ko\u00adlo\u00adgi\u00adschen Wert zu stei\u00adgern.<\/p>\n\n\n\n<h3 class=\"wp-block-heading\"><span class=\"ez-toc-section\" id=\"Neuanpflanzungen_in_Unterhordel\"><\/span>Neuanpflanzungen in Unterhordel<span class=\"ez-toc-section-end\"><\/span><\/h3>\n\n\n\n<p>Gr\u00fcner soll es in Unterhordel werden: Hier plant die Stadt, an der Stra\u00dfe Am Lakenbruch und Hannoverstra\u00dfe leere Baumscheiben (nach Ela) im kommenden Herbst\/Winter neu zu bepflanzen.<a href=\"https:\/\/www.waz.de\/staedte\/bochum\/bochum-warum-eine-uralte-stileiche-gefaellt-werden-musste-id231474837.html\" target=\"_blank\" rel=\"noreferrer noopener\"> Umwelt Bochum: Warum eine uralte Stieleiche gef\u00e4llt werden musste<\/a><\/p>\n\n\n\n<p>Stra\u00dfenb\u00e4ume fehlen auch im Riemker Neubaugebiet Am Wiesenst\u00fcck und am M\u00fchlenbach. Darauf machte die SPD-Fraktion aufmerksam. Die Stadt erkl\u00e4rt nun: Insgesamt sollen dort 20 neue B\u00e4ume gepflanzt werden, und zwar zeitnah.<\/p>\n<div id=\"ez-toc-container\" class=\"ez-toc-v2_0_82_2 counter-hierarchy ez-toc-counter ez-toc-transparent ez-toc-container-direction\">\n<div class=\"ez-toc-title-container\">\n<p class=\"ez-toc-title\" style=\"cursor:inherit\">Inhalte dieser Seite :<\/p>\n<span class=\"ez-toc-title-toggle\"><a href=\"#\" class=\"ez-toc-pull-right ez-toc-btn ez-toc-btn-xs ez-toc-btn-default ez-toc-toggle\" aria-label=\"Toggle Table of Content\"><span class=\"ez-toc-js-icon-con\"><span class=\"\"><span class=\"eztoc-hide\" style=\"display:none;\">Toggle<\/span><span class=\"ez-toc-icon-toggle-span\"><svg style=\"fill: #999;color:#999\" xmlns=\"http:\/\/www.w3.org\/2000\/svg\" class=\"list-377408\" width=\"20px\" height=\"20px\" viewBox=\"0 0 24 24\" fill=\"none\"><path d=\"M6 6H4v2h2V6zm14 0H8v2h12V6zM4 11h2v2H4v-2zm16 0H8v2h12v-2zM4 16h2v2H4v-2zm16 0H8v2h12v-2z\" fill=\"currentColor\"><\/path><\/svg><svg style=\"fill: #999;color:#999\" class=\"arrow-unsorted-368013\" xmlns=\"http:\/\/www.w3.org\/2000\/svg\" width=\"10px\" height=\"10px\" viewBox=\"0 0 24 24\" version=\"1.2\" baseProfile=\"tiny\"><path d=\"M18.2 9.3l-6.2-6.3-6.2 6.3c-.2.2-.3.4-.3.7s.1.5.3.7c.2.2.4.3.7.3h11c.3 0 .5-.1.7-.3.2-.2.3-.5.3-.7s-.1-.5-.3-.7zM5.8 14.7l6.2 6.3 6.2-6.3c.2-.2.3-.5.3-.7s-.1-.5-.3-.7c-.2-.2-.4-.3-.7-.3h-11c-.3 0-.5.1-.7.3-.2.2-.3.5-.3.7s.1.5.3.7z\"\/><\/svg><\/span><\/span><\/span><\/a><\/span><\/div>\n<nav><ul class='ez-toc-list ez-toc-list-level-1 eztoc-toggle-hide-by-default' ><li class='ez-toc-page-1 ez-toc-heading-level-3'><a class=\"ez-toc-link ez-toc-heading-1\" href=\"https:\/\/boklima.de\/?p=8281\/#Bochumer_Politik_will_mehr_einbezogen_werden\" >Bochumer Politik will mehr einbezogen werden<\/a><\/li><li class='ez-toc-page-1 ez-toc-heading-level-3'><a class=\"ez-toc-link ez-toc-heading-2\" href=\"https:\/\/boklima.de\/?p=8281\/#Es_fehlen_Hunderte_von_Strassenbaeumen\" >Es fehlen Hunderte von Stra\u00dfenb\u00e4umen<\/a><\/li><li class='ez-toc-page-1 ez-toc-heading-level-3'><a class=\"ez-toc-link ez-toc-heading-3\" href=\"https:\/\/boklima.de\/?p=8281\/#Eigentuemer_ueberzeugen\" >Eigent\u00fcmer \u00fcberzeugen<\/a><\/li><li class='ez-toc-page-1 ez-toc-heading-level-3'><a class=\"ez-toc-link ez-toc-heading-4\" href=\"https:\/\/boklima.de\/?p=8281\/#Neuanpflanzungen_in_Unterhordel\" >Neuanpflanzungen in Unterhordel<\/a><\/li><\/ul><\/nav><\/div>\n","protected":false},"excerpt":{"rendered":"<p>( 10.05.21 , aus Waz.de von S.Vogt , Original : hier ) Bochum-Innenstadt.\u00a0 An der Max-Grewe-Stra\u00dfe wurden B\u00e4ume gef\u00e4llt, um Platz zu schaffen f\u00fcr Wohnungen und eine Tagespflegeeinrichtung. Kritik im Bezirk Bochum-Mitte. Nicht nur bei B\u00fcrgerinnen und B\u00fcrgern w\u00e4chst der Unmut \u00fcber das F\u00e4llen von B\u00e4umen. Auch die Politik zieht zunehmend in Zweifel, ob das &hellip; <a href=\"https:\/\/boklima.de\/?p=8281\" class=\"more-link\"><span class=\"screen-reader-text\">\u201ePolitiker kritisieren : &#8221; zu schnelles Baumf\u00e4llen&#8221; in Bochum\u201c <\/span>weiterlesen<\/a><\/p>\n","protected":false},"author":8,"featured_media":0,"comment_status":"closed","ping_status":"closed","sticky":false,"template":"","format":"standard","meta":{"ngg_post_thumbnail":0,"footnotes":"","_share_on_mastodon":"0"},"categories":[156,104],"tags":[],"class_list":["post-8281","post","type-post","status-publish","format-standard","hentry","category-relevant-bochum","category-oeffentlich-fuer-alle-site-besucher-lesbar"],"share_on_mastodon":{"url":"","error":""},"rttpg_featured_image_url":null,"rttpg_author":{"display_name":"thomas","author_link":"https:\/\/boklima.de\/?author=8"},"rttpg_comment":0,"rttpg_category":"<a href=\"https:\/\/boklima.de\/?cat=156\" rel=\"category\">relevant-Bochum<\/a> <a href=\"https:\/\/boklima.de\/?cat=104\" rel=\"category\">\u00f6ffentlich (f\u00fcr alle lesbar)<\/a>","rttpg_excerpt":"( 10.05.21 , aus Waz.de von S.Vogt , Original : hier ) Bochum-Innenstadt.\u00a0 An der Max-Grewe-Stra\u00dfe wurden B\u00e4ume gef\u00e4llt, um Platz zu schaffen f\u00fcr Wohnungen und eine Tagespflegeeinrichtung. Kritik im Bezirk Bochum-Mitte. Nicht nur bei B\u00fcrgerinnen und B\u00fcrgern w\u00e4chst der Unmut \u00fcber das F\u00e4llen von B\u00e4umen. Auch die Politik zieht zunehmend in Zweifel, ob das&hellip;","_links":{"self":[{"href":"https:\/\/boklima.de\/index.php?rest_route=\/wp\/v2\/posts\/8281","targetHints":{"allow":["GET"]}}],"collection":[{"href":"https:\/\/boklima.de\/index.php?rest_route=\/wp\/v2\/posts"}],"about":[{"href":"https:\/\/boklima.de\/index.php?rest_route=\/wp\/v2\/types\/post"}],"author":[{"embeddable":true,"href":"https:\/\/boklima.de\/index.php?rest_route=\/wp\/v2\/users\/8"}],"replies":[{"embeddable":true,"href":"https:\/\/boklima.de\/index.php?rest_route=%2Fwp%2Fv2%2Fcomments&post=8281"}],"version-history":[{"count":1,"href":"https:\/\/boklima.de\/index.php?rest_route=\/wp\/v2\/posts\/8281\/revisions"}],"predecessor-version":[{"id":8282,"href":"https:\/\/boklima.de\/index.php?rest_route=\/wp\/v2\/posts\/8281\/revisions\/8282"}],"wp:attachment":[{"href":"https:\/\/boklima.de\/index.php?rest_route=%2Fwp%2Fv2%2Fmedia&parent=8281"}],"wp:term":[{"taxonomy":"category","embeddable":true,"href":"https:\/\/boklima.de\/index.php?rest_route=%2Fwp%2Fv2%2Fcategories&post=8281"},{"taxonomy":"post_tag","embeddable":true,"href":"https:\/\/boklima.de\/index.php?rest_route=%2Fwp%2Fv2%2Ftags&post=8281"}],"curies":[{"name":"wp","href":"https:\/\/api.w.org\/{rel}","templated":true}]}}