{"id":8186,"date":"2021-04-26T22:52:31","date_gmt":"2021-04-26T20:52:31","guid":{"rendered":"https:\/\/boklima.de\/?p=8186"},"modified":"2021-04-26T23:13:33","modified_gmt":"2021-04-26T21:13:33","slug":"neustr-bericht-in-der-waz-23-04","status":"publish","type":"post","link":"https:\/\/boklima.de\/?p=8186","title":{"rendered":"Neustr Bericht in der WAZ (23.04)"},"content":{"rendered":"\n<div class=\"wp-block-algori-pdf-viewer-block-algori-pdf-viewer\"><iframe class=\"wp-block-algori-pdf-viewer-block-algori-pdf-viewer-iframe\" src=\"https:\/\/boklima.de\/wp-content\/plugins\/algori-pdf-viewer\/dist\/web\/viewer.html?file=https%3A%2F%2Fboklima.de%2Fwp-content%2Fuploads%2F2021%2F04%2F210423-waz-womoeglichplatzfuerkreative.pdf\" style=\"width:800px;height:1100px\"><\/iframe><\/div>\n\n\n\n<blockquote class=\"wp-block-quote is-layout-flow wp-block-quote-is-layout-flow\"><p>\u201fWas immer da jetzt auch kommen mag, es sollten so viele vitale B\u00e4ume wie m\u00f6glich erhalten werden\u201d, so Martina Foltys-Banning, die die Gr\u00fcnen im Planungsausschuss vertritt.<\/p><\/blockquote>\n\n\n\n<p>Das ist doch zu wenig ! &#8212; ALLE !!<\/p>\n\n\n\n<hr class=\"wp-block-separator\"\/>\n\n\n\n<p>Hierzu wurde von Fr Kl\u00f6ckner (GHr\u00fcne im Rat) auf Nachfrage von BoKlima auf das ISEK-Innenstadt-Papier \/ Protokoll verwiesen :<\/p>\n\n\n\n<div class=\"wp-block-algori-pdf-viewer-block-algori-pdf-viewer\"><iframe class=\"wp-block-algori-pdf-viewer-block-algori-pdf-viewer-iframe\" src=\"https:\/\/boklima.de\/wp-content\/plugins\/algori-pdf-viewer\/dist\/web\/viewer.html?file=https%3A%2F%2Fboklima.de%2Fwp-content%2Fuploads%2F2021%2F04%2F190702-isek-innenstadt-20190705-protokoll-zukunftsforum-ii.pdf\" style=\"width:600px;height:800px\"><\/iframe><\/div>\n","protected":false},"excerpt":{"rendered":"<p>\u201fWas immer da jetzt auch kommen mag, es sollten so viele vitale B\u00e4ume wie m\u00f6glich erhalten werden\u201d, so Martina Foltys-Banning, die die Gr\u00fcnen im Planungsausschuss vertritt. Das ist doch zu wenig ! &#8212; ALLE !! Hierzu wurde von Fr Kl\u00f6ckner (GHr\u00fcne im Rat) auf Nachfrage von BoKlima auf das ISEK-Innenstadt-Papier \/ Protokoll verwiesen :<\/p>\n","protected":false},"author":2,"featured_media":0,"comment_status":"closed","ping_status":"closed","sticky":false,"template":"","format":"standard","meta":{"ngg_post_thumbnail":0,"footnotes":"","_share_on_mastodon":"0"},"categories":[155,104],"tags":[],"class_list":["post-8186","post","type-post","status-publish","format-standard","hentry","category-relevant-boklima","category-oeffentlich-fuer-alle-site-besucher-lesbar"],"share_on_mastodon":{"url":"","error":""},"rttpg_featured_image_url":null,"rttpg_author":{"display_name":"thomas - als admin","author_link":"https:\/\/boklima.de\/?author=2"},"rttpg_comment":0,"rttpg_category":"<a href=\"https:\/\/boklima.de\/?cat=155\" rel=\"category\">relevant-BoKlima<\/a> <a href=\"https:\/\/boklima.de\/?cat=104\" rel=\"category\">\u00f6ffentlich (f\u00fcr alle lesbar)<\/a>","rttpg_excerpt":"\u201fWas immer da jetzt auch kommen mag, es sollten so viele vitale B\u00e4ume wie m\u00f6glich erhalten werden\u201d, so Martina Foltys-Banning, die die Gr\u00fcnen im Planungsausschuss vertritt. Das ist doch zu wenig ! &#8212; ALLE !! Hierzu wurde von Fr Kl\u00f6ckner (GHr\u00fcne im Rat) auf Nachfrage von BoKlima auf das ISEK-Innenstadt-Papier \/ Protokoll verwiesen :","_links":{"self":[{"href":"https:\/\/boklima.de\/index.php?rest_route=\/wp\/v2\/posts\/8186","targetHints":{"allow":["GET"]}}],"collection":[{"href":"https:\/\/boklima.de\/index.php?rest_route=\/wp\/v2\/posts"}],"about":[{"href":"https:\/\/boklima.de\/index.php?rest_route=\/wp\/v2\/types\/post"}],"author":[{"embeddable":true,"href":"https:\/\/boklima.de\/index.php?rest_route=\/wp\/v2\/users\/2"}],"replies":[{"embeddable":true,"href":"https:\/\/boklima.de\/index.php?rest_route=%2Fwp%2Fv2%2Fcomments&post=8186"}],"version-history":[{"count":2,"href":"https:\/\/boklima.de\/index.php?rest_route=\/wp\/v2\/posts\/8186\/revisions"}],"predecessor-version":[{"id":8192,"href":"https:\/\/boklima.de\/index.php?rest_route=\/wp\/v2\/posts\/8186\/revisions\/8192"}],"wp:attachment":[{"href":"https:\/\/boklima.de\/index.php?rest_route=%2Fwp%2Fv2%2Fmedia&parent=8186"}],"wp:term":[{"taxonomy":"category","embeddable":true,"href":"https:\/\/boklima.de\/index.php?rest_route=%2Fwp%2Fv2%2Fcategories&post=8186"},{"taxonomy":"post_tag","embeddable":true,"href":"https:\/\/boklima.de\/index.php?rest_route=%2Fwp%2Fv2%2Ftags&post=8186"}],"curies":[{"name":"wp","href":"https:\/\/api.w.org\/{rel}","templated":true}]}}