{"id":8138,"date":"2021-04-16T11:52:27","date_gmt":"2021-04-16T09:52:27","guid":{"rendered":"https:\/\/boklima.de\/?p=8138"},"modified":"2021-04-16T11:52:29","modified_gmt":"2021-04-16T09:52:29","slug":"waz-umstrittenes-neubaugebiet-stadt-holt-sich-rueffel-ab","status":"publish","type":"post","link":"https:\/\/boklima.de\/?p=8138","title":{"rendered":"(WAZ) Umstrittenes Neubaugebiet : Stadt holt sich R\u00fcffel ab"},"content":{"rendered":"\n<p>(15.04.21 Original WAZ.de : <a href=\"https:\/\/www.waz.de\/staedte\/bochum\/umstrittenes-neubaugebiet-stadt-bochum-holt-sich-rueffel-ab-id232051977.html\" target=\"_blank\" rel=\"noreferrer noopener\">hier<\/a> ) Von Gernot Noelle <\/p>\n\n\n\n<p>Bochum-Dahlhausen.\u00a0 <br>Bei der geplanten Bebauung am Ruhrort hat die Bezirksregierung Arnsberg erhebliche Bedenken. Die Stadt Bochum kommt dabei nicht gut weg.<\/p>\n\n\n\n<p>&#8230; <br>Nun ist auch herausgekommen, weshalb die Stadt <a href=\"https:\/\/www.waz.de\/staedte\/bochum\/wohnen-in-bochum-neues-park-viertel-kaeufer-gesucht-id232041583.html\" target=\"_blank\" rel=\"noreferrer noopener\">Bochum<\/a> die Beschlussvorlage f\u00fcr den Bebauungsplan Nummer 997 im Januar pl\u00f6tzlich, <a href=\"https:\/\/www.waz.de\/staedte\/bochum\/erster-erfolg-fuer-gegner-des-bauprojekts-in-bochum-dahlhausen-id231412615.html\" target=\"_blank\" rel=\"noreferrer noopener\">kurz vor den politischen Sitzungen, zur\u00fcckgezogen <\/a>hat. Die Bezirksregierung Arnsberg hatte kurz zuvor in einer Stellungnahme weiterhin erhebliche Bedenken gegen die angedachte Bebauung ge\u00e4u\u00dfert. Die Stadt <a href=\"https:\/\/www.waz.de\/staedte\/bochum\/bochum-16-dosen-fuer-eine-woche-aerzte-bitter-enttaeuscht-id232046517.html\" target=\"_blank\" rel=\"noreferrer noopener\">Bochum<\/a>, speziell das Planungsamt, kommt dabei gar nicht gut weg.<\/p>\n\n\n\n<h3 class=\"wp-block-heading\"><span class=\"ez-toc-section\" id=\"Bezirksregierung_hat_wegen_Neubaugebiet_Bedenken_%E2%80%93_Rueffel_fuer_die_Stadt_Bochum\"><\/span>Bezirksregierung hat wegen Neubaugebiet Bedenken \u2013 R\u00fcffel f\u00fcr die Stadt Bochum<span class=\"ez-toc-section-end\"><\/span><\/h3>\n\n\n\n<p>Das Bochumer Netzwerk f\u00fcr b\u00fcrgernahe Stadtentwicklung konnte sich Zugang zu einer schriftlichen Stellungnahme aus Arnsberg verschaffen. In diesem Schreiben vom 19. Januar reagiert die Bezirksregierung auf die Antwort des Bochumer Planungsamtes (11. Januar) zur Stellungnahme aus Arnsberg vom 29. Juni 2020, in der die Bezirksregierung erhebliche immissionsschutzrechtliche Bedenken zu dem Planungsentwurf dargelegt hat.<\/p>\n\n\n\n<p>Von diesen Bedenken, das macht die Bezirksregierung sehr deutlich, r\u00fcckt sie auch nicht ab. Mehr noch: Das Antwortschreiben des Bochumer Planungsamtes wird regelrecht auseinander genommen: Die dargelegten Ausf\u00fchrungen \u201fsind teilweise nicht zutreffend und die vorgebrachten immissionsschutzrechtlichen Bedenken werden hierin nicht beantwortet bzw. die angesprochenen Probleme sind nicht erkannt und nicht gel\u00f6st worden\u201d, hei\u00dft es darin.<a href=\"https:\/\/www.waz.de\/staedte\/bochum\/bochum-dahlhausen-bauplaene-am-ruhrort-sorgen-fuer-kritik-id231882753.html\" target=\"_blank\" rel=\"noreferrer noopener\"> Stadtentwicklung Neubaugebiet: Stadt h\u00e4lt Klimagutachten nicht f\u00fcr n\u00f6tig<\/a><\/p>\n\n\n\n<p>Arnsberg kommt zu dem Ergebnis, dass die Antwort des Planungsamtes \u201fv\u00f6llig unzureichend\u201d sei und &#8230; <\/p>\n\n\n\n<h3 class=\"wp-block-heading\"><span class=\"ez-toc-section\" id=\"Kritik_an_Stadt_Bochum_Laermmessung_zur_falschen_Zeit_am_falschen_Ort\"><\/span>Kritik an Stadt Bochum: L\u00e4rmmessung zur falschen Zeit am falschen Ort<span class=\"ez-toc-section-end\"><\/span><\/h3>\n\n\n\n<p>So wird in Arnsberg etwa moniert, dass die ohnehin nur einmalige und damit wenig aussagekr\u00e4ftige L\u00e4rmmessung zur falschen Zeit, wenn ohnehin nicht so viel L\u00e4rm sei, und noch dazu an einem gesch\u00fctzten Ort durchf\u00fchrt worden sei. So sei eine Beurteilung der L\u00e4rmsituation dort nicht m\u00f6glich. Im kritischen s\u00fcdwestlichen Bereich des geplanten Wohngebietes hingegen sei nicht gemessen worden. &#8230;. <\/p>\n\n\n\n<p>Aus Sicht der Bezirksregierung sei nicht auszuschlie\u00dfen, dass in den oberen Etagen der geplanten Wohnbebauung, die nicht durch die Ofenhalle der benachbarten Fabrik Dr. C. Otto abgeschirmt werden, \u201fwesentlich h\u00f6here L\u00e4rmimmissionen zu erwarten sind\u201d.<a href=\"https:\/\/www.waz.de\/staedte\/bochum\/dahlhausen-vom-haesslichen-entlein-zum-schoenen-schwan-id216768703.html\" target=\"_blank\" rel=\"noreferrer noopener\"> Stadtteil-Check Dahlhausen: Vom h\u00e4sslichen Entlein zum sch\u00f6nen Schwan<\/a><\/p>\n\n\n\n<p>&#8230;<\/p>\n\n\n\n<p>Die Wilma Immobilien AG will am Ruhrort <strong>auf einer Fl\u00e4che von 2,6 Hektar 64 Einfamilien-, Reihen- und Doppelh\u00e4user bauen<\/strong>. F\u00fcr dieses Bauvorhaben wurde der Bebauungsplan 997 aufgestellt. Darin ist auch festgelegt, dass der Gro\u00dfteil der f\u00fcr die Baugrundst\u00fccke und die Erschlie\u00dfung vorgesehenen Fl\u00e4chen wegen Hochwassergefahr um ca. zwei Meter angehoben werden.<\/p>\n\n\n\n<p>Die Bezirksvertretung S\u00fcdwest hatte sich bereits f\u00fcr das Neubauprojekt in Dahlhausen ausgesprochen. Kurz vor der Sitzung des Ausschusses f\u00fcr Planung und Grundst\u00fccke hatte die Verwaltung die Vorlage mit dem Satzungsbeschluss jedoch zur\u00fcckgezogen. Auch die <strong>Beratung und Beschlussfassung in Hauptausschuss und Rat wurden verschoben<\/strong>.<\/p>\n\n\n\n<p><strong>Das Netzwerk f\u00fcr b\u00fcrgernahe Stadtentwicklung kritisiert, dass die Verwaltung die politischen Gremien bis heute nicht \u00fcber diese konkreten Bedenken der Bezirksregierung informiert hat.<\/strong><\/p>\n\n\n\n<p>Thomas Sprenger, Sprecher der Stadt <a href=\"https:\/\/www.waz.de\/staedte\/bochum\/so-will-die-stadt-bochum-den-bau-eines-lidl-markt-verhindern-id232051483.html\">Bochum<\/a>, hatte sich im Januar auf WAZ-Anfrage so ge\u00e4u\u00dfert: \u201fWir haben die Vorlage zun\u00e4chst zur\u00fcckgezogen, weil es noch Fragen zu kl\u00e4ren gibt, etwa zum Baumbestand und zum Schallschutz. Wir sehen bei einigen offenen Aspekten noch Optimierungsbedarf. Wenn alles gekl\u00e4rt ist, wird der Satzungsbeschluss erneut vorgelegt.\u201d<a href=\"https:\/\/www.waz.de\/staedte\/bochum\/wohnen-in-bochum-neues-park-viertel-kaeufer-gesucht-id232041583.html\" target=\"_blank\" rel=\"noreferrer noopener\"> Wohnungsbau Wohnen in Bochum: Neues Park-Viertel \u2014 K\u00e4ufer gesucht<\/a><\/p>\n\n\n\n<p>Stadtbaurat Markus Bradtke habe gegen\u00fcber dem Netzwerk erkl\u00e4rt, auch wenn das Schallgutachten nun voraussichtlich \u00fcberarbeitet bzw. erg\u00e4nzt werde, gehe er davon aus, den Bebauungsplan zum Satzungsbeschluss zu bringen; es handele sich insofern um ein Nachsch\u00e4rfen der Unterlagen im Hinblick auf eine m\u00f6glichst gro\u00dfe Rechtssicherheit. Dies teilt Wolfgang Czapracki-Mohnhaupt f\u00fcr das Netzwerk mit. Er bef\u00fcrchtet, dass es nun nur noch darum gehe, \u201fdie Unterlagen gerichtsfest zu machen\u201d.<\/p>\n\n\n\n<p>&#8230;<\/p>\n<div id=\"ez-toc-container\" class=\"ez-toc-v2_0_82_2 counter-hierarchy ez-toc-counter ez-toc-transparent ez-toc-container-direction\">\n<div class=\"ez-toc-title-container\">\n<p class=\"ez-toc-title\" style=\"cursor:inherit\">Inhalte dieser Seite :<\/p>\n<span class=\"ez-toc-title-toggle\"><a href=\"#\" class=\"ez-toc-pull-right ez-toc-btn ez-toc-btn-xs ez-toc-btn-default ez-toc-toggle\" aria-label=\"Toggle Table of Content\"><span class=\"ez-toc-js-icon-con\"><span class=\"\"><span class=\"eztoc-hide\" style=\"display:none;\">Toggle<\/span><span class=\"ez-toc-icon-toggle-span\"><svg style=\"fill: #999;color:#999\" xmlns=\"http:\/\/www.w3.org\/2000\/svg\" class=\"list-377408\" width=\"20px\" height=\"20px\" viewBox=\"0 0 24 24\" fill=\"none\"><path d=\"M6 6H4v2h2V6zm14 0H8v2h12V6zM4 11h2v2H4v-2zm16 0H8v2h12v-2zM4 16h2v2H4v-2zm16 0H8v2h12v-2z\" fill=\"currentColor\"><\/path><\/svg><svg style=\"fill: #999;color:#999\" class=\"arrow-unsorted-368013\" xmlns=\"http:\/\/www.w3.org\/2000\/svg\" width=\"10px\" height=\"10px\" viewBox=\"0 0 24 24\" version=\"1.2\" baseProfile=\"tiny\"><path d=\"M18.2 9.3l-6.2-6.3-6.2 6.3c-.2.2-.3.4-.3.7s.1.5.3.7c.2.2.4.3.7.3h11c.3 0 .5-.1.7-.3.2-.2.3-.5.3-.7s-.1-.5-.3-.7zM5.8 14.7l6.2 6.3 6.2-6.3c.2-.2.3-.5.3-.7s-.1-.5-.3-.7c-.2-.2-.4-.3-.7-.3h-11c-.3 0-.5.1-.7.3-.2.2-.3.5-.3.7s.1.5.3.7z\"\/><\/svg><\/span><\/span><\/span><\/a><\/span><\/div>\n<nav><ul class='ez-toc-list ez-toc-list-level-1 eztoc-toggle-hide-by-default' ><li class='ez-toc-page-1 ez-toc-heading-level-3'><a class=\"ez-toc-link ez-toc-heading-1\" href=\"https:\/\/boklima.de\/?p=8138\/#Bezirksregierung_hat_wegen_Neubaugebiet_Bedenken_%E2%80%93_Rueffel_fuer_die_Stadt_Bochum\" >Bezirksregierung hat wegen Neubaugebiet Bedenken \u2013 R\u00fcffel f\u00fcr die Stadt Bochum<\/a><\/li><li class='ez-toc-page-1 ez-toc-heading-level-3'><a class=\"ez-toc-link ez-toc-heading-2\" href=\"https:\/\/boklima.de\/?p=8138\/#Kritik_an_Stadt_Bochum_Laermmessung_zur_falschen_Zeit_am_falschen_Ort\" >Kritik an Stadt Bochum: L\u00e4rmmessung zur falschen Zeit am falschen Ort<\/a><\/li><\/ul><\/nav><\/div>\n","protected":false},"excerpt":{"rendered":"<p>(15.04.21 Original WAZ.de : hier ) Von Gernot Noelle Bochum-Dahlhausen.\u00a0 Bei der geplanten Bebauung am Ruhrort hat die Bezirksregierung Arnsberg erhebliche Bedenken. Die Stadt Bochum kommt dabei nicht gut weg. &#8230; Nun ist auch herausgekommen, weshalb die Stadt Bochum die Beschlussvorlage f\u00fcr den Bebauungsplan Nummer 997 im Januar pl\u00f6tzlich, kurz vor den politischen Sitzungen, zur\u00fcckgezogen &hellip; <a href=\"https:\/\/boklima.de\/?p=8138\" class=\"more-link\"><span class=\"screen-reader-text\">\u201e(WAZ) Umstrittenes Neubaugebiet : Stadt holt sich R\u00fcffel ab\u201c <\/span>weiterlesen<\/a><\/p>\n","protected":false},"author":8,"featured_media":0,"comment_status":"closed","ping_status":"closed","sticky":false,"template":"","format":"standard","meta":{"ngg_post_thumbnail":0,"footnotes":"","_share_on_mastodon":"0"},"categories":[156,149,49,88,104,126,65,115,125],"tags":[],"class_list":["post-8138","post","type-post","status-publish","format-standard","hentry","category-relevant-bochum","category-wohnbauflaechenprogramm-klima-schutz-themen","category-dezernat-fuer-bauen-umwelt-und-mobilitaet","category-negative-stadtreaktion-bochum-buergerinis","category-oeffentlich-fuer-alle-site-besucher-lesbar","category-versiegelung","category-wohnen","category-allg-themen","category-klima-schutz-themen"],"share_on_mastodon":{"url":"","error":""},"rttpg_featured_image_url":null,"rttpg_author":{"display_name":"thomas","author_link":"https:\/\/boklima.de\/?author=8"},"rttpg_comment":0,"rttpg_category":"<a href=\"https:\/\/boklima.de\/?cat=156\" rel=\"category\">relevant-Bochum<\/a> <a href=\"https:\/\/boklima.de\/?cat=149\" rel=\"category\">WohnBauFl\u00e4chenProgramm<\/a> <a href=\"https:\/\/boklima.de\/?cat=49\" rel=\"category\">Dezernat f\u00fcr Bauen, Umwelt und Mobilit\u00e4t<\/a> <a href=\"https:\/\/boklima.de\/?cat=88\" rel=\"category\">negative StadtReaktion<\/a> <a href=\"https:\/\/boklima.de\/?cat=104\" rel=\"category\">\u00f6ffentlich (f\u00fcr alle lesbar)<\/a> <a href=\"https:\/\/boklima.de\/?cat=126\" rel=\"category\">Versiegelung<\/a> <a href=\"https:\/\/boklima.de\/?cat=65\" rel=\"category\">Wohnen<\/a> <a href=\"https:\/\/boklima.de\/?cat=115\" rel=\"category\">Allg Themen<\/a> <a href=\"https:\/\/boklima.de\/?cat=125\" rel=\"category\">Klima-Schutz-Themen<\/a>","rttpg_excerpt":"(15.04.21 Original WAZ.de : hier ) Von Gernot Noelle Bochum-Dahlhausen.\u00a0 Bei der geplanten Bebauung am Ruhrort hat die Bezirksregierung Arnsberg erhebliche Bedenken. Die Stadt Bochum kommt dabei nicht gut weg. &#8230; Nun ist auch herausgekommen, weshalb die Stadt Bochum die Beschlussvorlage f\u00fcr den Bebauungsplan Nummer 997 im Januar pl\u00f6tzlich, kurz vor den politischen Sitzungen, zur\u00fcckgezogen&hellip;","_links":{"self":[{"href":"https:\/\/boklima.de\/index.php?rest_route=\/wp\/v2\/posts\/8138","targetHints":{"allow":["GET"]}}],"collection":[{"href":"https:\/\/boklima.de\/index.php?rest_route=\/wp\/v2\/posts"}],"about":[{"href":"https:\/\/boklima.de\/index.php?rest_route=\/wp\/v2\/types\/post"}],"author":[{"embeddable":true,"href":"https:\/\/boklima.de\/index.php?rest_route=\/wp\/v2\/users\/8"}],"replies":[{"embeddable":true,"href":"https:\/\/boklima.de\/index.php?rest_route=%2Fwp%2Fv2%2Fcomments&post=8138"}],"version-history":[{"count":1,"href":"https:\/\/boklima.de\/index.php?rest_route=\/wp\/v2\/posts\/8138\/revisions"}],"predecessor-version":[{"id":8139,"href":"https:\/\/boklima.de\/index.php?rest_route=\/wp\/v2\/posts\/8138\/revisions\/8139"}],"wp:attachment":[{"href":"https:\/\/boklima.de\/index.php?rest_route=%2Fwp%2Fv2%2Fmedia&parent=8138"}],"wp:term":[{"taxonomy":"category","embeddable":true,"href":"https:\/\/boklima.de\/index.php?rest_route=%2Fwp%2Fv2%2Fcategories&post=8138"},{"taxonomy":"post_tag","embeddable":true,"href":"https:\/\/boklima.de\/index.php?rest_route=%2Fwp%2Fv2%2Ftags&post=8138"}],"curies":[{"name":"wp","href":"https:\/\/api.w.org\/{rel}","templated":true}]}}