{"id":8028,"date":"2021-04-06T12:10:35","date_gmt":"2021-04-06T10:10:35","guid":{"rendered":"https:\/\/boklima.de\/?p=8028"},"modified":"2021-04-06T12:16:19","modified_gmt":"2021-04-06T10:16:19","slug":"klimaschutz-warum-deutsche-staedte-zu-wenig-tun","status":"publish","type":"post","link":"https:\/\/boklima.de\/?p=8028","title":{"rendered":"Klimaschutz &#8211; Warum deutsche St\u00e4dte zu wenig tun"},"content":{"rendered":"\n<p>(ARD AudioThek, 24.03.21) Original : <a href=\"https:\/\/www.ardaudiothek.de\/wissen\/klimaschutz-warum-deutsche-staedte-zu-wenig-tun\/87811764\" target=\"_blank\" rel=\"noreferrer noopener\">hier<\/a>  ; <a href=\"https:\/\/www.ardaudiothek.de\/wissen\/8758500\" target=\"_blank\" rel=\"noreferrer noopener\">Wissen<\/a><\/p>\n\n\n\n<p>direkt zum Audio-File : <a href=\"https:\/\/avdlswr-a.akamaihd.net\/swr\/swr2\/wissen\/sendungen\/wissen\/swr2-wissen-20210331-klimaschutz-warum-deutsche-staedte-zu-wenig-tun.m.mp3\" target=\"_blank\" rel=\"noreferrer noopener\">hier<\/a> <\/p>\n\n\n\n<p>Viele St\u00e4dte haben inzwischen den &#8220;Klimanotstand&#8221; ausgerufen. Gleichzeitig h\u00e4lt sich ihr eigenes Engagement f\u00fcr die Energiewende oft in Grenzen. Ist der Druck immer noch nicht gro\u00df genug? Von Ralf Hutter. Manuskript und mehr zur Sendung: http:\/\/swr.li\/klimaschutz<\/p>\n\n\n\n<hr class=\"wp-block-separator\"\/>\n\n\n\n<h2 class=\"wp-block-heading\">Weitere Audios<\/h2>\n\n\n\n<div class=\"wp-block-columns is-layout-flex wp-container-core-columns-is-layout-9d6595d7 wp-block-columns-is-layout-flex\">\n<div class=\"wp-block-column is-layout-flow wp-block-column-is-layout-flow\">\n<figure class=\"wp-block-image\"><img decoding=\"async\" src=\"https:\/\/img.ardmediathek.de\/standard\/00\/76\/73\/44\/60\/-1774185891\/1x1\/105?mandant=ard\" alt=\"Stromtrasse\" title=\"Stromtrasse | \u00a9 Imago,  imago images\/Jochen Tack\"\/><\/figure>\n\n\n\n<p><a href=\"https:\/\/www.ardaudiothek.de\/wissen\/8758500\">Wissen <\/a><a href=\"https:\/\/www.ardaudiothek.de\/wissen\/streit-um-stromtrassen-muss-norddeutscher-windstrom-in-den-sueden\/76734452\">Streit um Stromtrassen &#8211; Muss norddeutscher Windstrom in den S\u00fcden?<\/a> 27 Min. 16.6.2020<\/p>\n\n\n\n<figure class=\"wp-block-image\"><img decoding=\"async\" src=\"https:\/\/img.ardmediathek.de\/standard\/00\/63\/33\/53\/84\/2121327408\/1x1\/105?mandant=ard\" alt=\"Gefahr im Hitzesommer\" title=\"Gefahr im Hitzesommer | \u00a9 ddp images\/Patrik Stollarz\"\/><\/figure>\n\n\n\n<p><a href=\"https:\/\/www.ardaudiothek.de\/quarks-hintergrund\/53095244\">Quarks &#8211; Hintergrund <\/a><a href=\"https:\/\/www.ardaudiothek.de\/quarks-hintergrund\/wie-koennen-sich-staedte-an-den-klimawandel-anpassen\/63335378\">Wie k\u00f6nnen sich St\u00e4dte an den Klimawandel anpassen?<\/a> 11 Min. 27.5.2019<\/p>\n<\/div>\n\n\n\n<div class=\"wp-block-column is-layout-flow wp-block-column-is-layout-flow\">\n<figure class=\"wp-block-image\"><img decoding=\"async\" src=\"https:\/\/img.ardmediathek.de\/standard\/00\/86\/63\/54\/96\/-1774185891\/1x1\/105?mandant=ard\" alt=\"Veganes Essen\" title=\"Veganes Essen | \u00a9 picture alliance \/ Zoona\"\/><\/figure>\n\n\n\n<p><a href=\"https:\/\/www.ardaudiothek.de\/morgenecho-interview\/55477056\">Morgenecho &#8211; Interview <\/a><a href=\"https:\/\/www.ardaudiothek.de\/morgenecho-interview\/klimaschutz-im-alltag\/86635488\">Klimaschutz im Alltag<\/a> 5 Min. 24.2.2021<\/p>\n\n\n\n<figure class=\"wp-block-image\"><img decoding=\"async\" src=\"https:\/\/img.ardmediathek.de\/standard\/00\/64\/41\/60\/46\/-1774185891\/1x1\/105?mandant=ard\" alt=\"null\" title=\"nullnull\u00a9 dpa\"\/><\/figure>\n\n\n\n<p><a href=\"https:\/\/www.ardaudiothek.de\/iq-wissenschaft-und-forschung\/5941402\">IQ &#8211; Wissenschaft und Forschung <\/a><a href=\"https:\/\/www.ardaudiothek.de\/iq-wissenschaft-und-forschung\/hitzeextreme-wie-menschen-in-der-stadt-sich-wappnen-muessen\/78844640\">Hitzeextreme &#8211; Wie Menschen in der Stadt sich wappnen m\u00fcssen<\/a> 4 Min. 1.7.2019<\/p>\n<\/div>\n<\/div>\n","protected":false},"excerpt":{"rendered":"<p>(ARD AudioThek, 24.03.21) Original : hier ; Wissen direkt zum Audio-File : hier Viele St\u00e4dte haben inzwischen den &#8220;Klimanotstand&#8221; ausgerufen. Gleichzeitig h\u00e4lt sich ihr eigenes Engagement f\u00fcr die Energiewende oft in Grenzen. Ist der Druck immer noch nicht gro\u00df genug? Von Ralf Hutter. Manuskript und mehr zur Sendung: http:\/\/swr.li\/klimaschutz Weitere Audios Wissen Streit um Stromtrassen &hellip; <a href=\"https:\/\/boklima.de\/?p=8028\" class=\"more-link\"><span class=\"screen-reader-text\">\u201eKlimaschutz &#8211; Warum deutsche St\u00e4dte zu wenig tun\u201c <\/span>weiterlesen<\/a><\/p>\n","protected":false},"author":8,"featured_media":0,"comment_status":"closed","ping_status":"closed","sticky":false,"template":"","format":"standard","meta":{"ngg_post_thumbnail":0,"footnotes":"","_share_on_mastodon":"0"},"categories":[175,157,158,104,130],"tags":[],"class_list":["post-8028","post","type-post","status-publish","format-standard","hentry","category-photovoltaik","category-relevant-klimanews","category-verkehr","category-oeffentlich-fuer-alle-site-besucher-lesbar","category-co2-einsparen"],"share_on_mastodon":{"url":"","error":""},"rttpg_featured_image_url":null,"rttpg_author":{"display_name":"thomas","author_link":"https:\/\/boklima.de\/?author=8"},"rttpg_comment":0,"rttpg_category":"<a href=\"https:\/\/boklima.de\/?cat=175\" rel=\"category\">Photovoltaik<\/a> <a href=\"https:\/\/boklima.de\/?cat=157\" rel=\"category\">relevant-KlimaNews<\/a> <a href=\"https:\/\/boklima.de\/?cat=158\" rel=\"category\">Verkehr<\/a> <a href=\"https:\/\/boklima.de\/?cat=104\" rel=\"category\">\u00f6ffentlich (f\u00fcr alle lesbar)<\/a> <a href=\"https:\/\/boklima.de\/?cat=130\" rel=\"category\">CO2-einsparen<\/a>","rttpg_excerpt":"(ARD AudioThek, 24.03.21) Original : hier ; Wissen direkt zum Audio-File : hier Viele St\u00e4dte haben inzwischen den &#8220;Klimanotstand&#8221; ausgerufen. Gleichzeitig h\u00e4lt sich ihr eigenes Engagement f\u00fcr die Energiewende oft in Grenzen. Ist der Druck immer noch nicht gro\u00df genug? Von Ralf Hutter. Manuskript und mehr zur Sendung: http:\/\/swr.li\/klimaschutz Weitere Audios Wissen Streit um Stromtrassen&hellip;","_links":{"self":[{"href":"https:\/\/boklima.de\/index.php?rest_route=\/wp\/v2\/posts\/8028","targetHints":{"allow":["GET"]}}],"collection":[{"href":"https:\/\/boklima.de\/index.php?rest_route=\/wp\/v2\/posts"}],"about":[{"href":"https:\/\/boklima.de\/index.php?rest_route=\/wp\/v2\/types\/post"}],"author":[{"embeddable":true,"href":"https:\/\/boklima.de\/index.php?rest_route=\/wp\/v2\/users\/8"}],"replies":[{"embeddable":true,"href":"https:\/\/boklima.de\/index.php?rest_route=%2Fwp%2Fv2%2Fcomments&post=8028"}],"version-history":[{"count":2,"href":"https:\/\/boklima.de\/index.php?rest_route=\/wp\/v2\/posts\/8028\/revisions"}],"predecessor-version":[{"id":8031,"href":"https:\/\/boklima.de\/index.php?rest_route=\/wp\/v2\/posts\/8028\/revisions\/8031"}],"wp:attachment":[{"href":"https:\/\/boklima.de\/index.php?rest_route=%2Fwp%2Fv2%2Fmedia&parent=8028"}],"wp:term":[{"taxonomy":"category","embeddable":true,"href":"https:\/\/boklima.de\/index.php?rest_route=%2Fwp%2Fv2%2Fcategories&post=8028"},{"taxonomy":"post_tag","embeddable":true,"href":"https:\/\/boklima.de\/index.php?rest_route=%2Fwp%2Fv2%2Ftags&post=8028"}],"curies":[{"name":"wp","href":"https:\/\/api.w.org\/{rel}","templated":true}]}}