{"id":8026,"date":"2021-04-06T12:03:50","date_gmt":"2021-04-06T10:03:50","guid":{"rendered":"https:\/\/boklima.de\/?p=8026"},"modified":"2021-04-06T12:04:16","modified_gmt":"2021-04-06T10:04:16","slug":"wann-wir-endlich-unseren-strom-zu-100-prozent-aus-erneuerbaren-quellen-beziehen-wdr-quarks","status":"publish","type":"post","link":"https:\/\/boklima.de\/?p=8026","title":{"rendered":"Wann wir endlich \u2026 unseren Strom zu 100 Prozent aus erneuerbaren Quellen beziehen (WDR, Quarks)"},"content":{"rendered":"\n<h2 class=\"wp-block-heading\"><span class=\"ez-toc-section\" id=\"Energie\"><\/span>Energie<span class=\"ez-toc-section-end\"><\/span><\/h2>\n\n\n\n<p>(24.03.21, WDR Quarks ) Original : <a href=\"https:\/\/www.quarks.de\/technik\/energie\/wann-wir-endlich-unseren-strom-zu-100-prozent-aus-erneuerbaren-quellen-beziehen\/\" target=\"_blank\" rel=\"noreferrer noopener\">hier<\/a> <\/p>\n\n\n\n<h3 class=\"wp-block-heading\"><span class=\"ez-toc-section\" id=\"Fuer_den_Klimaschutz_ist_eine_Stromversorgung_aus_erneuerbaren_Energien_zentral_Doch_allein_mit_dem_Ausbau_von_Windkraft_und_Fotovoltaik_ist_es_nicht_getan_Wie_Deutschlands_gruene_Stromzukunft_aussehen_koennte\"><\/span>F\u00fcr den Klimaschutz ist eine Stromversorgung aus erneuerbaren Energien zentral. Doch allein mit dem Ausbau von Windkraft und Fotovoltaik ist es nicht getan. Wie Deutschlands gr\u00fcne Stromzukunft aussehen k\u00f6nnte.<span class=\"ez-toc-section-end\"><\/span><\/h3>\n\n\n\n<h2 class=\"wp-block-heading\"><span class=\"ez-toc-section\" id=\"Inhalt\"><\/span>Inhalt<span class=\"ez-toc-section-end\"><\/span><\/h2>\n\n\n\n<ul class=\"wp-block-list\"><li><a href=\"https:\/\/www.quarks.de\/technik\/energie\/wann-wir-endlich-unseren-strom-zu-100-prozent-aus-erneuerbaren-quellen-beziehen\/#100Prozent1\" target=\"_blank\" rel=\"noreferrer noopener\"><strong>Darum geht\u2019s<\/strong>: 100 Prozent erneuerbare Energien sollen Deutschland den Absprung von Kohlekraft und Atomenergie erm\u00f6glichen<\/a><\/li><li><a href=\"https:\/\/www.quarks.de\/technik\/energie\/wann-wir-endlich-unseren-strom-zu-100-prozent-aus-erneuerbaren-quellen-beziehen\/#100Prozent2\" target=\"_blank\" rel=\"noreferrer noopener\"><strong>Darum m\u00fcssen wir dr\u00fcber sprechen<\/strong>: Der Umbau der Stromversorgung ist f\u00fcr die gesamte Energiewende zentral<\/a><\/li><li><a href=\"https:\/\/www.quarks.de\/technik\/energie\/wann-wir-endlich-unseren-strom-zu-100-prozent-aus-erneuerbaren-quellen-beziehen\/#100Prozent3\" target=\"_blank\" rel=\"noreferrer noopener\"><strong>Aber<\/strong>: Es braucht nicht nur mehr Windr\u00e4der und Fotovoltaikanlagen, sondern ein v\u00f6llig anderes System<\/a><\/li><li><a href=\"https:\/\/www.quarks.de\/technik\/energie\/wann-wir-endlich-unseren-strom-zu-100-prozent-aus-erneuerbaren-quellen-beziehen\/#100Prozent4\" target=\"_blank\" rel=\"noreferrer noopener\"><strong>Und jetzt?<\/strong> Ob und bis wann eine 100 Prozent erneuerbare Stromversorgung Realit\u00e4t wird, h\u00e4ngt von vielen Unbekannten ab<\/a><\/li><\/ul>\n\n\n\n<p>Artikel Abschnitt: Darum geht&#8217;s:<\/p>\n\n\n\n<h2 class=\"wp-block-heading\"><span class=\"ez-toc-section\" id=\"Darum_gehts\"><\/span>Darum geht&#8217;s:<span class=\"ez-toc-section-end\"><\/span><\/h2>\n\n\n\n<h3 class=\"wp-block-heading\"><span class=\"ez-toc-section\" id=\"100_Prozent_erneuerbare_Energien_sollen_Deutschland_den_Absprung_von_Kohlekraft_und_Atomenergie_ermoeglichen\"><\/span>100 Prozent erneuerbare Energien sollen Deutschland den Absprung von Kohlekraft und Atomenergie erm\u00f6glichen<span class=\"ez-toc-section-end\"><\/span><\/h3>\n\n\n\n<p>Die Weihnachtsfeiertage 2020 sind gerade ein paar Stunden vor\u00fcber, als das Sturmtief Hermine mit voller Wucht \u00fcber Teile Deutschlands zieht. Auf dem Brocken werden zeitweise Windgeschwindigkeiten von bis zu 130 Kilometern pro Stunde gemessen. Der Sturm entwurzelt B\u00e4ume, rast durch St\u00e4dte und D\u00f6rfer \u2013 und zerrt mit aller Macht an den Rotoren der Windr\u00e4der, die in seinem Weg stehen.<\/p>\n\n\n\n<p>In der <a href=\"https:\/\/www.smard.de\/home\/marktdaten?marketDataAttributes=%7B%22resolution%22:%22hour%22,%22from%22:1612738800000,%22to%22:1613689199999,%22moduleIds%22:%5B%5D,%22selectedCategory%22:null,%22activeChart%22:true,%22style%22:%22color%22,%22region%22:%22DE%22%7D\" target=\"_blank\" rel=\"noreferrer noopener\">Strommarkt-Datenbank der Bundesnetzagentur<\/a> sind diese Stunden als Schnittpunkt zweier Linien dargestellt: Die rote Linie f\u00fcr den Stromverbrauch trifft am fr\u00fchen Morgen des 27. Dezembers mehrmals auf eine blaue Linie, die die Stromerzeugung aus erneuerbaren Quellen anzeigt. \u00dcbersetzt bedeutet das: Dank Sturmtief Hermine steht dem Netz gen\u00fcgend Strom aus Windkraft zur Verf\u00fcgung, um in Kombination mit Biomasse und Wasserkraft f\u00fcr einige Minuten die Versorgung des gesamten Landes zu decken.<\/p>\n\n\n\n<p>Zumindest f\u00fcr einige Minuten ist am 27. Dezember 2020 \u2013 auch beg\u00fcnstigt durch den tageszeitbedingt relativ niedrigen Verbrauch \u2013 m\u00f6glich, was in Zukunft rund um die Uhr die Regel sein soll: Eine Industrienation erzeugt genug gr\u00fcnen Strom, um ihren massiven Bedarf an Elektrizit\u00e4t komplett regenerativ zu decken, ohne die Hilfe von klimasch\u00e4dlichen fossilen Energietr\u00e4gern und der umstrittenen Atomkraft.<\/p>\n\n\n\n<figure class=\"wp-block-image\"><img decoding=\"async\" src=\"https:\/\/www.quarks.de\/wp-content\/uploads\/Grafiktafel_Stromerzeugung-test6.jpg\" alt=\"-erzeugung in Deutschland am 27.Dezember 2020\" title=\"Grafiktafel_Stromerzeugung-test6\"\/><\/figure>\n\n\n\n<h3 class=\"wp-block-heading\"><span class=\"ez-toc-section\" id=\"Der_Weg_ist_noch_lang\"><\/span>Der Weg ist noch lang<span class=\"ez-toc-section-end\"><\/span><\/h3>\n\n\n\n<p>Aus der Ausnahme vom Jahresende soll in den kommenden Jahrzehnten die Regel werden: Die Bundesrepublik will dauerhaft gleich beide wichtigen konventionellen Formen der Stromerzeugung hinter sich lassen und stattdessen auf eine vollst\u00e4ndig erneuerbare Stromversorgung setzen. Noch sind wir davon aber weit entfernt:<\/p>\n\n\n\n<ul class=\"wp-block-list\"><li>Im Jahr 2020 kamen <a href=\"https:\/\/www.bdew.de\/service\/daten-und-grafiken\/bruttostromerzeugung-deutschland\/\" target=\"_blank\" rel=\"noreferrer noopener\">45 Prozent<\/a> des in Deutschland erzeugten Stroms aus erneuerbaren Quellen.<\/li><li>Bis 2030 soll der Anteil auf 65 Prozent steigen.<\/li><li>Sp\u00e4testens 2050 soll dann die komplette Stromversorgung auf regenerativen Energietr\u00e4gern basieren, also zu 100 Prozent erneuerbar sein.<\/li><\/ul>\n\n\n\n<p>W\u00e4hrend vergleichbare Staaten wie Frankreich oder Gro\u00dfbritannien die Atomenergie in der Hinterhand behalten, um ihre Klimaziele zu erreichen, geht Deutschland \u2013 der Staat mit dem h\u00f6chsten Strombedarf in ganz Europa \u2013 also aufs Ganze. Deshalb gilt die deutsche Energiewende als ambitioniertes, unter Skeptikern sogar als tollk\u00fchnes Projekt.<\/p>\n\n\n\n<p>Artikel Abschnitt: Darum m\u00fcssen wir dr\u00fcber sprechen:<\/p>\n\n\n\n<h2 class=\"wp-block-heading\"><span class=\"ez-toc-section\" id=\"Darum_muessen_wir_drueber_sprechen\"><\/span>Darum m\u00fcssen wir dr\u00fcber sprechen:<span class=\"ez-toc-section-end\"><\/span><\/h2>\n\n\n\n<h3 class=\"wp-block-heading\"><span class=\"ez-toc-section\" id=\"Der_Umbau_der_Stromversorgung_ist_fuer_die_gesamte_Energiewende_zentral\"><\/span>Der Umbau der Stromversorgung ist f\u00fcr die gesamte Energiewende zentral<span class=\"ez-toc-section-end\"><\/span><\/h3>\n\n\n\n<p>&#8230;. vollst. Artikel siehe : <a href=\"https:\/\/www.quarks.de\/technik\/energie\/wann-wir-endlich-unseren-strom-zu-100-prozent-aus-erneuerbaren-quellen-beziehen\/\" target=\"_blank\" rel=\"noreferrer noopener\">hier<\/a> <\/p>\n<div id=\"ez-toc-container\" class=\"ez-toc-v2_0_82_2 counter-hierarchy ez-toc-counter ez-toc-transparent ez-toc-container-direction\">\n<div class=\"ez-toc-title-container\">\n<p class=\"ez-toc-title\" style=\"cursor:inherit\">Inhalte dieser Seite :<\/p>\n<span class=\"ez-toc-title-toggle\"><a href=\"#\" class=\"ez-toc-pull-right ez-toc-btn ez-toc-btn-xs ez-toc-btn-default ez-toc-toggle\" aria-label=\"Toggle Table of Content\"><span class=\"ez-toc-js-icon-con\"><span class=\"\"><span class=\"eztoc-hide\" style=\"display:none;\">Toggle<\/span><span class=\"ez-toc-icon-toggle-span\"><svg style=\"fill: #999;color:#999\" xmlns=\"http:\/\/www.w3.org\/2000\/svg\" class=\"list-377408\" width=\"20px\" height=\"20px\" viewBox=\"0 0 24 24\" fill=\"none\"><path d=\"M6 6H4v2h2V6zm14 0H8v2h12V6zM4 11h2v2H4v-2zm16 0H8v2h12v-2zM4 16h2v2H4v-2zm16 0H8v2h12v-2z\" fill=\"currentColor\"><\/path><\/svg><svg style=\"fill: #999;color:#999\" class=\"arrow-unsorted-368013\" xmlns=\"http:\/\/www.w3.org\/2000\/svg\" width=\"10px\" height=\"10px\" viewBox=\"0 0 24 24\" version=\"1.2\" baseProfile=\"tiny\"><path d=\"M18.2 9.3l-6.2-6.3-6.2 6.3c-.2.2-.3.4-.3.7s.1.5.3.7c.2.2.4.3.7.3h11c.3 0 .5-.1.7-.3.2-.2.3-.5.3-.7s-.1-.5-.3-.7zM5.8 14.7l6.2 6.3 6.2-6.3c.2-.2.3-.5.3-.7s-.1-.5-.3-.7c-.2-.2-.4-.3-.7-.3h-11c-.3 0-.5.1-.7.3-.2.2-.3.5-.3.7s.1.5.3.7z\"\/><\/svg><\/span><\/span><\/span><\/a><\/span><\/div>\n<nav><ul class='ez-toc-list ez-toc-list-level-1 eztoc-toggle-hide-by-default' ><li class='ez-toc-page-1 ez-toc-heading-level-2'><a class=\"ez-toc-link ez-toc-heading-1\" href=\"https:\/\/boklima.de\/?p=8026\/#Energie\" >Energie<\/a><ul class='ez-toc-list-level-3' ><li class='ez-toc-heading-level-3'><a class=\"ez-toc-link ez-toc-heading-2\" href=\"https:\/\/boklima.de\/?p=8026\/#Fuer_den_Klimaschutz_ist_eine_Stromversorgung_aus_erneuerbaren_Energien_zentral_Doch_allein_mit_dem_Ausbau_von_Windkraft_und_Fotovoltaik_ist_es_nicht_getan_Wie_Deutschlands_gruene_Stromzukunft_aussehen_koennte\" >F\u00fcr den Klimaschutz ist eine Stromversorgung aus erneuerbaren Energien zentral. Doch allein mit dem Ausbau von Windkraft und Fotovoltaik ist es nicht getan. Wie Deutschlands gr\u00fcne Stromzukunft aussehen k\u00f6nnte.<\/a><\/li><\/ul><\/li><li class='ez-toc-page-1 ez-toc-heading-level-2'><a class=\"ez-toc-link ez-toc-heading-3\" href=\"https:\/\/boklima.de\/?p=8026\/#Inhalt\" >Inhalt<\/a><\/li><li class='ez-toc-page-1 ez-toc-heading-level-2'><a class=\"ez-toc-link ez-toc-heading-4\" href=\"https:\/\/boklima.de\/?p=8026\/#Darum_gehts\" >Darum geht&#8217;s:<\/a><ul class='ez-toc-list-level-3' ><li class='ez-toc-heading-level-3'><a class=\"ez-toc-link ez-toc-heading-5\" href=\"https:\/\/boklima.de\/?p=8026\/#100_Prozent_erneuerbare_Energien_sollen_Deutschland_den_Absprung_von_Kohlekraft_und_Atomenergie_ermoeglichen\" >100 Prozent erneuerbare Energien sollen Deutschland den Absprung von Kohlekraft und Atomenergie erm\u00f6glichen<\/a><\/li><li class='ez-toc-page-1 ez-toc-heading-level-3'><a class=\"ez-toc-link ez-toc-heading-6\" href=\"https:\/\/boklima.de\/?p=8026\/#Der_Weg_ist_noch_lang\" >Der Weg ist noch lang<\/a><\/li><\/ul><\/li><li class='ez-toc-page-1 ez-toc-heading-level-2'><a class=\"ez-toc-link ez-toc-heading-7\" href=\"https:\/\/boklima.de\/?p=8026\/#Darum_muessen_wir_drueber_sprechen\" >Darum m\u00fcssen wir dr\u00fcber sprechen:<\/a><ul class='ez-toc-list-level-3' ><li class='ez-toc-heading-level-3'><a class=\"ez-toc-link ez-toc-heading-8\" href=\"https:\/\/boklima.de\/?p=8026\/#Der_Umbau_der_Stromversorgung_ist_fuer_die_gesamte_Energiewende_zentral\" >Der Umbau der Stromversorgung ist f\u00fcr die gesamte Energiewende zentral<\/a><\/li><\/ul><\/li><\/ul><\/nav><\/div>\n","protected":false},"excerpt":{"rendered":"<p>Energie (24.03.21, WDR Quarks ) Original : hier F\u00fcr den Klimaschutz ist eine Stromversorgung aus erneuerbaren Energien zentral. Doch allein mit dem Ausbau von Windkraft und Fotovoltaik ist es nicht getan. Wie Deutschlands gr\u00fcne Stromzukunft aussehen k\u00f6nnte. Inhalt Darum geht\u2019s: 100 Prozent erneuerbare Energien sollen Deutschland den Absprung von Kohlekraft und Atomenergie erm\u00f6glichen Darum m\u00fcssen &hellip; <a href=\"https:\/\/boklima.de\/?p=8026\" class=\"more-link\"><span class=\"screen-reader-text\">\u201eWann wir endlich \u2026 unseren Strom zu 100 Prozent aus erneuerbaren Quellen beziehen (WDR, Quarks)\u201c <\/span>weiterlesen<\/a><\/p>\n","protected":false},"author":8,"featured_media":0,"comment_status":"closed","ping_status":"closed","sticky":false,"template":"","format":"standard","meta":{"ngg_post_thumbnail":0,"footnotes":"","_share_on_mastodon":"0"},"categories":[157,158,159,104,130],"tags":[],"class_list":["post-8026","post","type-post","status-publish","format-standard","hentry","category-relevant-klimanews","category-verkehr","category-energie","category-oeffentlich-fuer-alle-site-besucher-lesbar","category-co2-einsparen"],"share_on_mastodon":{"url":"","error":""},"rttpg_featured_image_url":null,"rttpg_author":{"display_name":"thomas","author_link":"https:\/\/boklima.de\/?author=8"},"rttpg_comment":0,"rttpg_category":"<a href=\"https:\/\/boklima.de\/?cat=157\" rel=\"category\">relevant-KlimaNews<\/a> <a href=\"https:\/\/boklima.de\/?cat=158\" rel=\"category\">Verkehr<\/a> <a href=\"https:\/\/boklima.de\/?cat=159\" rel=\"category\">Energie<\/a> <a href=\"https:\/\/boklima.de\/?cat=104\" rel=\"category\">\u00f6ffentlich (f\u00fcr alle lesbar)<\/a> <a href=\"https:\/\/boklima.de\/?cat=130\" rel=\"category\">CO2-einsparen<\/a>","rttpg_excerpt":"Energie (24.03.21, WDR Quarks ) Original : hier F\u00fcr den Klimaschutz ist eine Stromversorgung aus erneuerbaren Energien zentral. Doch allein mit dem Ausbau von Windkraft und Fotovoltaik ist es nicht getan. Wie Deutschlands gr\u00fcne Stromzukunft aussehen k\u00f6nnte. Inhalt Darum geht\u2019s: 100 Prozent erneuerbare Energien sollen Deutschland den Absprung von Kohlekraft und Atomenergie erm\u00f6glichen Darum m\u00fcssen&hellip;","_links":{"self":[{"href":"https:\/\/boklima.de\/index.php?rest_route=\/wp\/v2\/posts\/8026","targetHints":{"allow":["GET"]}}],"collection":[{"href":"https:\/\/boklima.de\/index.php?rest_route=\/wp\/v2\/posts"}],"about":[{"href":"https:\/\/boklima.de\/index.php?rest_route=\/wp\/v2\/types\/post"}],"author":[{"embeddable":true,"href":"https:\/\/boklima.de\/index.php?rest_route=\/wp\/v2\/users\/8"}],"replies":[{"embeddable":true,"href":"https:\/\/boklima.de\/index.php?rest_route=%2Fwp%2Fv2%2Fcomments&post=8026"}],"version-history":[{"count":1,"href":"https:\/\/boklima.de\/index.php?rest_route=\/wp\/v2\/posts\/8026\/revisions"}],"predecessor-version":[{"id":8027,"href":"https:\/\/boklima.de\/index.php?rest_route=\/wp\/v2\/posts\/8026\/revisions\/8027"}],"wp:attachment":[{"href":"https:\/\/boklima.de\/index.php?rest_route=%2Fwp%2Fv2%2Fmedia&parent=8026"}],"wp:term":[{"taxonomy":"category","embeddable":true,"href":"https:\/\/boklima.de\/index.php?rest_route=%2Fwp%2Fv2%2Fcategories&post=8026"},{"taxonomy":"post_tag","embeddable":true,"href":"https:\/\/boklima.de\/index.php?rest_route=%2Fwp%2Fv2%2Ftags&post=8026"}],"curies":[{"name":"wp","href":"https:\/\/api.w.org\/{rel}","templated":true}]}}