{"id":7972,"date":"2021-03-22T18:42:10","date_gmt":"2021-03-22T17:42:10","guid":{"rendered":"https:\/\/boklima.de\/?p=7972"},"modified":"2021-03-23T10:38:00","modified_gmt":"2021-03-23T09:38:00","slug":"60-jahre-alte-eibe-in-bochum-wattenscheid-umgepflanz-warum-nicht-an-der-blankensteiner","status":"publish","type":"post","link":"https:\/\/boklima.de\/?p=7972","title":{"rendered":"60 Jahre alte Eibe in Bochum-Wattenscheid umgepflanz &#8212; warum nicht an der Blankensteiner, &#8230;"},"content":{"rendered":"\n<h2 class=\"wp-block-heading\">(22.03.21) Pressemitteilung der Stadt Bochum <\/h2>\n\n\n\n<p>Auf dem Grundst\u00fcck der ehemaligen Schule an der Sommerdellenstra\u00dfe stand bis heute, Montag, 22. M\u00e4rz, eine rund 60 Jahre alte Eibe. Vor dem Hintergrund des geplanten Abrisses der Schule und der anschlie\u00dfenden Umnutzung des Grundst\u00fcckes wurde der Baum nun auf Wunsch der Bezirksvertretung Bochum-Wattenscheid umgepflanzt.<\/p>\n\n\n\n<p>Das Umwelt- und Gr\u00fcnfl\u00e4chenamt hat am Montag mit einer Fachfirma f\u00fcr Gro\u00dfbaumverpflanzung diesen Wunsch erfolgreich umgesetzt und die Eibe in den Stadtgarten Wattenscheid gepflanzt. Mithilfe eines Spezialfahrzeuges hat das Fachunternehmen die Eibe ausgestochen, zu ihrem neuen Standort im Stadtgarten transportiert und dort eingepflanzt.<\/p>\n\n\n\n<figure class=\"wp-block-pullquote\"><blockquote><p>Warum wurde nicht wenigstens \u00fcber so eine M\u00f6glichkeit f\u00fcr die Blankensteiner Stra\u00dfe , Kersterkamp , &#8230; und die vielen weiteren Um- und Abholzungs-Gebiete der Stadt Bochum nachgedacht ???<\/p><\/blockquote><\/figure>\n\n\n\n<p><\/p>\n","protected":false},"excerpt":{"rendered":"<p>(22.03.21) Pressemitteilung der Stadt Bochum Auf dem Grundst\u00fcck der ehemaligen Schule an der Sommerdellenstra\u00dfe stand bis heute, Montag, 22. M\u00e4rz, eine rund 60 Jahre alte Eibe. Vor dem Hintergrund des geplanten Abrisses der Schule und der anschlie\u00dfenden Umnutzung des Grundst\u00fcckes wurde der Baum nun auf Wunsch der Bezirksvertretung Bochum-Wattenscheid umgepflanzt. Das Umwelt- und Gr\u00fcnfl\u00e4chenamt hat &hellip; <a href=\"https:\/\/boklima.de\/?p=7972\" class=\"more-link\"><span class=\"screen-reader-text\">\u201e60 Jahre alte Eibe in Bochum-Wattenscheid umgepflanz &#8212; warum nicht an der Blankensteiner, &#8230;\u201c <\/span>weiterlesen<\/a><\/p>\n","protected":false},"author":8,"featured_media":7973,"comment_status":"closed","ping_status":"closed","sticky":false,"template":"","format":"standard","meta":{"ngg_post_thumbnail":0,"footnotes":"","_share_on_mastodon":"0"},"categories":[155,156,104],"tags":[],"class_list":["post-7972","post","type-post","status-publish","format-standard","has-post-thumbnail","hentry","category-relevant-boklima","category-relevant-bochum","category-oeffentlich-fuer-alle-site-besucher-lesbar"],"share_on_mastodon":{"url":"","error":""},"rttpg_featured_image_url":{"full":["https:\/\/boklima.de\/wp-content\/uploads\/2021\/03\/210322-baumverpflanzung-foto4-scaled.jpg",1920,2560,false],"landscape":["https:\/\/boklima.de\/wp-content\/uploads\/2021\/03\/210322-baumverpflanzung-foto4-scaled.jpg",1920,2560,false],"portraits":["https:\/\/boklima.de\/wp-content\/uploads\/2021\/03\/210322-baumverpflanzung-foto4-scaled.jpg",1920,2560,false],"thumbnail":["https:\/\/boklima.de\/wp-content\/uploads\/2021\/03\/210322-baumverpflanzung-foto4-150x150.jpg",150,150,true],"medium":["https:\/\/boklima.de\/wp-content\/uploads\/2021\/03\/210322-baumverpflanzung-foto4-225x300.jpg",225,300,true],"large":["https:\/\/boklima.de\/wp-content\/uploads\/2021\/03\/210322-baumverpflanzung-foto4-768x1024.jpg",768,1024,true],"1536x1536":["https:\/\/boklima.de\/wp-content\/uploads\/2021\/03\/210322-baumverpflanzung-foto4-1152x1536.jpg",1152,1536,true],"2048x2048":["https:\/\/boklima.de\/wp-content\/uploads\/2021\/03\/210322-baumverpflanzung-foto4-1536x2048.jpg",1536,2048,true],"post-thumbnail":["https:\/\/boklima.de\/wp-content\/uploads\/2021\/03\/210322-baumverpflanzung-foto4-1200x1600.jpg",1200,1600,true]},"rttpg_author":{"display_name":"thomas","author_link":"https:\/\/boklima.de\/?author=8"},"rttpg_comment":0,"rttpg_category":"<a href=\"https:\/\/boklima.de\/?cat=155\" rel=\"category\">relevant-BoKlima<\/a> <a href=\"https:\/\/boklima.de\/?cat=156\" rel=\"category\">relevant-Bochum<\/a> <a href=\"https:\/\/boklima.de\/?cat=104\" rel=\"category\">\u00f6ffentlich (f\u00fcr alle lesbar)<\/a>","rttpg_excerpt":"(22.03.21) Pressemitteilung der Stadt Bochum Auf dem Grundst\u00fcck der ehemaligen Schule an der Sommerdellenstra\u00dfe stand bis heute, Montag, 22. M\u00e4rz, eine rund 60 Jahre alte Eibe. Vor dem Hintergrund des geplanten Abrisses der Schule und der anschlie\u00dfenden Umnutzung des Grundst\u00fcckes wurde der Baum nun auf Wunsch der Bezirksvertretung Bochum-Wattenscheid umgepflanzt. Das Umwelt- und Gr\u00fcnfl\u00e4chenamt hat&hellip;","_links":{"self":[{"href":"https:\/\/boklima.de\/index.php?rest_route=\/wp\/v2\/posts\/7972","targetHints":{"allow":["GET"]}}],"collection":[{"href":"https:\/\/boklima.de\/index.php?rest_route=\/wp\/v2\/posts"}],"about":[{"href":"https:\/\/boklima.de\/index.php?rest_route=\/wp\/v2\/types\/post"}],"author":[{"embeddable":true,"href":"https:\/\/boklima.de\/index.php?rest_route=\/wp\/v2\/users\/8"}],"replies":[{"embeddable":true,"href":"https:\/\/boklima.de\/index.php?rest_route=%2Fwp%2Fv2%2Fcomments&post=7972"}],"version-history":[{"count":1,"href":"https:\/\/boklima.de\/index.php?rest_route=\/wp\/v2\/posts\/7972\/revisions"}],"predecessor-version":[{"id":7974,"href":"https:\/\/boklima.de\/index.php?rest_route=\/wp\/v2\/posts\/7972\/revisions\/7974"}],"wp:featuredmedia":[{"embeddable":true,"href":"https:\/\/boklima.de\/index.php?rest_route=\/wp\/v2\/media\/7973"}],"wp:attachment":[{"href":"https:\/\/boklima.de\/index.php?rest_route=%2Fwp%2Fv2%2Fmedia&parent=7972"}],"wp:term":[{"taxonomy":"category","embeddable":true,"href":"https:\/\/boklima.de\/index.php?rest_route=%2Fwp%2Fv2%2Fcategories&post=7972"},{"taxonomy":"post_tag","embeddable":true,"href":"https:\/\/boklima.de\/index.php?rest_route=%2Fwp%2Fv2%2Ftags&post=7972"}],"curies":[{"name":"wp","href":"https:\/\/api.w.org\/{rel}","templated":true}]}}