{"id":7781,"date":"2021-03-08T12:03:46","date_gmt":"2021-03-08T11:03:46","guid":{"rendered":"https:\/\/boklima.de\/?p=7781"},"modified":"2021-03-08T12:03:47","modified_gmt":"2021-03-08T11:03:47","slug":"klimaschutz-bedeutet-verkehrswende-aufruf-des-buendnisses-radwende-bochum-zur-fahrraddemo-am-19-3","status":"publish","type":"post","link":"https:\/\/boklima.de\/?p=7781","title":{"rendered":"Klimaschutz bedeutet Verkehrswende \u2013 Aufruf des B\u00fcndnisses Radwende Bochum zur Fahrraddemo am 19.3."},"content":{"rendered":"\n<p><br>Am 19.03. rufen Fridays for Future und andere Gruppen erstmals in diesem Jahr zum Klimastreik unter dem Motto #NoMoreEmptyPromises auf. Die Radwende beteiligt sich an dem Aktionstag mit einer Fahrraddemo f\u00fcr eine echte Verkehrswende in Bochum.<br><br>Nach wie vor produziert der Verkehrssektor einen gro\u00dfen Anteil der klimasch\u00e4dlichen Gase. Wer das Klima sch\u00fctzen will, muss also auch die Mobilit\u00e4t ver\u00e4ndern, das hei\u00dft: weniger Auto, mehr \u00d6PNV und Fahrrad.<br><br>Wir wollen das Bochum Teil dieser Verkehrswende wird. F\u00fcr uns hei\u00dft das u.a., dass auf allen gro\u00dfen Stra\u00dfen Radwege gebaut werden, dass die Tempo-30-Zonen ausgeweitet werden und mehr Fahrradstellpl\u00e4tze entstehen. Nur wenn die Bochumer*innen schnell und sicher mit dem Rad von A nach B kommen k\u00f6nnen, wird der Anteil der Radfahrer*innen im Stra\u00dfenverkehr erheblich steigen.<br><br>Bochum ist bereits seit 2016 Mitglied der Arbeitsgemeinschaft der fu\u00dfg\u00e4nger- und fahrradfreundlichen St\u00e4dte, Gemeinden und Kreise in NRW (AGFS). Deren Zielsetzung ist u. a. ein Radverkehrsanteil von 25 Prozent bis 2030 \u2013 aktuell liegt er in Bochum bei ca. 7 Prozent. Es gibt also noch viel zu tun! Die Demonstration unterst\u00fctzt daher auch den Radentscheid Bochum, zu dem in diesem Jahr viele Gruppen und Organisationen aufrufen.<br><br>Deshalb kommt alle am 19.03. um 14 Uhr zur ersten Fahrraddemo der Radwende im Jahr 2021.<br>Treffpunkt: 14 Uhr am Schauspielhaus.<br><br>Zum Schutz eurer und unserer Gesundheit bitten wir euch nat\u00fcrlich w\u00e4hrend der Demo die geltenden Corona-Regeln einzuhalten.<br><br>Aktuelle Infos zur Demo, den Forderungen der Radwende und zu Mitarbeit in der Radwende gibt es unter <a href=\"http:\/\/www.radwende-bochum.de\">www.radwende-bochum.de<\/a><br><br><em>Radwende Bochum<\/em><\/p>\n","protected":false},"excerpt":{"rendered":"<p>Am 19.03. rufen Fridays for Future und andere Gruppen erstmals in diesem Jahr zum Klimastreik unter dem Motto #NoMoreEmptyPromises auf. Die Radwende beteiligt sich an dem Aktionstag mit einer Fahrraddemo f\u00fcr eine echte Verkehrswende in Bochum. Nach wie vor produziert der Verkehrssektor einen gro\u00dfen Anteil der klimasch\u00e4dlichen Gase. Wer das Klima sch\u00fctzen will, muss also &hellip; <a href=\"https:\/\/boklima.de\/?p=7781\" class=\"more-link\"><span class=\"screen-reader-text\">\u201eKlimaschutz bedeutet Verkehrswende \u2013 Aufruf des B\u00fcndnisses Radwende Bochum zur Fahrraddemo am 19.3.\u201c <\/span>weiterlesen<\/a><\/p>\n","protected":false},"author":8,"featured_media":0,"comment_status":"closed","ping_status":"closed","sticky":false,"template":"","format":"standard","meta":{"ngg_post_thumbnail":0,"footnotes":"","_share_on_mastodon":"0"},"categories":[156,104],"tags":[],"class_list":["post-7781","post","type-post","status-publish","format-standard","hentry","category-relevant-bochum","category-oeffentlich-fuer-alle-site-besucher-lesbar"],"share_on_mastodon":{"url":"","error":""},"rttpg_featured_image_url":null,"rttpg_author":{"display_name":"thomas","author_link":"https:\/\/boklima.de\/?author=8"},"rttpg_comment":0,"rttpg_category":"<a href=\"https:\/\/boklima.de\/?cat=156\" rel=\"category\">relevant-Bochum<\/a> <a href=\"https:\/\/boklima.de\/?cat=104\" rel=\"category\">\u00f6ffentlich (f\u00fcr alle lesbar)<\/a>","rttpg_excerpt":"Am 19.03. rufen Fridays for Future und andere Gruppen erstmals in diesem Jahr zum Klimastreik unter dem Motto #NoMoreEmptyPromises auf. Die Radwende beteiligt sich an dem Aktionstag mit einer Fahrraddemo f\u00fcr eine echte Verkehrswende in Bochum. Nach wie vor produziert der Verkehrssektor einen gro\u00dfen Anteil der klimasch\u00e4dlichen Gase. Wer das Klima sch\u00fctzen will, muss also&hellip;","_links":{"self":[{"href":"https:\/\/boklima.de\/index.php?rest_route=\/wp\/v2\/posts\/7781","targetHints":{"allow":["GET"]}}],"collection":[{"href":"https:\/\/boklima.de\/index.php?rest_route=\/wp\/v2\/posts"}],"about":[{"href":"https:\/\/boklima.de\/index.php?rest_route=\/wp\/v2\/types\/post"}],"author":[{"embeddable":true,"href":"https:\/\/boklima.de\/index.php?rest_route=\/wp\/v2\/users\/8"}],"replies":[{"embeddable":true,"href":"https:\/\/boklima.de\/index.php?rest_route=%2Fwp%2Fv2%2Fcomments&post=7781"}],"version-history":[{"count":1,"href":"https:\/\/boklima.de\/index.php?rest_route=\/wp\/v2\/posts\/7781\/revisions"}],"predecessor-version":[{"id":7782,"href":"https:\/\/boklima.de\/index.php?rest_route=\/wp\/v2\/posts\/7781\/revisions\/7782"}],"wp:attachment":[{"href":"https:\/\/boklima.de\/index.php?rest_route=%2Fwp%2Fv2%2Fmedia&parent=7781"}],"wp:term":[{"taxonomy":"category","embeddable":true,"href":"https:\/\/boklima.de\/index.php?rest_route=%2Fwp%2Fv2%2Fcategories&post=7781"},{"taxonomy":"post_tag","embeddable":true,"href":"https:\/\/boklima.de\/index.php?rest_route=%2Fwp%2Fv2%2Ftags&post=7781"}],"curies":[{"name":"wp","href":"https:\/\/api.w.org\/{rel}","templated":true}]}}