{"id":7427,"date":"2021-02-09T17:21:03","date_gmt":"2021-02-09T16:21:03","guid":{"rendered":"https:\/\/boklima.de\/?p=7427"},"modified":"2021-02-09T17:38:57","modified_gmt":"2021-02-09T16:38:57","slug":"stadt-schafft-weitere-gruene-strassen-in-wattenscheid","status":"publish","type":"post","link":"https:\/\/boklima.de\/?p=7427","title":{"rendered":"Stadt schafft weitere &#8216;gr\u00fcne Stra\u00dfen&#8217; in Wattenscheid"},"content":{"rendered":"\n<div class=\"wp-block-algori-pdf-viewer-block-algori-pdf-viewer\"><iframe class=\"wp-block-algori-pdf-viewer-block-algori-pdf-viewer-iframe\" src=\"https:\/\/boklima.de\/wp-content\/plugins\/algori-pdf-viewer\/dist\/web\/viewer.html?file=https%3A%2F%2Fboklima.de%2Fwp-content%2Fuploads%2F2021%2F02%2F210208-waz-stadtschafftgruenestrassenwattenscheid.pdf\" style=\"width:700px;height:600px\"><\/iframe><\/div>\n\n\n\n<hr class=\"wp-block-separator\"\/>\n\n\n\n<p>siehe hierzu auch Waz-Artikel : <a href=\"https:\/\/www.waz.de\/staedte\/bochum\/projekt-gruene-strassen-wattenscheid-stadt-saegt-und-pflanzt-id231505233.html\" target=\"_blank\" rel=\"noreferrer noopener\">hier<\/a><\/p>\n\n\n\n<h2 class=\"wp-block-heading\"><span class=\"ez-toc-section\" id=\"Umwelt_Projekt_Gruene_Strassen_Wattenscheid\"><\/span>Umwelt, Projekt Gr\u00fcne Stra\u00dfen Wattenscheid <span class=\"ez-toc-section-end\"><\/span><\/h2>\n\n\n\n<p>Ralf Drews  07.02.2021, <\/p>\n\n\n\n<p>Wattenscheid.&nbsp; \u201eGr\u00fcne Stra\u00dfen\u201c in Wattenscheid: Dieses Projekt hat die Stadt Bochum gestartet. 56 neue B\u00e4ume wurden bisher gepflanzt. Und es geht weiter.<\/p>\n\n\n\n<p>Viele Wattenscheider Stra\u00dfenr\u00e4ume zeichnen sich durch stadtbildpr\u00e4gende Baumreihen und Alleen aus. Im Zuge des integrierten st\u00e4dtebaulichen Entwicklungskonzepts (ISEK) will die <a href=\"https:\/\/www.waz.de\/staedte\/bochum\/wattenscheider-ehrenmal-park-hat-nun-mehr-baeume-als-vorher-id228904917.html\">Stadt Bochum mit dem Projekt \u201fGr\u00fcne Stra\u00dfen&#8221; die Bepflanzung an den Wattenscheider Stra\u00dfen<\/a> &#8220;auch in Zukunft erhalten und sogar erweitern&#8221;, erkl\u00e4rt die Verwaltung. An vielen Stellen wurden allerdings zuvor B\u00e4ume gef\u00e4llt, was B\u00fcrger kritisieren.<\/p>\n\n\n\n<h3 class=\"wp-block-heading\"><span class=\"ez-toc-section\" id=\"Austausch_von_Baeumen_im_ersten_Projektteil_in_Wattenscheid\"><\/span>Austausch von B\u00e4umen im ersten Projektteil in Wattenscheid<span class=\"ez-toc-section-end\"><\/span><\/h3>\n\n\n\n<p>Diese erste Phase der Projektumsetzung beinhaltete laut Stadt, &#8220;\u00fcberalterte oder kranke B\u00e4ume, die ein Sicherheitsrisiko f\u00fcr den Stra\u00dfenverkehr sowie f\u00fcr Spazierende darstellen, auszutauschen&#8221;. Ein erster Erfolg dieses Projekts seien nun <a href=\"https:\/\/www.waz.de\/staedte\/wattenscheid\/bochum-gefaellte-baeume-bringen-anwohner-auf-die-palme-id231182708.html\">56 neue B\u00e4ume,<\/a> die vom 11. Januar bis zum 29. Januar gepflanzt wurden und jetzt mehrere Stra\u00dfen in Wattenscheid<\/p>\n\n\n\n<p>&#8230;<\/p>\n\n\n\n<p> <\/p>\n<div id=\"ez-toc-container\" class=\"ez-toc-v2_0_82_2 counter-hierarchy ez-toc-counter ez-toc-transparent ez-toc-container-direction\">\n<div class=\"ez-toc-title-container\">\n<p class=\"ez-toc-title\" style=\"cursor:inherit\">Inhalte dieser Seite :<\/p>\n<span class=\"ez-toc-title-toggle\"><a href=\"#\" class=\"ez-toc-pull-right ez-toc-btn ez-toc-btn-xs ez-toc-btn-default ez-toc-toggle\" aria-label=\"Toggle Table of Content\"><span class=\"ez-toc-js-icon-con\"><span class=\"\"><span class=\"eztoc-hide\" style=\"display:none;\">Toggle<\/span><span class=\"ez-toc-icon-toggle-span\"><svg style=\"fill: #999;color:#999\" xmlns=\"http:\/\/www.w3.org\/2000\/svg\" class=\"list-377408\" width=\"20px\" height=\"20px\" viewBox=\"0 0 24 24\" fill=\"none\"><path d=\"M6 6H4v2h2V6zm14 0H8v2h12V6zM4 11h2v2H4v-2zm16 0H8v2h12v-2zM4 16h2v2H4v-2zm16 0H8v2h12v-2z\" fill=\"currentColor\"><\/path><\/svg><svg style=\"fill: #999;color:#999\" class=\"arrow-unsorted-368013\" xmlns=\"http:\/\/www.w3.org\/2000\/svg\" width=\"10px\" height=\"10px\" viewBox=\"0 0 24 24\" version=\"1.2\" baseProfile=\"tiny\"><path d=\"M18.2 9.3l-6.2-6.3-6.2 6.3c-.2.2-.3.4-.3.7s.1.5.3.7c.2.2.4.3.7.3h11c.3 0 .5-.1.7-.3.2-.2.3-.5.3-.7s-.1-.5-.3-.7zM5.8 14.7l6.2 6.3 6.2-6.3c.2-.2.3-.5.3-.7s-.1-.5-.3-.7c-.2-.2-.4-.3-.7-.3h-11c-.3 0-.5.1-.7.3-.2.2-.3.5-.3.7s.1.5.3.7z\"\/><\/svg><\/span><\/span><\/span><\/a><\/span><\/div>\n<nav><ul class='ez-toc-list ez-toc-list-level-1 eztoc-toggle-hide-by-default' ><li class='ez-toc-page-1 ez-toc-heading-level-2'><a class=\"ez-toc-link ez-toc-heading-1\" href=\"https:\/\/boklima.de\/?p=7427\/#Umwelt_Projekt_Gruene_Strassen_Wattenscheid\" >Umwelt, Projekt Gr\u00fcne Stra\u00dfen Wattenscheid<\/a><ul class='ez-toc-list-level-3' ><li class='ez-toc-heading-level-3'><a class=\"ez-toc-link ez-toc-heading-2\" href=\"https:\/\/boklima.de\/?p=7427\/#Austausch_von_Baeumen_im_ersten_Projektteil_in_Wattenscheid\" >Austausch von B\u00e4umen im ersten Projektteil in Wattenscheid<\/a><\/li><\/ul><\/li><\/ul><\/nav><\/div>\n","protected":false},"excerpt":{"rendered":"<p>siehe hierzu auch Waz-Artikel : hier Umwelt, Projekt Gr\u00fcne Stra\u00dfen Wattenscheid Ralf Drews 07.02.2021, Wattenscheid.&nbsp; \u201eGr\u00fcne Stra\u00dfen\u201c in Wattenscheid: Dieses Projekt hat die Stadt Bochum gestartet. 56 neue B\u00e4ume wurden bisher gepflanzt. Und es geht weiter. Viele Wattenscheider Stra\u00dfenr\u00e4ume zeichnen sich durch stadtbildpr\u00e4gende Baumreihen und Alleen aus. Im Zuge des integrierten st\u00e4dtebaulichen Entwicklungskonzepts (ISEK) will &hellip; <a href=\"https:\/\/boklima.de\/?p=7427\" class=\"more-link\"><span class=\"screen-reader-text\">\u201eStadt schafft weitere &#8216;gr\u00fcne Stra\u00dfen&#8217; in Wattenscheid\u201c <\/span>weiterlesen<\/a><\/p>\n","protected":false},"author":8,"featured_media":0,"comment_status":"closed","ping_status":"closed","sticky":false,"template":"","format":"standard","meta":{"ngg_post_thumbnail":0,"footnotes":"","_share_on_mastodon":"0"},"categories":[156,158,104,126,128],"tags":[],"class_list":["post-7427","post","type-post","status-publish","format-standard","hentry","category-relevant-bochum","category-verkehr","category-oeffentlich-fuer-alle-site-besucher-lesbar","category-versiegelung","category-anpflanzungen"],"share_on_mastodon":{"url":"","error":""},"rttpg_featured_image_url":null,"rttpg_author":{"display_name":"thomas","author_link":"https:\/\/boklima.de\/?author=8"},"rttpg_comment":0,"rttpg_category":"<a href=\"https:\/\/boklima.de\/?cat=156\" rel=\"category\">relevant-Bochum<\/a> <a href=\"https:\/\/boklima.de\/?cat=158\" rel=\"category\">Verkehr<\/a> <a href=\"https:\/\/boklima.de\/?cat=104\" rel=\"category\">\u00f6ffentlich (f\u00fcr alle lesbar)<\/a> <a href=\"https:\/\/boklima.de\/?cat=126\" rel=\"category\">Versiegelung<\/a> <a href=\"https:\/\/boklima.de\/?cat=128\" rel=\"category\">Anpflanzungen<\/a>","rttpg_excerpt":"siehe hierzu auch Waz-Artikel : hier Umwelt, Projekt Gr\u00fcne Stra\u00dfen Wattenscheid Ralf Drews 07.02.2021, Wattenscheid.&nbsp; \u201eGr\u00fcne Stra\u00dfen\u201c in Wattenscheid: Dieses Projekt hat die Stadt Bochum gestartet. 56 neue B\u00e4ume wurden bisher gepflanzt. Und es geht weiter. Viele Wattenscheider Stra\u00dfenr\u00e4ume zeichnen sich durch stadtbildpr\u00e4gende Baumreihen und Alleen aus. Im Zuge des integrierten st\u00e4dtebaulichen Entwicklungskonzepts (ISEK) will&hellip;","_links":{"self":[{"href":"https:\/\/boklima.de\/index.php?rest_route=\/wp\/v2\/posts\/7427","targetHints":{"allow":["GET"]}}],"collection":[{"href":"https:\/\/boklima.de\/index.php?rest_route=\/wp\/v2\/posts"}],"about":[{"href":"https:\/\/boklima.de\/index.php?rest_route=\/wp\/v2\/types\/post"}],"author":[{"embeddable":true,"href":"https:\/\/boklima.de\/index.php?rest_route=\/wp\/v2\/users\/8"}],"replies":[{"embeddable":true,"href":"https:\/\/boklima.de\/index.php?rest_route=%2Fwp%2Fv2%2Fcomments&post=7427"}],"version-history":[{"count":1,"href":"https:\/\/boklima.de\/index.php?rest_route=\/wp\/v2\/posts\/7427\/revisions"}],"predecessor-version":[{"id":7429,"href":"https:\/\/boklima.de\/index.php?rest_route=\/wp\/v2\/posts\/7427\/revisions\/7429"}],"wp:attachment":[{"href":"https:\/\/boklima.de\/index.php?rest_route=%2Fwp%2Fv2%2Fmedia&parent=7427"}],"wp:term":[{"taxonomy":"category","embeddable":true,"href":"https:\/\/boklima.de\/index.php?rest_route=%2Fwp%2Fv2%2Fcategories&post=7427"},{"taxonomy":"post_tag","embeddable":true,"href":"https:\/\/boklima.de\/index.php?rest_route=%2Fwp%2Fv2%2Ftags&post=7427"}],"curies":[{"name":"wp","href":"https:\/\/api.w.org\/{rel}","templated":true}]}}