{"id":7234,"date":"2021-01-23T22:46:32","date_gmt":"2021-01-23T21:46:32","guid":{"rendered":"https:\/\/boklima.de\/?p=7234"},"modified":"2021-04-19T16:56:16","modified_gmt":"2021-04-19T14:56:16","slug":"allianz-fuer-wohnen-9-knb","status":"publish","type":"post","link":"https:\/\/boklima.de\/?p=7234","title":{"rendered":"Allianz f\u00fcr Wohnen (9. KNB)"},"content":{"rendered":"\n<p>   <\/p>\n\n\n\n<h2 class=\"wp-block-heading\"><span class=\"ez-toc-section\" id=\"190421_Antwort_Bradtke\"><\/span>(19.04.21) Antwort Bradtke<span class=\"ez-toc-section-end\"><\/span><\/h2>\n\n\n\n<p>Ihr Lieben,<br class=\"\">nach fast zwei Monaten gibt es doch tats\u00e4chlich noch eine Reaktion von&nbsp;Markus Bradtke auf unseren Brief zur&nbsp;\u201eAllianz f\u00fcr Wohnen\u201c.<br class=\"\">Kann einer die Antwort an die beteilgten Gruppen weiterleiten?<br class=\"\">Liebe&nbsp;Gr\u00fc\u00dfe<br class=\"\">Rainer<br class=\"\">&#8212;&#8212;&#8212;&#8212;&#8212;-<\/p>\n\n\n\n<p>Anfang der weitergeleiteten Nachricht:<br><strong>Von: <\/strong>&#8220;Dr. Markus Bradtke&#8221; &lt;<a class=\"\" href=\"mailto:MBradtke@bochum.de\">MBradtke@bochum.de<\/a>><br><strong>Betreff: Aw: \u201eAllianz f\u00fcr Wohnen in Bochum\u201c neu starten!<\/strong><br><strong>Datum: <\/strong>19. April 2021 um 15:54:20 MESZ<br><strong>An: <\/strong><\/p>\n\n\n\n<p>Sehr geehrte Damen und Herren,<br>zun\u00e4chst einmal m\u00f6chten wir uns bei Ihnen f\u00fcr\u00a0Ihr\u00a0Schreiben bedanken.\u00a0<\/p>\n\n\n\n<p>Bitte haben Sie Verst\u00e4ndnis, dass wir Ihnen und einem Gro\u00dfteil der mitzeichnenden Vereine, Verb\u00e4nde, Initiativen und Organisationen kein Angebot zur Beteiligung an der Allianz f\u00fcr Wohnen machen werden.<\/p>\n\n\n\n<p>Der Kreis der Allianzpartner*innen bezieht sich\u00a0in erster Linie\u00a0auf\u00a0institutionalisierte\u00a0Akteur*innen, die sich im Schwerpunkt mit dem Thema Wohnungsmarkt\u00a0und der Umsetzung der im Handlungskonzept Wohnen beschlossenen Ma\u00dfnahmen\u00a0besch\u00e4ftigen. Wir sehen die Relevanz\u00a0und Bedeutung\u00a0Ihrer Anliegen,\u00a0sind\u00a0jedoch auch\u00a0der Meinung, dass die\u00a0Diskussion um wohnungspolitische\u00a0Zielsetzungen im Prozess zur Fortschreibung des Handlungskonzeptes wohnen\u00a0stattfinden wird.<\/p>\n\n\n\n<p>Dort werden Zielzahlen des\u00a0Wohnungsbau und der Sanierung, Ziele, Leitlinien und Ma\u00dfnahmen diskutiert und politisch verabschiedet.\u00a0Es gibt noch keine genaue Zeitplanung\u00a0f\u00fcr die Fortschreibung zum Handlungskonzept Wohnen, wir m\u00f6chten Ihnen aber schon heute eine Einladung zur Beteiligung an dem Verfahren aussprechen.\u00a0 <\/p>\n\n\n\n<p>Mit freundlichen Gr\u00fc\u00dfen<br>Markus Bradtke Stadtbaurat<\/p>\n\n\n\n<hr class=\"wp-block-separator\"\/>\n\n\n\n<p>Am 02.03.2021 um 11:45 schrieb Rainer <br>Sehr geehrter Herr Eiskirch,<br>sehr geehrter Herr Dr. Bradtke,<br>sehr geehrte Mitglieder des Bochumer Rates,<br><br>hiermit \u00fcbersende ich Ihnen im Auftrag der unterzeichnenden Organisationen einen Brief von 35 Bochumer Vereinen, Verb\u00e4nden und Initiativen. Gemeinsam fordern sie, den Gr\u00fcndungsprozess f\u00fcr eine \u201eAllianz f\u00fcr Wohnen in Bochum\u201c unter Beteiligung von zivilgesellschaftlichen Akteurinnen und Akteuren neu zu beginnen, um das strukturelle Ungleichgewicht in der Einladungspolitik der Stadt Bochum zu korrigieren.<br><br>Wir bitten um Beachtung und Ber\u00fccksichtigung.<br>Mit freundlichen Gr\u00fc\u00dfen<br> (Netzwerk Stadt f\u00fcr Alle Bochum)<br><br>&lt;Gemeinsamer-Brief.pdf><\/p>\n\n\n\n<hr class=\"wp-block-separator\"\/>\n\n\n\n<h2 class=\"wp-block-heading\"><span class=\"ez-toc-section\" id=\"080221_Infos_Antrag_von_der_Fraktion_%E2%80%9Cdie_Linke%E2%80%9D\"><\/span>(08.02.21) Infos \/ Antrag von der Fraktion &#8220;die Linke&#8221;  <span class=\"ez-toc-section-end\"><\/span><\/h2>\n\n\n\n<h3 class=\"wp-block-heading\" id=\"sieben\"><span class=\"ez-toc-section\" id=\"7_Allianz_fuer_Wohnen_Grenzt_die_Stadt_Sozial-_und_Umweltverbaende_aus\"><\/span>7. Allianz f\u00fcr Wohnen: Grenzt die Stadt Sozial- und Umweltverb\u00e4nde aus?<span class=\"ez-toc-section-end\"><\/span><\/h3>\n\n\n\n<p>( Link zur vollst\u00e4ndigen Info : <a href=\"https:\/\/www.linksfraktionbochum.de\/2021\/02\/newsletter-februar-2021\/#sieben\" target=\"_blank\" rel=\"noreferrer noopener\">hier<\/a> )<\/p>\n\n\n\n<p>Vor mehr als drei Jahren hat die SPD-Gr\u00fcnen-Koalition im Rat ein \u201eHandlungskonzept Wohnen\u201c durchgesetzt, das vor allem auf die Privatisierung von Bauland setzt \u2013 statt wie von uns gefordert auf Erbbaurechte, kommunalen und gemeinwohlorientierten Wohnungsbau, deutlich h\u00f6here Sozialwohnungsquoten und Aktivierungen im Bestand. Teil des Beschlusses war auch, dass eine \u201eAllianz f\u00fcr Wohnen\u201c gegr\u00fcndet werden soll. Jahrelang ist diesbez\u00fcglich nichts passiert. Jetzt geht die Verwaltung die Gr\u00fcndung dieser Allianz an \u2013 allerdings in einer irritierenden Form: In einer <a href=\"https:\/\/www.linksfraktionbochum.de\/wp-content\/uploads\/2021\/02\/Mitteilung_Allianz.pdf\">Mitteilung<\/a> erkl\u00e4rte die Stadt zwar, dass die Allianzvereinbarung \u201eunter Beteiligung lokaler Wohnungsmarktakteur*innen sowie Sozial- und Naturschutzverb\u00e4nden in einem gemeinsamen Prozess erarbeitet\u201c werden soll. <strong>Tats\u00e4chlich wurden jedoch viele anerkannte Initiativen und Verb\u00e4nde aus diesen Bereichen nicht eingeladen, zum Teil sind sie sogar bei direkter Nachfrage abgewiesen worden.<\/strong> Insgesamt gestaltet die Verwaltung den Prozess wohl absichtlich intransparent: Die Treffen finden nicht\u00f6ffentlich statt, und wer genau alles mitreden darf, ist bisher nicht bekannt. Das ist keine Kleinigkeit, schlie\u00dflich soll diese \u201eAllianz\u201c das zentrale Beratungsgremium werden, das die Stadt bei der \u00dcberarbeitung des Handlungskonzepts Wohnen unterst\u00fctzt. Die neue Allianz hat damit m\u00f6glichwerweise gr\u00f6\u00dferen Einfluss auf die Ausrichtung der Bochumer Wohnungspolitik in den kommenden Jahren.<\/p>\n\n\n\n<p>Deswegen haben wir jetzt bei der Stadt eine vollst\u00e4ndige Liste der Organisationen angefordert, die zu diesem Prozess eingeladen worden sind. Angesichts von Absagen zum Beispiel an den Arbeitskreis Umweltschutz Bochum e.V. (AkU) und der Nichteinladung der Bochumer Gewerkschaften wollen wir wissen, nach welchen Kriterien die Auswahl geschah. Insgesamt haben wir wie auch einige der nicht eingeladenen Iniativen die Bef\u00fcrchtung, dass es durch diese Einladungspolitik zu einem strukturellen Ungleichgewicht gekommen ist: Insbesondere unter den eingeladenen Wohnungsmarktakteur:innen soll die Immobilienwirtschaft gegen\u00fcber den Wohnraumnutzer:innen deutlich \u00fcberrepr\u00e4sentiert sein. Das wollen wir anhand der Einladungsliste im Einzelnen nachvollziehen. <strong>Sollten sich die Vorw\u00fcrfe best\u00e4tigen, muss die Stadt diesbez\u00fcglich unbedingt nachbessern.<\/strong> Wenn es um einen fairen Intreressensausgleich gehen soll, ist unserer Meinung nach unbedingt notwendig, dass dass die Perspektiven der Menschen, die Wohnraum ben\u00f6tigen sowie die Positionen der Sozial- und Naturschutzverb\u00e4nde gleichberechtigt in dem Gremium vertreten sind. Unsere <a href=\"https:\/\/www.linksfraktionbochum.de\/wp-content\/uploads\/2021\/02\/Anfrage-Allianz-fuer-Wohnen.pdf\" target=\"_blank\" rel=\"noreferrer noopener\">Anfrage im Wortlaut<\/a>.<\/p>\n\n\n\n<hr class=\"wp-block-separator\"\/>\n\n\n\n<h2 class=\"wp-block-heading\"><span class=\"ez-toc-section\" id=\"040221_2DIE_LINKEim_Rat_Anfrage_Einladungspolitik_zur_%E2%80%9EAllianz_fuer_Wohnen_in_Bochum%E2%80%9C\"><\/span>(04.02.21) 2DIE LINKE.im Rat, Anfrage Einladungspolitik zur \u201eAllianz f\u00fcr Wohnen in Bochum\u201c<span class=\"ez-toc-section-end\"><\/span><\/h2>\n\n\n\n<p>( Original <a href=\"https:\/\/www.linksfraktionbochum.de\/wp-content\/uploads\/2021\/02\/Anfrage-Allianz-fuer-Wohnen.pdf\" target=\"_blank\" rel=\"noreferrer noopener\">hier<\/a> )<\/p>\n\n\n\n<p><a href=\"https:\/\/www.linksfraktionbochum.de\/wp-content\/uploads\/2021\/02\/Anfrage-Allianz-fuer-Wohnen.pdf#page=1\"><\/a><a href=\"https:\/\/www.linksfraktionbochum.de\/wp-content\/uploads\/2021\/02\/Anfrage-Allianz-fuer-Wohnen.pdf#page=2\"><\/a> Seite1| 2DIE LINKE.im Rat der Stadt Bochum, 44777 BochumBochum, den 29.01.2021Anfragezur Sitzung des Rates am 04. Februar2021Einladungspolitik zur \u201eAllianz f\u00fcr Wohnen in Bochum\u201cIn Mitteilung Nr. 20203102 berichtet die Verwaltung zum Stand der Allianz f\u00fcr Wohnen:\u201eDie Allianzvereinbarung wird unter Beteiligung lokaler Wohnungsmarktakteur*innen sowie Sozial-und Naturschutzverb\u00e4nden in einem gemeinsamen Prozess erarbeitet.\u201c Irritiert haben etablierte und anerkannte Initiativen und Verb\u00e4ndeaus den Bereichen Soziales und Naturschutz zur Kenntnis genommen, dass sie zu diesem \u201egemeinsamen Prozess\u201c nicht eingeladen worden sind.Teilweise sind siesogar bei direkter Nachfrage abgewiesen worden.Dazu fragt die Linksfraktion an:1.)Welche Wohnungsmarktakteur*innen und welche Sozial-und Naturschutzverb\u00e4nde sind von der Stadt Bochum dazu eingeladen worden, die Vereinbarung der \u201eAllianz f\u00fcr Wohnen\u201c mit auszuarbeiten?Wir bitten um eine vollst\u00e4ndige Liste.2.)Nach welchen Kriterien erfolgte die Auswahl?3.)Warum wurde dem Arbeitskreis Umweltschutz Bochum e.V. (AkU) bzw. demvon ihm mitgegr\u00fcndetenKlimaschutzb\u00fcndnis die M\u00f6glichkeit zur Mitarbeit verweigert, obwohl der AkU als Mitglied der Landesgemeinschaft Naturschutz und Umwelt NRW e.V.einem der nach Bundesnaturschutzgesetz anerkannten Naturschutzverb\u00e4nde angeh\u00f6rt?4.)Warum werden die Bochumer Gewerkschaften nicht beteiligt, die unzweifelhaft wichtige sozialpolitische Akteurinnenin unserer Stadt darstellen?An den Oberb\u00fcrgermeisterder Stadt BochumHerr Thomas Eiskirchim Rat der Stadt BochumRathaus, Zi. 49Willy-Brandt-Platz 2-6D-44777 BochumTelefon:0234\u20139101295Fax:0234\u20139101297eMail:linksfraktion@bochum.deInternet:linksfraktionbochum.deSeite2| 25.)Es gibt die Bef\u00fcrchtung, dass es durch die Einladungspolitik zu einem strukturellen Ungleichgewicht gekommen ist. Insbesondere unter den eingeladenen Wohnungsmarktakteur*innen soll dieAnbieterseite (Immobilienwirtschaft etc.) gegen\u00fcber derNachfrageseite (Wohnraumnutzer*innen) deutlich\u00fcberrepr\u00e4sentiert sein.Wie bewertet die Stadt Bochum das personelle Verh\u00e4ltnis? Wie wird sie sicherstellen, dass die Perspektiven der Wohnungsmarktakteur*innen derNachfrageseite sowie die Positionen der Sozial-und Naturschutzverb\u00e4nde gleichberechtigt in der Allianzvereinbarung Ber\u00fccksichtigung finden?Wir bitten darum, die Antwort auf die Anfrage auch dem Ausschuss f\u00fcr Strukturentwicklung zur Kenntnis zu geben.G\u00fcltaze Aksevi \/ Horst HohmeierFraktionsvorsitzende<\/p>\n\n\n\n<hr class=\"wp-block-separator\"\/>\n\n\n\n<h2 class=\"wp-block-heading\"><span class=\"ez-toc-section\" id=\"110121_Mitteilung_der_Verwaltung_Vorlage_Nr_20203102_Amt_fuer_Stadtplanung_und_Wohnen_%E2%80%93_Allianz_fuer_Wohnen_in_Bochum\"><\/span>(11.01.21) Mitteilung der Verwaltung Vorlage Nr.: 20203102 Amt f\u00fcr Stadtplanung und Wohnen &#8211; Allianz f\u00fcr Wohnen in Bochum<span class=\"ez-toc-section-end\"><\/span><\/h2>\n\n\n\n<p>(Original <a href=\"https:\/\/www.linksfraktionbochum.de\/wp-content\/uploads\/2021\/02\/Mitteilung_Allianz.pdf\" target=\"_blank\" rel=\"noreferrer noopener\">hier<\/a> )<\/p>\n\n\n\n<p>Mitteilung der Verwaltung Vorlage Nr.: 20203102Status: \u00f6ffentlichDatum: 11.01.2021Verfasser\/in: Leonie MeschFachbereich: Amt f\u00fcr Stadtplanung und WohnenBezeichnung der Vorlage:Allianz f\u00fcr Wohnen in BochumBezug:Handlungskonzept WohnenBeratungsfolge:Gremien:Sitzungstermin:Zust\u00e4ndigkeit:Kurz\u00fcbersicht:<\/p>\n\n\n\n<p>Bochum w\u00e4chst und sieht sich mit neuen Herausforderungen an das Wohnen konfrontiert. Nicht zuletzt durch das Handlungskonzept Wohnen wird offenkundig, dass Handlungsbedarf f\u00fcr die Stadt Bochum und die Akteur*innen des Wohnungsmarktes besteht, um dem Ziel ei-nes m\u00f6glichst ausgeglichenen Wohnungsmarktes in allen Segmenten und allen r\u00e4umlichen Teilbereichen nachzukommen. Um die verschiedenen Ma\u00dfnahmen und Initiativen zusammenzubringen und gemeinsam zum Wohl aller Bochumerinnenund Bochumer mehr zu erreichen, schlie\u00dfen die Ak-teur*innen des Bochumer Wohnungsmarktes die Bochumer Allianz f\u00fcr Wohnen. Wesentli-cher Erfolgsfaktor ist die Sicherung des dauerhaften Dialogs zwischen den Wohnungsmarkt-akteur*innen.Die Initiierung der Allianz f\u00fcr Wohnen in Bochum ist eine wichtige Ma\u00dfnahme des Hand-lungskonzeptes Wohnen.Wortlaut:AnlassBochum blickt in die Zukunft und entwickelt daf\u00fcr eine eigene Strategie: Die Bochum Strate-gie. Die Stadt soll sich als exzellenter Standort f\u00fcr Technologie, Dienstleistungen und Hoch-schulen festigen und mit einem attraktiven Wohnungsangebot in einem lebenswerten Umfeld \u00fcberzeugen.Ausschuss f\u00fcr Strukturentwicklung, Digitalisierung und Europa &#8230;<\/p>\n\n\n\n<hr class=\"wp-block-separator\"\/>\n\n\n\n<h2 class=\"wp-block-heading\"><span class=\"ez-toc-section\" id=\"9_KNB_%E2%80%93_210120_Stellt_sich_die_neue_Allianz_fuer_Wohnen_bloss_schon_bevor_sie_Fahrt_aufnimmt\"><\/span>9. KNB &#8211; (21.01.20)  Stellt sich die neue Allianz f\u00fcr Wohnen blo\u00df, schon bevor sie Fahrt aufnimmt?<span class=\"ez-toc-section-end\"><\/span><\/h2>\n\n\n\n<div class=\"wp-block-algori-pdf-viewer-block-algori-pdf-viewer\"><iframe class=\"wp-block-algori-pdf-viewer-block-algori-pdf-viewer-iframe\" src=\"https:\/\/boklima.de\/wp-content\/plugins\/algori-pdf-viewer\/dist\/web\/viewer.html?file=https%3A%2F%2Fboklima.de%2Fwp-content%2Fuploads%2F2021%2F01%2F210121-09-knb-offener-brief-09-2021-01-21-allianz-fuer-wohnen-2.pdf\" style=\"width:700px;height:600px\"><\/iframe><\/div>\n\n\n\n<hr class=\"wp-block-separator\"\/>\n\n\n\n<p>Hier zu gibt es ein Diskussion im Internen Bereich : <a href=\"https:\/\/boklima.de\/?page_id=343&amp;view=forum&amp;id=31\">hier<\/a> <\/p>\n<div id=\"ez-toc-container\" class=\"ez-toc-v2_0_82_2 counter-hierarchy ez-toc-counter ez-toc-transparent ez-toc-container-direction\">\n<div class=\"ez-toc-title-container\">\n<p class=\"ez-toc-title\" style=\"cursor:inherit\">Inhalte dieser Seite :<\/p>\n<span class=\"ez-toc-title-toggle\"><a href=\"#\" class=\"ez-toc-pull-right ez-toc-btn ez-toc-btn-xs ez-toc-btn-default ez-toc-toggle\" aria-label=\"Toggle Table of Content\"><span class=\"ez-toc-js-icon-con\"><span class=\"\"><span class=\"eztoc-hide\" style=\"display:none;\">Toggle<\/span><span class=\"ez-toc-icon-toggle-span\"><svg style=\"fill: #999;color:#999\" xmlns=\"http:\/\/www.w3.org\/2000\/svg\" class=\"list-377408\" width=\"20px\" height=\"20px\" viewBox=\"0 0 24 24\" fill=\"none\"><path d=\"M6 6H4v2h2V6zm14 0H8v2h12V6zM4 11h2v2H4v-2zm16 0H8v2h12v-2zM4 16h2v2H4v-2zm16 0H8v2h12v-2z\" fill=\"currentColor\"><\/path><\/svg><svg style=\"fill: #999;color:#999\" class=\"arrow-unsorted-368013\" xmlns=\"http:\/\/www.w3.org\/2000\/svg\" width=\"10px\" height=\"10px\" viewBox=\"0 0 24 24\" version=\"1.2\" baseProfile=\"tiny\"><path d=\"M18.2 9.3l-6.2-6.3-6.2 6.3c-.2.2-.3.4-.3.7s.1.5.3.7c.2.2.4.3.7.3h11c.3 0 .5-.1.7-.3.2-.2.3-.5.3-.7s-.1-.5-.3-.7zM5.8 14.7l6.2 6.3 6.2-6.3c.2-.2.3-.5.3-.7s-.1-.5-.3-.7c-.2-.2-.4-.3-.7-.3h-11c-.3 0-.5.1-.7.3-.2.2-.3.5-.3.7s.1.5.3.7z\"\/><\/svg><\/span><\/span><\/span><\/a><\/span><\/div>\n<nav><ul class='ez-toc-list ez-toc-list-level-1 eztoc-toggle-hide-by-default' ><li class='ez-toc-page-1 ez-toc-heading-level-2'><a class=\"ez-toc-link ez-toc-heading-1\" href=\"https:\/\/boklima.de\/?p=7234\/#190421_Antwort_Bradtke\" >(19.04.21) Antwort Bradtke<\/a><\/li><li class='ez-toc-page-1 ez-toc-heading-level-2'><a class=\"ez-toc-link ez-toc-heading-2\" href=\"https:\/\/boklima.de\/?p=7234\/#080221_Infos_Antrag_von_der_Fraktion_%E2%80%9Cdie_Linke%E2%80%9D\" >(08.02.21) Infos \/ Antrag von der Fraktion &#8220;die Linke&#8221;<\/a><ul class='ez-toc-list-level-3' ><li class='ez-toc-heading-level-3'><a class=\"ez-toc-link ez-toc-heading-3\" href=\"https:\/\/boklima.de\/?p=7234\/#7_Allianz_fuer_Wohnen_Grenzt_die_Stadt_Sozial-_und_Umweltverbaende_aus\" >7. Allianz f\u00fcr Wohnen: Grenzt die Stadt Sozial- und Umweltverb\u00e4nde aus?<\/a><\/li><\/ul><\/li><li class='ez-toc-page-1 ez-toc-heading-level-2'><a class=\"ez-toc-link ez-toc-heading-4\" href=\"https:\/\/boklima.de\/?p=7234\/#040221_2DIE_LINKEim_Rat_Anfrage_Einladungspolitik_zur_%E2%80%9EAllianz_fuer_Wohnen_in_Bochum%E2%80%9C\" >(04.02.21) 2DIE LINKE.im Rat, Anfrage Einladungspolitik zur \u201eAllianz f\u00fcr Wohnen in Bochum\u201c<\/a><\/li><li class='ez-toc-page-1 ez-toc-heading-level-2'><a class=\"ez-toc-link ez-toc-heading-5\" href=\"https:\/\/boklima.de\/?p=7234\/#110121_Mitteilung_der_Verwaltung_Vorlage_Nr_20203102_Amt_fuer_Stadtplanung_und_Wohnen_%E2%80%93_Allianz_fuer_Wohnen_in_Bochum\" >(11.01.21) Mitteilung der Verwaltung Vorlage Nr.: 20203102 Amt f\u00fcr Stadtplanung und Wohnen &#8211; Allianz f\u00fcr Wohnen in Bochum<\/a><\/li><li class='ez-toc-page-1 ez-toc-heading-level-2'><a class=\"ez-toc-link ez-toc-heading-6\" href=\"https:\/\/boklima.de\/?p=7234\/#9_KNB_%E2%80%93_210120_Stellt_sich_die_neue_Allianz_fuer_Wohnen_bloss_schon_bevor_sie_Fahrt_aufnimmt\" >9. KNB &#8211; (21.01.20)  Stellt sich die neue Allianz f\u00fcr Wohnen blo\u00df, schon bevor sie Fahrt aufnimmt?<\/a><\/li><\/ul><\/nav><\/div>\n","protected":false},"excerpt":{"rendered":"<p>(19.04.21) Antwort Bradtke Ihr Lieben,nach fast zwei Monaten gibt es doch tats\u00e4chlich noch eine Reaktion von&nbsp;Markus Bradtke auf unseren Brief zur&nbsp;\u201eAllianz f\u00fcr Wohnen\u201c.Kann einer die Antwort an die beteilgten Gruppen weiterleiten?Liebe&nbsp;Gr\u00fc\u00dfeRainer&#8212;&#8212;&#8212;&#8212;&#8212;- Anfang der weitergeleiteten Nachricht:Von: &#8220;Dr. Markus Bradtke&#8221; &lt;MBradtke@bochum.de>Betreff: Aw: \u201eAllianz f\u00fcr Wohnen in Bochum\u201c neu starten!Datum: 19. April 2021 um 15:54:20 MESZAn: Sehr geehrte &hellip; <a href=\"https:\/\/boklima.de\/?p=7234\" class=\"more-link\"><span class=\"screen-reader-text\">\u201eAllianz f\u00fcr Wohnen (9. KNB)\u201c <\/span>weiterlesen<\/a><\/p>\n","protected":false},"author":8,"featured_media":0,"comment_status":"closed","ping_status":"closed","sticky":false,"template":"","format":"standard","meta":{"ngg_post_thumbnail":0,"footnotes":"","_share_on_mastodon":"0"},"categories":[155,156,104,149,150,43,46,53],"tags":[],"class_list":["post-7234","post","type-post","status-publish","format-standard","hentry","category-relevant-boklima","category-relevant-bochum","category-oeffentlich-fuer-alle-site-besucher-lesbar","category-wohnbauflaechenprogramm-klima-schutz-themen","category-wohnbauflaechenprogramm-bebauungsplan","category-neubebauung","category-bebauungsplan","category-veranstaltung"],"share_on_mastodon":{"url":"","error":""},"rttpg_featured_image_url":null,"rttpg_author":{"display_name":"thomas","author_link":"https:\/\/boklima.de\/?author=8"},"rttpg_comment":0,"rttpg_category":"<a href=\"https:\/\/boklima.de\/?cat=155\" rel=\"category\">relevant-BoKlima<\/a> <a href=\"https:\/\/boklima.de\/?cat=156\" rel=\"category\">relevant-Bochum<\/a> <a href=\"https:\/\/boklima.de\/?cat=104\" rel=\"category\">\u00f6ffentlich (f\u00fcr alle lesbar)<\/a> <a href=\"https:\/\/boklima.de\/?cat=149\" rel=\"category\">WohnBauFl\u00e4chenProgramm<\/a> <a href=\"https:\/\/boklima.de\/?cat=150\" rel=\"category\">WohnBauFl\u00e4chenProgramm<\/a> <a href=\"https:\/\/boklima.de\/?cat=43\" rel=\"category\">Neubebauung<\/a> <a href=\"https:\/\/boklima.de\/?cat=46\" rel=\"category\">Bebauungsplan<\/a> <a href=\"https:\/\/boklima.de\/?cat=53\" rel=\"category\">Veranstaltung<\/a>","rttpg_excerpt":"(19.04.21) Antwort Bradtke Ihr Lieben,nach fast zwei Monaten gibt es doch tats\u00e4chlich noch eine Reaktion von&nbsp;Markus Bradtke auf unseren Brief zur&nbsp;\u201eAllianz f\u00fcr Wohnen\u201c.Kann einer die Antwort an die beteilgten Gruppen weiterleiten?Liebe&nbsp;Gr\u00fc\u00dfeRainer&#8212;&#8212;&#8212;&#8212;&#8212;- Anfang der weitergeleiteten Nachricht:Von: &#8220;Dr. Markus Bradtke&#8221; &lt;MBradtke@bochum.de>Betreff: Aw: \u201eAllianz f\u00fcr Wohnen in Bochum\u201c neu starten!Datum: 19. April 2021 um 15:54:20 MESZAn: Sehr geehrte&hellip;","_links":{"self":[{"href":"https:\/\/boklima.de\/index.php?rest_route=\/wp\/v2\/posts\/7234","targetHints":{"allow":["GET"]}}],"collection":[{"href":"https:\/\/boklima.de\/index.php?rest_route=\/wp\/v2\/posts"}],"about":[{"href":"https:\/\/boklima.de\/index.php?rest_route=\/wp\/v2\/types\/post"}],"author":[{"embeddable":true,"href":"https:\/\/boklima.de\/index.php?rest_route=\/wp\/v2\/users\/8"}],"replies":[{"embeddable":true,"href":"https:\/\/boklima.de\/index.php?rest_route=%2Fwp%2Fv2%2Fcomments&post=7234"}],"version-history":[{"count":7,"href":"https:\/\/boklima.de\/index.php?rest_route=\/wp\/v2\/posts\/7234\/revisions"}],"predecessor-version":[{"id":8166,"href":"https:\/\/boklima.de\/index.php?rest_route=\/wp\/v2\/posts\/7234\/revisions\/8166"}],"wp:attachment":[{"href":"https:\/\/boklima.de\/index.php?rest_route=%2Fwp%2Fv2%2Fmedia&parent=7234"}],"wp:term":[{"taxonomy":"category","embeddable":true,"href":"https:\/\/boklima.de\/index.php?rest_route=%2Fwp%2Fv2%2Fcategories&post=7234"},{"taxonomy":"post_tag","embeddable":true,"href":"https:\/\/boklima.de\/index.php?rest_route=%2Fwp%2Fv2%2Ftags&post=7234"}],"curies":[{"name":"wp","href":"https:\/\/api.w.org\/{rel}","templated":true}]}}