{"id":7205,"date":"2021-01-19T12:06:30","date_gmt":"2021-01-19T11:06:30","guid":{"rendered":"https:\/\/boklima.de\/?p=7205"},"modified":"2021-01-19T12:06:31","modified_gmt":"2021-01-19T11:06:31","slug":"stadt-foerdert-dach-und-fassadenbegruenungen-in-riemke-und-hofstede","status":"publish","type":"post","link":"https:\/\/boklima.de\/?p=7205","title":{"rendered":"Stadt f\u00f6rdert Dach- und Fassadenbegr\u00fcnungen in Riemke und Hofstede"},"content":{"rendered":"\n<p>(PresseMittteilung der Stadt Bochum , 19. Januar 2021 )<\/p>\n\n\n\n<p><strong><u>Stadt f\u00f6rdert Dach- und Fassadenbegr\u00fcnungen in Riemke und Hofstede<\/u><\/strong><\/p>\n\n\n\n<p>Um f\u00fcr private Haus- und Wohnungseigent\u00fcmer in Hofstede und Riemke Anreize zur Fl\u00e4chenentsiegelung und zu gr\u00fcnen D\u00e4chern und W\u00e4nden zu schaffen, haben SPD und Gr\u00fcne die Verwaltung beauftragt, ein kommunales F\u00f6rderprogramm f\u00fcr Dach- und Fassadenbegr\u00fcnung sowie die \u00f6kologische Aufwertung von Vorg\u00e4rten und Hoffl\u00e4chen aufzulegen.<\/p>\n\n\n\n<p>Alle Wohn- und Hauseigent\u00fcmer der Stadtteile Hofstede und Riemke k\u00f6nnen f\u00fcr Dach- und Fassadenbegr\u00fcnungen sowie die Anlage von \u00f6kologischen Vorg\u00e4rten und Hoffl\u00e4chen F\u00f6rderantr\u00e4ge stellen. Das Programm l\u00e4uft bis Ende 2021. Gef\u00f6rdert werden 50 Prozent der Gesamtherstellungskosten, der H\u00f6chstbeitrag betr\u00e4gt 25.000 Euro je Antragstellerin oder Antragsteller und Jahr. Interessierte k\u00f6nnen sich kostenlos durch den von der Stadt beauftragten Modernisierungsberater Markus Ulmann beraten lassen. Eine Kontaktaufnahme ist m\u00f6glich per Mail an info@ulmann-architekten.de oder unter der Rufnummer 02 34 \/ 60 14 83 52.<\/p>\n\n\n\n<p>Die Stadtteile Riemke und Hofstede k\u00f6nnen aufgrund ihrer Lage in einem Gebiet mit hohem Grundwasserstand und einem hohen Anteil an versiegelter Fl\u00e4che zuk\u00fcnftig besonders betroffen von Sch\u00e4den in Folge von Starkregenereignissen sein. Fl\u00e4chenentsiegelung und Begr\u00fcnungsma\u00dfnahmen, wie beispielsweise Dachbegr\u00fcnungen, tragen dazu bei, diese Sch\u00e4den zu mildern.&nbsp; Sie f\u00f6rdern aber auch die Biodiversit\u00e4t und tragen zur Artenvielfalt, insbesondere der Insekten und V\u00f6gel bei. Dar\u00fcber hinaus erh\u00f6ht zum Beispiel die Fassadenbegr\u00fcnung auch die Lebensqualit\u00e4t im Innenraum eines Geb\u00e4udes, indem es dieses gegen Hitze und W\u00e4rme abschirmt. Entsiegelungen und Begr\u00fcnungen von Dach- und W\u00e4nden im urbanen Raum tragen auch wesentlich zu einer Verbesserung des Lokalklimas bei. So profitieren nicht nur Flora und Fauna, sondern vor allem auch der Mensch selbst.<\/p>\n\n\n\n<p>2021 und 2022 werden dann auch im Zuge der von der Stadt aufgelegten F\u00f6rderrichtlinie \u201eKommunales Modernisierungsprogramm Bochum\u201c Dach- und Fassadenbegr\u00fcnungen sowie \u00f6kologische Vorg\u00e4rten und Hoffl\u00e4chen im Bereich der \u201eCityradialen\u201c der Bochumer Innenstadt gef\u00f6rdert.<\/p>\n\n\n\n<p><strong>Hinweis f\u00fcr die Redaktion:<\/strong><\/p>\n\n\n\n<p>Der Presseinformation sind drei Fotos beigef\u00fcgt.<\/p>\n\n\n\n<p>Stadt BochumReferat f\u00fcr politische Gremien, B\u00fcrgerbeteiligung und Kommunikation- Pressestelle -Willy-Brandt-Platz 2-644777 BochumTel +49234\/910-5073 &#8211; 78Fax +4923416111<a href=\"mailto:newsdesk@bochum.de\">newsdesk@bochum.de<\/a><a href=\"http:\/\/www.bochum.de\">www.bochum.de<\/a><\/p>\n\n\n\n<p><img decoding=\"async\" src=\"blob:https:\/\/boklima.de\/4b7cf443-fd76-46c8-8311-f10ccc31ed34\"><br><br>19_Dachbegr\u00fcnung &#8211; 21-08-2020.jpg<\/p>\n\n\n\n<figure class=\"wp-block-image size-large\"><img loading=\"lazy\" decoding=\"async\" width=\"1024\" height=\"683\" src=\"https:\/\/boklima.de\/wp-content\/uploads\/2021\/01\/image-1-1024x683.png\" alt=\"\" class=\"wp-image-7206\" srcset=\"https:\/\/boklima.de\/wp-content\/uploads\/2021\/01\/image-1-1024x683.png 1024w, https:\/\/boklima.de\/wp-content\/uploads\/2021\/01\/image-1-300x200.png 300w, https:\/\/boklima.de\/wp-content\/uploads\/2021\/01\/image-1-768x512.png 768w, https:\/\/boklima.de\/wp-content\/uploads\/2021\/01\/image-1.png 1182w\" sizes=\"auto, (max-width: 709px) 85vw, (max-width: 909px) 67vw, (max-width: 1362px) 62vw, 840px\" \/><\/figure>\n\n\n\n<p>19_Dachbegr\u00fcnung Handelshof.JPG<\/p>\n\n\n\n<figure class=\"wp-block-image size-large\"><img loading=\"lazy\" decoding=\"async\" width=\"1024\" height=\"685\" src=\"https:\/\/boklima.de\/wp-content\/uploads\/2021\/01\/image-2-1024x685.png\" alt=\"\" class=\"wp-image-7207\" srcset=\"https:\/\/boklima.de\/wp-content\/uploads\/2021\/01\/image-2-1024x685.png 1024w, https:\/\/boklima.de\/wp-content\/uploads\/2021\/01\/image-2-300x201.png 300w, https:\/\/boklima.de\/wp-content\/uploads\/2021\/01\/image-2-768x514.png 768w, https:\/\/boklima.de\/wp-content\/uploads\/2021\/01\/image-2.png 1182w\" sizes=\"auto, (max-width: 709px) 85vw, (max-width: 909px) 67vw, (max-width: 1362px) 62vw, 840px\" \/><\/figure>\n\n\n\n<p>19_Dachbegr\u00fcnung.jpg<\/p>\n\n\n\n<figure class=\"wp-block-image size-large\"><img loading=\"lazy\" decoding=\"async\" width=\"1024\" height=\"587\" src=\"https:\/\/boklima.de\/wp-content\/uploads\/2021\/01\/image-3-1024x587.png\" alt=\"\" class=\"wp-image-7208\" srcset=\"https:\/\/boklima.de\/wp-content\/uploads\/2021\/01\/image-3-1024x587.png 1024w, https:\/\/boklima.de\/wp-content\/uploads\/2021\/01\/image-3-300x172.png 300w, https:\/\/boklima.de\/wp-content\/uploads\/2021\/01\/image-3-768x440.png 768w, https:\/\/boklima.de\/wp-content\/uploads\/2021\/01\/image-3.png 1182w\" sizes=\"auto, (max-width: 709px) 85vw, (max-width: 909px) 67vw, (max-width: 1362px) 62vw, 840px\" \/><\/figure>\n\n\n\n<p><\/p>\n","protected":false},"excerpt":{"rendered":"<p>(PresseMittteilung der Stadt Bochum , 19. Januar 2021 ) Stadt f\u00f6rdert Dach- und Fassadenbegr\u00fcnungen in Riemke und Hofstede Um f\u00fcr private Haus- und Wohnungseigent\u00fcmer in Hofstede und Riemke Anreize zur Fl\u00e4chenentsiegelung und zu gr\u00fcnen D\u00e4chern und W\u00e4nden zu schaffen, haben SPD und Gr\u00fcne die Verwaltung beauftragt, ein kommunales F\u00f6rderprogramm f\u00fcr Dach- und Fassadenbegr\u00fcnung sowie die &hellip; <a href=\"https:\/\/boklima.de\/?p=7205\" class=\"more-link\"><span class=\"screen-reader-text\">\u201eStadt f\u00f6rdert Dach- und Fassadenbegr\u00fcnungen in Riemke und Hofstede\u201c <\/span>weiterlesen<\/a><\/p>\n","protected":false},"author":8,"featured_media":0,"comment_status":"open","ping_status":"closed","sticky":false,"template":"","format":"standard","meta":{"ngg_post_thumbnail":0,"footnotes":"","_share_on_mastodon":"0"},"categories":[154,156,104,126,128,129,125],"tags":[],"class_list":["post-7205","post","type-post","status-publish","format-standard","hentry","category-ag-klimanotstand","category-relevant-bochum","category-oeffentlich-fuer-alle-site-besucher-lesbar","category-versiegelung","category-anpflanzungen","category-co2","category-klima-schutz-themen"],"share_on_mastodon":{"url":"","error":""},"rttpg_featured_image_url":null,"rttpg_author":{"display_name":"thomas","author_link":"https:\/\/boklima.de\/?author=8"},"rttpg_comment":0,"rttpg_category":"<a href=\"https:\/\/boklima.de\/?cat=154\" rel=\"category\">AG KlimaNotStand<\/a> <a href=\"https:\/\/boklima.de\/?cat=156\" rel=\"category\">relevant-Bochum<\/a> <a href=\"https:\/\/boklima.de\/?cat=104\" rel=\"category\">\u00f6ffentlich (f\u00fcr alle lesbar)<\/a> <a href=\"https:\/\/boklima.de\/?cat=126\" rel=\"category\">Versiegelung<\/a> <a href=\"https:\/\/boklima.de\/?cat=128\" rel=\"category\">Anpflanzungen<\/a> <a href=\"https:\/\/boklima.de\/?cat=129\" rel=\"category\">CO2<\/a> <a href=\"https:\/\/boklima.de\/?cat=125\" rel=\"category\">Klima-Schutz-Themen<\/a>","rttpg_excerpt":"(PresseMittteilung der Stadt Bochum , 19. Januar 2021 ) Stadt f\u00f6rdert Dach- und Fassadenbegr\u00fcnungen in Riemke und Hofstede Um f\u00fcr private Haus- und Wohnungseigent\u00fcmer in Hofstede und Riemke Anreize zur Fl\u00e4chenentsiegelung und zu gr\u00fcnen D\u00e4chern und W\u00e4nden zu schaffen, haben SPD und Gr\u00fcne die Verwaltung beauftragt, ein kommunales F\u00f6rderprogramm f\u00fcr Dach- und Fassadenbegr\u00fcnung sowie die&hellip;","_links":{"self":[{"href":"https:\/\/boklima.de\/index.php?rest_route=\/wp\/v2\/posts\/7205","targetHints":{"allow":["GET"]}}],"collection":[{"href":"https:\/\/boklima.de\/index.php?rest_route=\/wp\/v2\/posts"}],"about":[{"href":"https:\/\/boklima.de\/index.php?rest_route=\/wp\/v2\/types\/post"}],"author":[{"embeddable":true,"href":"https:\/\/boklima.de\/index.php?rest_route=\/wp\/v2\/users\/8"}],"replies":[{"embeddable":true,"href":"https:\/\/boklima.de\/index.php?rest_route=%2Fwp%2Fv2%2Fcomments&post=7205"}],"version-history":[{"count":1,"href":"https:\/\/boklima.de\/index.php?rest_route=\/wp\/v2\/posts\/7205\/revisions"}],"predecessor-version":[{"id":7209,"href":"https:\/\/boklima.de\/index.php?rest_route=\/wp\/v2\/posts\/7205\/revisions\/7209"}],"wp:attachment":[{"href":"https:\/\/boklima.de\/index.php?rest_route=%2Fwp%2Fv2%2Fmedia&parent=7205"}],"wp:term":[{"taxonomy":"category","embeddable":true,"href":"https:\/\/boklima.de\/index.php?rest_route=%2Fwp%2Fv2%2Fcategories&post=7205"},{"taxonomy":"post_tag","embeddable":true,"href":"https:\/\/boklima.de\/index.php?rest_route=%2Fwp%2Fv2%2Ftags&post=7205"}],"curies":[{"name":"wp","href":"https:\/\/api.w.org\/{rel}","templated":true}]}}