{"id":7202,"date":"2021-01-19T10:38:05","date_gmt":"2021-01-19T09:38:05","guid":{"rendered":"https:\/\/boklima.de\/?p=7202"},"modified":"2021-01-19T10:38:06","modified_gmt":"2021-01-19T09:38:06","slug":"klimadiskurs-nrw-neuer-verein","status":"publish","type":"post","link":"https:\/\/boklima.de\/?p=7202","title":{"rendered":"Klimadiskurs nrw &#8212; &#8216;neuer&#8217; Verein"},"content":{"rendered":"\n<p>Neuer Verein : <a href=\"https:\/\/klimadiskurs-nrw.de\/\" target=\"_blank\" rel=\"noreferrer noopener\">Klimadiskurs.nrw<\/a> <br>Wirklich mehr als ein Industrieverband ??<\/p>\n\n\n\n<hr class=\"wp-block-separator\"\/>\n\n\n\n<div class=\"wp-block-image\"><figure class=\"aligncenter is-resized\"><a href=\"https:\/\/klimadiskurs-nrw.de\"><img loading=\"lazy\" decoding=\"async\" src=\"https:\/\/klimadiskurs-nrw.de\/wp-content\/themes\/klimadiskurs\/images\/kdlogo.png\" alt=\"\" width=\"200\" height=\"64\"\/><\/a><\/figure><\/div>\n\n\n\n<h4 class=\"wp-block-heading\"><span class=\"ez-toc-section\" id=\"KlimaDiskursNRW\"><\/span>KlimaDiskurs.NRW<span class=\"ez-toc-section-end\"><\/span><\/h4>\n\n\n\n<h3 class=\"wp-block-heading\"><span class=\"ez-toc-section\" id=\"Wer_sind_wir\"><\/span>Wer sind wir?<span class=\"ez-toc-section-end\"><\/span><\/h3>\n\n\n\n<p>Mit dem gemeinn\u00fctzigen und unabh\u00e4ngigen Verein KlimaDiskurs.NRW wollen wir den Klimaschutz voranbringen und gleichzeitig den Industrie- und Wirtschaftsstandort Nordrhein-Westfalen sichern. Die Vernetzung der wesentlichen Akteure aus Wirtschaft, Politik, Wissenschaft und Zivilgesellschaft ist dabei Kern unseres Wirkens. In enger Zusammenarbeit mit unseren Mitgliedern f\u00f6rdern wir den diskursiven Austausch zu klimarelevanten Themen \u2013 ganz im Sinne einer Lobby f\u00fcr gemeinsames Handeln!<\/p>\n\n\n\n<p>Was sind unsere Ziele und wie arbeiten wir? Das erfahren Sie in dem folgenden Video! <br><a href=\"https:\/\/www.youtube.com\/embed\/Bj1FN5k-e5o?feature=oembed&amp;wmode=opaque\" target=\"_blank\" rel=\"noreferrer noopener\">https:\/\/www.youtube.com\/embed\/Bj1FN5k-e5o?feature=oembed&amp;wmode=opaque<\/a><\/p>\n\n\n\n<p>Finden Sie die Themen, f\u00fcr die wir uns engagieren, genauso wichtig wie wir? Dann werden Sie doch mit Ihrem Unternehmen, Ihrem Verband oder Ihrem Verein Mitglied des KlimaDiskurs.NRW! Nur gemeinsam mit Ihnen k\u00f6nnen wir unsere Ziele rund um den Klimaschutz erreichen. Wir freuen uns auf Ihre Unterst\u00fctzung!<\/p>\n\n\n\n<h4 class=\"wp-block-heading\"><span class=\"ez-toc-section\" id=\"Der_KlimaDiskursNRW_informiert\"><\/span>Der KlimaDiskurs.NRW informiert<span class=\"ez-toc-section-end\"><\/span><\/h4>\n\n\n\n<h3 class=\"wp-block-heading\"><span class=\"ez-toc-section\" id=\"Neuer_Beirat_Hochrangige_klimapolitische_Persoenlichkeiten_unterstuetzen_KlimaDiskursNRW\"><\/span>Neuer Beirat: Hochrangige klimapolitische Pers\u00f6nlichkeiten unterst\u00fctzen KlimaDiskurs.NRW<span class=\"ez-toc-section-end\"><\/span><\/h3>\n\n\n\n<p>Der KlimaDiskurs.NRW kann in seinem Engagement f\u00fcr nachhaltigen Klimaschutz und die Erhaltung des Industrie- und Wirtschaftsstandortes ab sofort auf zus\u00e4tzliche hochrangige Unterst\u00fctzung durch einen neu gegr\u00fcndeten Beirat z\u00e4hlen. <strong>Dr. Susanne Dr\u00f6ge<\/strong>, <strong>Dr. Peter Jahns<\/strong>, <strong>Dr. Juliane Kronen<\/strong>, <strong>Prof. Dr. Barbara Praetorius<\/strong>, <strong>Wolfgang Saam<\/strong>, <strong>Andreas Skrypietz<\/strong> und <strong>Prof. Dr. Klaus T\u00f6pfer <\/strong>werden dem Verein in der neuen Projektf\u00f6rderphase mit ihren vielf\u00e4ltigen Erfahrungswerten im klimapolitischen Geschehen auf Landes-, Bundes- und EU-Ebene beratend und kritisch-analytisch begleitend zur Seite stehen.<\/p>\n\n\n\n<p><a href=\"https:\/\/klimadiskurs-nrw.de\/wp-content\/uploads\/2020\/02\/200219-PM-Beiratsgr\u00fcndung_-v3.pdf\" target=\"_blank\" rel=\"noreferrer noopener\">Pressemitteilung<\/a><\/p>\n\n\n\n<h3 class=\"wp-block-heading\"><span class=\"ez-toc-section\" id=\"Im_Dialog\"><\/span>Im Dialog<span class=\"ez-toc-section-end\"><\/span><\/h3>\n\n\n\n<p>Aus unserem <a href=\"https:\/\/twitter.com\/search?q=%23Newsletter\" target=\"_blank\" rel=\"noreferrer noopener\">#Newsletter<\/a>: Wer ist die Akteursinitiative &#8216;Zukunft <a href=\"https:\/\/twitter.com\/search?q=%23Wasserstoff\" target=\"_blank\" rel=\"noreferrer noopener\">#Wasserstoff<\/a><a href=\"https:\/\/twitter.com\/search?q=%23NRW\" target=\"_blank\" rel=\"noreferrer noopener\">#NRW<\/a>&#8216;? Heute traf sich der unabh\u00e4ngige Zusammenschluss zu seiner konstituierenden Sitzung und geht nun gemeinsam voran f\u00fcr mehr <a href=\"https:\/\/twitter.com\/search?q=%23Klimaschutz\" target=\"_blank\" rel=\"noreferrer noopener\">#Klimaschutz<\/a><br><a href=\"https:\/\/klimadiskurs-nrw.de\/akteursinitiative-zukunft-wasserstoff-nrw-nimmt-arbeit-auf\/\">klimadiskurs-nrw.de\/akteursinitiat\u2026<\/a><\/p>\n<div id=\"ez-toc-container\" class=\"ez-toc-v2_0_82_2 counter-hierarchy ez-toc-counter ez-toc-transparent ez-toc-container-direction\">\n<div class=\"ez-toc-title-container\">\n<p class=\"ez-toc-title\" style=\"cursor:inherit\">Inhalte dieser Seite :<\/p>\n<span class=\"ez-toc-title-toggle\"><a href=\"#\" class=\"ez-toc-pull-right ez-toc-btn ez-toc-btn-xs ez-toc-btn-default ez-toc-toggle\" aria-label=\"Toggle Table of Content\"><span class=\"ez-toc-js-icon-con\"><span class=\"\"><span class=\"eztoc-hide\" style=\"display:none;\">Toggle<\/span><span class=\"ez-toc-icon-toggle-span\"><svg style=\"fill: #999;color:#999\" xmlns=\"http:\/\/www.w3.org\/2000\/svg\" class=\"list-377408\" width=\"20px\" height=\"20px\" viewBox=\"0 0 24 24\" fill=\"none\"><path d=\"M6 6H4v2h2V6zm14 0H8v2h12V6zM4 11h2v2H4v-2zm16 0H8v2h12v-2zM4 16h2v2H4v-2zm16 0H8v2h12v-2z\" fill=\"currentColor\"><\/path><\/svg><svg style=\"fill: #999;color:#999\" class=\"arrow-unsorted-368013\" xmlns=\"http:\/\/www.w3.org\/2000\/svg\" width=\"10px\" height=\"10px\" viewBox=\"0 0 24 24\" version=\"1.2\" baseProfile=\"tiny\"><path d=\"M18.2 9.3l-6.2-6.3-6.2 6.3c-.2.2-.3.4-.3.7s.1.5.3.7c.2.2.4.3.7.3h11c.3 0 .5-.1.7-.3.2-.2.3-.5.3-.7s-.1-.5-.3-.7zM5.8 14.7l6.2 6.3 6.2-6.3c.2-.2.3-.5.3-.7s-.1-.5-.3-.7c-.2-.2-.4-.3-.7-.3h-11c-.3 0-.5.1-.7.3-.2.2-.3.5-.3.7s.1.5.3.7z\"\/><\/svg><\/span><\/span><\/span><\/a><\/span><\/div>\n<nav><ul class='ez-toc-list ez-toc-list-level-1 eztoc-toggle-hide-by-default' ><ul class='ez-toc-list-level-4' ><li class='ez-toc-heading-level-4'><a class=\"ez-toc-link ez-toc-heading-1\" href=\"https:\/\/boklima.de\/?p=7202\/#KlimaDiskursNRW\" >KlimaDiskurs.NRW<\/a><\/li><\/ul><\/li><li class='ez-toc-page-1 ez-toc-heading-level-3'><a class=\"ez-toc-link ez-toc-heading-2\" href=\"https:\/\/boklima.de\/?p=7202\/#Wer_sind_wir\" >Wer sind wir?<\/a><ul class='ez-toc-list-level-4' ><li class='ez-toc-heading-level-4'><a class=\"ez-toc-link ez-toc-heading-3\" href=\"https:\/\/boklima.de\/?p=7202\/#Der_KlimaDiskursNRW_informiert\" >Der KlimaDiskurs.NRW informiert<\/a><\/li><\/ul><\/li><li class='ez-toc-page-1 ez-toc-heading-level-3'><a class=\"ez-toc-link ez-toc-heading-4\" href=\"https:\/\/boklima.de\/?p=7202\/#Neuer_Beirat_Hochrangige_klimapolitische_Persoenlichkeiten_unterstuetzen_KlimaDiskursNRW\" >Neuer Beirat: Hochrangige klimapolitische Pers\u00f6nlichkeiten unterst\u00fctzen KlimaDiskurs.NRW<\/a><\/li><li class='ez-toc-page-1 ez-toc-heading-level-3'><a class=\"ez-toc-link ez-toc-heading-5\" href=\"https:\/\/boklima.de\/?p=7202\/#Im_Dialog\" >Im Dialog<\/a><\/li><\/ul><\/nav><\/div>\n","protected":false},"excerpt":{"rendered":"<p>Neuer Verein : Klimadiskurs.nrw Wirklich mehr als ein Industrieverband ?? KlimaDiskurs.NRW Wer sind wir? Mit dem gemeinn\u00fctzigen und unabh\u00e4ngigen Verein KlimaDiskurs.NRW wollen wir den Klimaschutz voranbringen und gleichzeitig den Industrie- und Wirtschaftsstandort Nordrhein-Westfalen sichern. Die Vernetzung der wesentlichen Akteure aus Wirtschaft, Politik, Wissenschaft und Zivilgesellschaft ist dabei Kern unseres Wirkens. In enger Zusammenarbeit mit unseren &hellip; <a href=\"https:\/\/boklima.de\/?p=7202\" class=\"more-link\"><span class=\"screen-reader-text\">\u201eKlimadiskurs nrw &#8212; &#8216;neuer&#8217; Verein\u201c <\/span>weiterlesen<\/a><\/p>\n","protected":false},"author":8,"featured_media":0,"comment_status":"closed","ping_status":"closed","sticky":false,"template":"","format":"standard","meta":{"ngg_post_thumbnail":0,"footnotes":"","_share_on_mastodon":"0"},"categories":[157,104],"tags":[],"class_list":["post-7202","post","type-post","status-publish","format-standard","hentry","category-relevant-klimanews","category-oeffentlich-fuer-alle-site-besucher-lesbar"],"share_on_mastodon":{"url":"","error":""},"rttpg_featured_image_url":null,"rttpg_author":{"display_name":"thomas","author_link":"https:\/\/boklima.de\/?author=8"},"rttpg_comment":0,"rttpg_category":"<a href=\"https:\/\/boklima.de\/?cat=157\" rel=\"category\">relevant-KlimaNews<\/a> <a href=\"https:\/\/boklima.de\/?cat=104\" rel=\"category\">\u00f6ffentlich (f\u00fcr alle lesbar)<\/a>","rttpg_excerpt":"Neuer Verein : Klimadiskurs.nrw Wirklich mehr als ein Industrieverband ?? KlimaDiskurs.NRW Wer sind wir? Mit dem gemeinn\u00fctzigen und unabh\u00e4ngigen Verein KlimaDiskurs.NRW wollen wir den Klimaschutz voranbringen und gleichzeitig den Industrie- und Wirtschaftsstandort Nordrhein-Westfalen sichern. Die Vernetzung der wesentlichen Akteure aus Wirtschaft, Politik, Wissenschaft und Zivilgesellschaft ist dabei Kern unseres Wirkens. In enger Zusammenarbeit mit unseren&hellip;","_links":{"self":[{"href":"https:\/\/boklima.de\/index.php?rest_route=\/wp\/v2\/posts\/7202","targetHints":{"allow":["GET"]}}],"collection":[{"href":"https:\/\/boklima.de\/index.php?rest_route=\/wp\/v2\/posts"}],"about":[{"href":"https:\/\/boklima.de\/index.php?rest_route=\/wp\/v2\/types\/post"}],"author":[{"embeddable":true,"href":"https:\/\/boklima.de\/index.php?rest_route=\/wp\/v2\/users\/8"}],"replies":[{"embeddable":true,"href":"https:\/\/boklima.de\/index.php?rest_route=%2Fwp%2Fv2%2Fcomments&post=7202"}],"version-history":[{"count":1,"href":"https:\/\/boklima.de\/index.php?rest_route=\/wp\/v2\/posts\/7202\/revisions"}],"predecessor-version":[{"id":7203,"href":"https:\/\/boklima.de\/index.php?rest_route=\/wp\/v2\/posts\/7202\/revisions\/7203"}],"wp:attachment":[{"href":"https:\/\/boklima.de\/index.php?rest_route=%2Fwp%2Fv2%2Fmedia&parent=7202"}],"wp:term":[{"taxonomy":"category","embeddable":true,"href":"https:\/\/boklima.de\/index.php?rest_route=%2Fwp%2Fv2%2Fcategories&post=7202"},{"taxonomy":"post_tag","embeddable":true,"href":"https:\/\/boklima.de\/index.php?rest_route=%2Fwp%2Fv2%2Ftags&post=7202"}],"curies":[{"name":"wp","href":"https:\/\/api.w.org\/{rel}","templated":true}]}}