{"id":7123,"date":"2021-01-06T18:11:03","date_gmt":"2021-01-06T17:11:03","guid":{"rendered":"https:\/\/boklima.de\/?p=7123"},"modified":"2021-01-06T22:07:49","modified_gmt":"2021-01-06T21:07:49","slug":"verkehr-und-flaechen-nutzung-umwidmung-wdr-quarks-u-a","status":"publish","type":"post","link":"https:\/\/boklima.de\/?p=7123","title":{"rendered":"Verkehr und Fl\u00e4chen-nutzung \/ -Umwidmung ; Fu\u00dfg\u00e4nger statt Autos (WDR &#8211; Quarks) , u.a."},"content":{"rendered":"\n<ul class=\"wp-block-list\"><li>Verkehrsfl\u00e4chen in der Stadt &#8211; wer bekommt wie viel Raum?; Wdr5, Quarks , 06.01.21,  ( <a href=\"https:\/\/www1.wdr.de\/mediathek\/audio\/wdr5\/quarks\/index.html#\" target=\"_blank\" rel=\"noreferrer noopener\">hier ab ca Min 18:14<\/a> ) <ul><li>Suche nach zukunftstauglichen Konzepten ; Interessante Aspekte und Konzepte um Autoverkehr zur\u00fcckzudr\u00e4ngen . &#8212; auch f\u00fcr Bochum ?<\/li><li>Gespr\u00e4ch mit Prof. <a href=\"https:\/\/www.oevm.uni-wuppertal.de\/de\/home\/team\/prof-dr-ing-ulrike-reutter.html\" target=\"_blank\" rel=\"noreferrer noopener\">Ulrike Reuter , Uni Wuppertal<\/a> <br>( <a href=\"https:\/\/www.transfer.uni-wuppertal.de\/de\/transfergeschichten\/transfergeschichten-2017\/prof-dr-ing-ulrike-reutter.html\" target=\"_blank\" rel=\"noreferrer noopener\">\u201eWer in der Stadt ohne Auto leben will, der kann das!\u201c\u2026<\/a> )<\/li><li>Leitbild autogerechte Stadt hinterfragen <\/li><li>Tempo 30 in den Innen-St\u00e4tten<\/li><li>Gr\u00fcne Welle f\u00fcr R\u00e4der (und Fu\u00dfg\u00e4nger Anm.Boklima)<\/li><li>Aufenthaltsfl\u00e4chen : Kinder , Fu\u00dfg\u00e4nger<\/li><li>Kaufkraft , Einkauferlebnis , &#8230; sinkt NICHT in autofreien Bereichen,<br>positive Beispiele : M\u00fcnster , Freiburg , Mailand , Bologna , Z\u00fcrich , Koppenhagen , &#8230;<\/li><li>Fl\u00e4che ohne Vorfahrtsregeln <\/li><li>&#8230;<\/li><\/ul><\/li><\/ul>\n\n\n\n<hr class=\"wp-block-separator\"\/>\n\n\n\n<p>Ein 2.tes Audio zum Thema , WDR 5 Quarks &#8211; Wissenschaft und mehr . 05.01.2021. <\/p>\n\n\n\n<p><a href=\"https:\/\/wdrmedien-a.akamaihd.net\/medp\/podcast\/weltweit\/fsk0\/233\/2334885\/wdr5quarkswissenschaftundmehr_2021-01-06_coronamutationenverkehrsflaecheninderstadtimpfapps_wdr5.mp3\" target=\"_blank\" rel=\"noreferrer noopener\">Audio Download . Download mit LINUX: Rechte Maustaste und &#8220;Ziel speichern unter&#8221; oder &#8220;Link speichern unter&#8221;.<\/a><\/p>\n\n\n\n<h3 class=\"wp-block-heading\"><span class=\"ez-toc-section\" id=\"Corona_Impfungen_%E2%80%93_Fussgaenger_statt_Autos_%E2%80%93_Klimabilanz_2020_ab_ca_Min_31_15\"><\/span>Corona Impfungen &#8211; Fu\u00dfg\u00e4nger statt Autos &#8211; Klimabilanz 2020 ( ab ca. Min 31:15)<span class=\"ez-toc-section-end\"><\/span><\/h3>\n\n\n\n<p>Die Giraffe ist bedroht; Wie Russland und China gegen Corona impfen; 70 ist das neue 60!; Tiefsee-Tauchen im Senckenberg Museum; <br><strong><em>Wien &#8211; Platz f\u00fcr Fu\u00dfg\u00e4nger statt Autos; Warum die gute Klimabilanz 2020 t\u00e4uscht; <\/em><\/strong>&#8230;<\/p>\n\n\n\n<p><a href=\"https:\/\/wdrmedien-a.akamaihd.net\/medp\/podcast\/weltweit\/fsk0\/233\/2334220\/wdr5quarkswissenschaftundmehr_2021-01-05_coronaimpfungenfussgaengerstattautosklimabilanz2020_wdr5.mp3\" target=\"_blank\" rel=\"noreferrer noopener\">Audio Download . Download mit LINUX: Rechte Maustaste und &#8220;Ziel speichern unter&#8221; oder &#8220;Link speichern unter&#8221;.<\/a> <a href=\"https:\/\/www1.wdr.de\/mediathek\/audio\/wdr5\/quarks\/wissenschaft-und-mehr-100.podcast\">RSS: Podcast .<\/a><\/p>\n\n\n\n<hr class=\"wp-block-separator\"\/>\n\n\n\n<hr class=\"wp-block-separator\"\/>\n\n\n\n<p>Erschreckend f\u00fcr Bochum ( PM der Stadt, 06.01.21 ) :<\/p>\n\n\n\n<p>6. Januar 2021<\/p>\n\n\n\n<p><strong><u>Fahrzeugbestand ist im Dezember gestiegen<\/u><\/strong><\/p>\n\n\n\n<p>In Bochum waren im Dezember insgesamt 256.968 Fahrzeuge aller Klassen gemeldet. Das sind <strong>402 mehr als im November.<\/strong> Der PKW-Bestand stieg um 436 auf insgesamt 206.866. Es waren 15.999 LKW angemeldet, 17 mehr als im November. 173 Busse sind im Stadtgebiet unterwegs, einer weniger als im Vormonat. Die Zahl der Kraftr\u00e4der sank im Dezember um 34 auf nun 16.194. Die Zahl der Zugmaschinen sank um sechs auf 812 und die der Anh\u00e4nger sank um elf auf 14.950. Es sind 1.974 sonstige Fahrzeuge in Bochum unterwegs, eins mehr als im Vormonat. In Bochum fahren seit Dezember 15.284 Fahrzeuge mit Wattenscheider Kennzeichen, ein Plus von 36. Die Zahl der Elektrofahrzeuge erh\u00f6hte sich im Dezember um 176 auf 1.755. Au\u00dferdem sind 5.922 E-Hybrid-Fahrzeuge in Bochum gemeldet, 753 mehr als im Vormonat.<\/p>\n\n\n\n<p>Stadt BochumReferat f\u00fcr politische Gremien, B\u00fcrgerbeteiligung und Kommunikation- Pressestelle -Willy-Brandt-Platz 2-644777 Bochum<\/p>\n\n\n\n<hr class=\"wp-block-separator\"\/>\n\n\n\n<hr class=\"wp-block-separator\"\/>\n\n\n\n<h3 class=\"wp-block-heading\"><span class=\"ez-toc-section\" id=\"Eine_Welt_ohne_Autos_S01E01_15112020_%E2%88%99_Eine_Welt_ohne_%E2%80%A6_%E2%88%99_Das_Erste\"><\/span>Eine Welt ohne Autos (S01\/E01)<br>15.11.2020 \u2219 Eine Welt ohne &#8230; \u2219 Das Erste<span class=\"ez-toc-section-end\"><\/span><\/h3>\n\n\n\n<p>Dazu passt auch dieses Video aus der ARD Mediathek : <a href=\"https:\/\/www.ardmediathek.de\/ard\/video\/eine-welt-ohne----\/eine-welt-ohne-autos--s01-e01-\/das-erste\/Y3JpZDovL2Rhc2Vyc3RlLmRlL2VpbmVXZWx0T2huZS9jNmIzNjZkMC1hMDhiLTQwYTctYjI3My1mOWI3ZmM1YmYxZDA\/\" target=\"_blank\" rel=\"noreferrer noopener\">hier<\/a> <\/p>\n\n\n\n<p>Kein Auto auf den Stra\u00dfen &#8211; ist das m\u00f6glich? Wie werden wir uns zuk\u00fcnftig fortbewegen? Fahrrad, Carsharing, autonome Autos? Was wollen wir?<\/p>\n\n\n\n<hr class=\"wp-block-separator\"\/>\n\n\n\n<hr class=\"wp-block-separator\"\/>\n\n\n\n<h3 class=\"wp-block-heading\"><span class=\"ez-toc-section\" id=\"Bremens_Verkehrssenatorin_Autofahren_noch_zu_einfach_und_attraktiv\"><\/span>Bremens Verkehrssenatorin: Autofahren noch zu einfach und attraktiv<span class=\"ez-toc-section-end\"><\/span><\/h3>\n\n\n\n<p>In diesem Zusammenhang auch interessant ( Org bei heise : <a href=\"https:\/\/www.heise.de\/news\/Bremens-Verkehrssenatorin-Autofahren-noch-zu-einfach-und-attraktiv-5001251.html\" target=\"_blank\" rel=\"noreferrer noopener\">hier<\/a> ) : <\/p>\n\n\n\n<p>Erstmals \u00fcbernimmt eine Gr\u00fcnen-Politikerin den Vorsitz der Verkehrsministerkonferenz der L\u00e4nder. Die Bremer Senatorin will die Verkehrswende voranbringen.  ( 31.12.2020 11:45 Uhr ) <\/p>\n\n\n\n<p>Die neue Vorsitzende der Verkehrsministerkonferenz, Bremens Senatorin Maike Schaefer (Gr\u00fcne), will die Verkehrswende zum Schwerpunkthema zwischen Bundesl\u00e4ndern und Bund machen. Das Thema sei sehr vielschichtig, betreffe alle Menschen, St\u00e4dte und l\u00e4ndliche Regionen, Umweltfragen und Sicherheitsaspekte und auch Art und Anteil der Verkehrstr\u00e4ger.<\/p>\n\n\n\n<p>&#8220;<strong>Autofahren ist in Deutschland noch zu einfach und attraktiv. Wir m\u00fcssen den Menschen alternative Angebote machen<\/strong>, die attraktiver als das Auto sind&#8221;, sagte Schaefer, die am 1. Januar f\u00fcr zwei Jahre als erste Gr\u00fcnen-Politikerin den Vorsitz der Verkehrsministerkonferenz \u00fcbernimmt.<\/p>\n\n\n\n<h3 class=\"wp-block-heading\" id=\"nav_teureres__0\"><span class=\"ez-toc-section\" id=\"Teureres_Parken_mehr_Park_Ride\"><\/span>Teureres Parken, mehr Park &amp; Ride<span class=\"ez-toc-section-end\"><\/span><\/h3>\n\n\n\n<p>Ein Aspekt sei es, die Innenst\u00e4dte autofreier zu gestalten. Dazu geh\u00f6re etwa eine intelligente Parkraumbewirtschaftung. &#8220;Wenn Parken am Stra\u00dfenrand teurer als in Parkh\u00e4usern ist, dann werden weniger Pkws im \u00f6ffentlichen Raum stehen. Daf\u00fcr braucht es auch eine ausreichende Zahl von Parkh\u00e4usern in Stadtzentren.&#8221; Bremen bezeichnete Schaefer als &#8220;eine Art Reallabor&#8221;. So w\u00fcrden in der Hansestadt etwa Park &amp; Ride-Systeme ausgebaut, also Systeme, bei denen Autofahrer ihre Fahrzeuge auf eigens daf\u00fcr geschaffenen Parkpl\u00e4tzen abstellen und mit \u00f6ffentlichen Verkehrsmitteln weiterfahren. Au\u00dferdem werde der R\u00fcckbau wichtiger Innenstadtstra\u00dfen vorangetrieben, Fahrradstra\u00dfen w\u00fcrden angelegt.<\/p>\n\n\n\n<p>&#8220;<strong>All das muss einhergehen mit einer St\u00e4rkung des \u00d6ffentlichen Personennahverkehrs<\/strong>&#8220;, sagte Schaefer. Wenn Taktzeiten ver\u00e4ndert werden sollten, seien mehr Fahrzeuge n\u00f6tig. &#8220;Und dann muss man \u00fcber F\u00f6rderprogramme sprechen, denn es kann nicht sein, dass die Attraktivit\u00e4t des \u00d6PNV allein vom Geldbeutel der Kommunen abh\u00e4ngt.&#8221;<\/p>\n\n\n\n<p>&#8230;<\/p>\n\n\n\n<hr class=\"wp-block-separator\"\/>\n\n\n\n<hr class=\"wp-block-separator\"\/>\n\n\n\n<h2 class=\"wp-block-heading\"><span class=\"ez-toc-section\" id=\"Weitere_Interessante_Audios_beim_WDR_hier\"><\/span>Weitere Interessante Audios beim WDR : <a href=\"https:\/\/www.quarks.de\/podcast\/wie-unser-verkehr-der-natur-zusetzt-autokorrektur-folge-15\/\" target=\"_blank\" rel=\"noreferrer noopener\">hier<\/a> <span class=\"ez-toc-section-end\"><\/span><\/h2>\n\n\n\n<h3 class=\"wp-block-heading\"><span class=\"ez-toc-section\" id=\"Wie_unser_Verkehr_der_Natur_zusetzt\"><\/span>Wie unser Verkehr der Natur zusetzt<span class=\"ez-toc-section-end\"><\/span><\/h3>\n\n\n\n<p>Wer zwanzigmal um die Erde f\u00e4hrt, hat etwa so viel Strecke zur\u00fcck gelegt, wie wenn er einmal \u00fcber alle deutschen Strassen fahren w\u00fcrde. Die Fl\u00e4che, die in Deutschland f\u00fcr Mobilit\u00e4t in Anspruch genommen wird, ist gigantisch. H\u00e4ufig wird sie zudem &#8220;versiegelt&#8221;. Das schadet uns und der Natur. Doch es ginge auch anders.<\/p>\n<div id=\"ez-toc-container\" class=\"ez-toc-v2_0_82_2 counter-hierarchy ez-toc-counter ez-toc-transparent ez-toc-container-direction\">\n<div class=\"ez-toc-title-container\">\n<p class=\"ez-toc-title\" style=\"cursor:inherit\">Inhalte dieser Seite :<\/p>\n<span class=\"ez-toc-title-toggle\"><a href=\"#\" class=\"ez-toc-pull-right ez-toc-btn ez-toc-btn-xs ez-toc-btn-default ez-toc-toggle\" aria-label=\"Toggle Table of Content\"><span class=\"ez-toc-js-icon-con\"><span class=\"\"><span class=\"eztoc-hide\" style=\"display:none;\">Toggle<\/span><span class=\"ez-toc-icon-toggle-span\"><svg style=\"fill: #999;color:#999\" xmlns=\"http:\/\/www.w3.org\/2000\/svg\" class=\"list-377408\" width=\"20px\" height=\"20px\" viewBox=\"0 0 24 24\" fill=\"none\"><path d=\"M6 6H4v2h2V6zm14 0H8v2h12V6zM4 11h2v2H4v-2zm16 0H8v2h12v-2zM4 16h2v2H4v-2zm16 0H8v2h12v-2z\" fill=\"currentColor\"><\/path><\/svg><svg style=\"fill: #999;color:#999\" class=\"arrow-unsorted-368013\" xmlns=\"http:\/\/www.w3.org\/2000\/svg\" width=\"10px\" height=\"10px\" viewBox=\"0 0 24 24\" version=\"1.2\" baseProfile=\"tiny\"><path d=\"M18.2 9.3l-6.2-6.3-6.2 6.3c-.2.2-.3.4-.3.7s.1.5.3.7c.2.2.4.3.7.3h11c.3 0 .5-.1.7-.3.2-.2.3-.5.3-.7s-.1-.5-.3-.7zM5.8 14.7l6.2 6.3 6.2-6.3c.2-.2.3-.5.3-.7s-.1-.5-.3-.7c-.2-.2-.4-.3-.7-.3h-11c-.3 0-.5.1-.7.3-.2.2-.3.5-.3.7s.1.5.3.7z\"\/><\/svg><\/span><\/span><\/span><\/a><\/span><\/div>\n<nav><ul class='ez-toc-list ez-toc-list-level-1 eztoc-toggle-hide-by-default' ><ul class='ez-toc-list-level-3' ><li class='ez-toc-heading-level-3'><a class=\"ez-toc-link ez-toc-heading-1\" href=\"https:\/\/boklima.de\/?p=7123\/#Corona_Impfungen_%E2%80%93_Fussgaenger_statt_Autos_%E2%80%93_Klimabilanz_2020_ab_ca_Min_31_15\" >Corona Impfungen &#8211; Fu\u00dfg\u00e4nger statt Autos &#8211; Klimabilanz 2020 ( ab ca. Min 31:15)<\/a><\/li><li class='ez-toc-page-1 ez-toc-heading-level-3'><a class=\"ez-toc-link ez-toc-heading-2\" href=\"https:\/\/boklima.de\/?p=7123\/#Eine_Welt_ohne_Autos_S01E01_15112020_%E2%88%99_Eine_Welt_ohne_%E2%80%A6_%E2%88%99_Das_Erste\" >Eine Welt ohne Autos (S01\/E01) 15.11.2020 \u2219 Eine Welt ohne &#8230; \u2219 Das Erste<\/a><\/li><li class='ez-toc-page-1 ez-toc-heading-level-3'><a class=\"ez-toc-link ez-toc-heading-3\" href=\"https:\/\/boklima.de\/?p=7123\/#Bremens_Verkehrssenatorin_Autofahren_noch_zu_einfach_und_attraktiv\" >Bremens Verkehrssenatorin: Autofahren noch zu einfach und attraktiv<\/a><\/li><li class='ez-toc-page-1 ez-toc-heading-level-3'><a class=\"ez-toc-link ez-toc-heading-4\" href=\"https:\/\/boklima.de\/?p=7123\/#Teureres_Parken_mehr_Park_Ride\" >Teureres Parken, mehr Park &amp; Ride<\/a><\/li><\/ul><\/li><li class='ez-toc-page-1 ez-toc-heading-level-2'><a class=\"ez-toc-link ez-toc-heading-5\" href=\"https:\/\/boklima.de\/?p=7123\/#Weitere_Interessante_Audios_beim_WDR_hier\" >Weitere Interessante Audios beim WDR : hier<\/a><ul class='ez-toc-list-level-3' ><li class='ez-toc-heading-level-3'><a class=\"ez-toc-link ez-toc-heading-6\" href=\"https:\/\/boklima.de\/?p=7123\/#Wie_unser_Verkehr_der_Natur_zusetzt\" >Wie unser Verkehr der Natur zusetzt<\/a><\/li><\/ul><\/li><\/ul><\/nav><\/div>\n","protected":false},"excerpt":{"rendered":"<p>Verkehrsfl\u00e4chen in der Stadt &#8211; wer bekommt wie viel Raum?; Wdr5, Quarks , 06.01.21, ( hier ab ca Min 18:14 ) Suche nach zukunftstauglichen Konzepten ; Interessante Aspekte und Konzepte um Autoverkehr zur\u00fcckzudr\u00e4ngen . &#8212; auch f\u00fcr Bochum ? Gespr\u00e4ch mit Prof. Ulrike Reuter , Uni Wuppertal ( \u201eWer in der Stadt ohne Auto leben &hellip; <a href=\"https:\/\/boklima.de\/?p=7123\" class=\"more-link\"><span class=\"screen-reader-text\">\u201eVerkehr und Fl\u00e4chen-nutzung \/ -Umwidmung ; Fu\u00dfg\u00e4nger statt Autos (WDR &#8211; Quarks) , u.a.\u201c <\/span>weiterlesen<\/a><\/p>\n","protected":false},"author":8,"featured_media":0,"comment_status":"closed","ping_status":"closed","sticky":false,"template":"","format":"standard","meta":{"ngg_post_thumbnail":0,"footnotes":"","_share_on_mastodon":"0"},"categories":[156,158,102,104],"tags":[],"class_list":["post-7123","post","type-post","status-publish","format-standard","hentry","category-relevant-bochum","category-verkehr","category-ag-oepnv","category-oeffentlich-fuer-alle-site-besucher-lesbar"],"share_on_mastodon":{"url":"","error":""},"rttpg_featured_image_url":null,"rttpg_author":{"display_name":"thomas","author_link":"https:\/\/boklima.de\/?author=8"},"rttpg_comment":0,"rttpg_category":"<a href=\"https:\/\/boklima.de\/?cat=156\" rel=\"category\">relevant-Bochum<\/a> <a href=\"https:\/\/boklima.de\/?cat=158\" rel=\"category\">Verkehr<\/a> <a href=\"https:\/\/boklima.de\/?cat=102\" rel=\"category\">AG-\u00d6PNV<\/a> <a href=\"https:\/\/boklima.de\/?cat=104\" rel=\"category\">\u00f6ffentlich (f\u00fcr alle lesbar)<\/a>","rttpg_excerpt":"Verkehrsfl\u00e4chen in der Stadt &#8211; wer bekommt wie viel Raum?; Wdr5, Quarks , 06.01.21, ( hier ab ca Min 18:14 ) Suche nach zukunftstauglichen Konzepten ; Interessante Aspekte und Konzepte um Autoverkehr zur\u00fcckzudr\u00e4ngen . &#8212; auch f\u00fcr Bochum ? Gespr\u00e4ch mit Prof. Ulrike Reuter , Uni Wuppertal ( \u201eWer in der Stadt ohne Auto leben&hellip;","_links":{"self":[{"href":"https:\/\/boklima.de\/index.php?rest_route=\/wp\/v2\/posts\/7123","targetHints":{"allow":["GET"]}}],"collection":[{"href":"https:\/\/boklima.de\/index.php?rest_route=\/wp\/v2\/posts"}],"about":[{"href":"https:\/\/boklima.de\/index.php?rest_route=\/wp\/v2\/types\/post"}],"author":[{"embeddable":true,"href":"https:\/\/boklima.de\/index.php?rest_route=\/wp\/v2\/users\/8"}],"replies":[{"embeddable":true,"href":"https:\/\/boklima.de\/index.php?rest_route=%2Fwp%2Fv2%2Fcomments&post=7123"}],"version-history":[{"count":8,"href":"https:\/\/boklima.de\/index.php?rest_route=\/wp\/v2\/posts\/7123\/revisions"}],"predecessor-version":[{"id":7140,"href":"https:\/\/boklima.de\/index.php?rest_route=\/wp\/v2\/posts\/7123\/revisions\/7140"}],"wp:attachment":[{"href":"https:\/\/boklima.de\/index.php?rest_route=%2Fwp%2Fv2%2Fmedia&parent=7123"}],"wp:term":[{"taxonomy":"category","embeddable":true,"href":"https:\/\/boklima.de\/index.php?rest_route=%2Fwp%2Fv2%2Fcategories&post=7123"},{"taxonomy":"post_tag","embeddable":true,"href":"https:\/\/boklima.de\/index.php?rest_route=%2Fwp%2Fv2%2Ftags&post=7123"}],"curies":[{"name":"wp","href":"https:\/\/api.w.org\/{rel}","templated":true}]}}