{"id":7032,"date":"2020-12-29T14:23:15","date_gmt":"2020-12-29T13:23:15","guid":{"rendered":"https:\/\/boklima.de\/?p=7032"},"modified":"2020-12-29T14:24:16","modified_gmt":"2020-12-29T13:24:16","slug":"die-gescheiterte-klimaklage-gegen-norwegen-das-schwierige-grundrecht-auf-saubere-umwelt","status":"publish","type":"post","link":"https:\/\/boklima.de\/?p=7032","title":{"rendered":"Die gescheiterte Klimaklage gegen Norwegen Das schwierige Grundrecht auf saubere Umwelt"},"content":{"rendered":"\n<p>( tagesspiegel, 26.12.20 , s. <a href=\"https:\/\/www.tagesspiegel.de\/politik\/die-gescheiterte-klimaklage-gegen-norwegen-das-schwierige-grundrecht-auf-saubere-umwelt\/26750092.html\" target=\"_blank\" rel=\"noreferrer noopener\">hier<\/a> )<\/p>\n\n\n\n<p>Verletzen \u00d6lbohrungen Menschenrechte? Nein, hat das Oberste Gericht in Oslo gesagt. Das entt\u00e4uscht Klimaaktivisten, ist aber dennoch richtig. <br>Eine Kolumne. <a href=\"https:\/\/www.tagesspiegel.de\/john-barbara\/6794668.html\">Barbara John<\/a><\/p>\n\n\n\n<p>Und wieder ist Norwegen das Land mit der h\u00f6chsten Lebensqualit\u00e4t weltweit. Das sagt der Jahresbericht 2020 des Human Development Reports der Vereinten Nationen (UNDP). Mit diesem Barometer werden die Werte eines Landes in den Bereichen Gesundheit, Bildung und Lebensstandard gemessen. Neuerdings z\u00e4hlen auch der Aussto\u00df von klimasch\u00e4dlichem Kohlendioxid und der Rohstoffverbrauch.<\/p>\n\n\n\n<p>Noch haben diese zwei zus\u00e4tzlichen Indizes nicht die Spitzenposition des \u00f6lreichen Wohlfahrtsstaats beeintr\u00e4chtigt. Die Position Deutschlands belasten sie dagegen schon. Es ist in der Rangfolge vom vierten auf den sechsten Platz zur\u00fcckgefallen und rangiert jetzt hinter Norwegen, Irland, der Schweiz, Hongkong und Island.<\/p>\n\n\n\n<h2 class=\"wp-block-heading\">Tagesspiegel Background Energie &amp; Klima<\/h2>\n\n\n\n<p><img decoding=\"async\" src=\"https:\/\/www.tagesspiegel.de\/images\/ts_background_klima_energie_teil3\/23588774\/1-format90.jpg\" srcset=\"\/images\/ts_background_klima_energie_teil3\/23588774\/1-format90.jpg 120w, \/images\/ts_background_klima_energie_teil3\/23588774\/1-format501.jpg 250w\" alt=\"\"><\/p>\n\n\n\n<p>Kohleausstieg, Klimawandel, Sektorkopplung: Das Briefing f\u00fcr den Energie- und Klimasektor. F\u00fcr Entscheider &amp; Experten aus Wirtschaft, Politik, Verb\u00e4nden, Wissenschaft und NGO.<\/p>\n\n\n\n<p>Doch auch im Musterland Norwegen k\u00f6nnte sich etwas \u00e4ndern. Was da national gerade passiert ist, ber\u00fchrt viele&nbsp; Menschen, die sich wundreiben an der Frage, wie ein &nbsp;besserer Umwelt- und Klimaschutzes zu erreichen ist. &nbsp;<\/p>\n\n\n\n<p>Anders als die meisten L\u00e4nder garantiert der norwegische Staat in seiner Verfassung (Artikel 112) \u201ejedermann\u201c das Recht auf eine Umwelt, \u201edie der Gesundheit und einer nat\u00fcrlichen Umgebung f\u00f6rderlich\u201c ist. Wegen dieses Versprechens hatten schon 2016 vier Nichtregierungsorganisationen, unter ihnen Greenpeace, beim Obersten Gerichtshof in Oslo eine Klimaklage gegen die Lizenzvergabe f\u00fcr weitere \u00d6lbohrungen in der arktischen Barentssee eingereicht. Sie argumentierten, dass durch diese&nbsp;zus\u00e4tzliche \u00d6l- und Gassuche in der Arktis weder die Pariser Klimaziele einzuhalten seien, noch w\u00fcrden k\u00fcnftige Generationen gesch\u00fctzt<\/p>\n\n\n\n<p>Vor wenigen Tagen wurde die Klage mit elf zu vier Stimmen <a href=\"https:\/\/rsw.beck.de\/aktuell\/daily\/meldung\/detail\/greenpeace-verliert-klima-klage-gegen-norwegen\" target=\"_blank\" rel=\"noreferrer noopener\">abgelehnt<\/a>. Das Gericht erkannte keine Verfassungsverletzung, denn jedes Land sei nur f\u00fcr den eigenen sch\u00e4dlichen CO2-Aussto\u00df verantwortlich, und der werde durch die blo\u00dfe Lizenzerteilung zur F\u00f6rderung nicht wesentlich erh\u00f6ht. Die weltweiten Klimazieleh\u00e4tten damit nichts zu tun.<\/p>\n\n\n\n<hr class=\"wp-block-separator\"\/>\n\n\n\n<p>( Tipp von Ester )<\/p>\n","protected":false},"excerpt":{"rendered":"<p>( tagesspiegel, 26.12.20 , s. hier ) Verletzen \u00d6lbohrungen Menschenrechte? Nein, hat das Oberste Gericht in Oslo gesagt. Das entt\u00e4uscht Klimaaktivisten, ist aber dennoch richtig. Eine Kolumne. Barbara John Und wieder ist Norwegen das Land mit der h\u00f6chsten Lebensqualit\u00e4t weltweit. Das sagt der Jahresbericht 2020 des Human Development Reports der Vereinten Nationen (UNDP). Mit diesem &hellip; <a href=\"https:\/\/boklima.de\/?p=7032\" class=\"more-link\"><span class=\"screen-reader-text\">\u201eDie gescheiterte Klimaklage gegen Norwegen Das schwierige Grundrecht auf saubere Umwelt\u201c <\/span>weiterlesen<\/a><\/p>\n","protected":false},"author":8,"featured_media":0,"comment_status":"closed","ping_status":"closed","sticky":false,"template":"","format":"standard","meta":{"ngg_post_thumbnail":0,"footnotes":"","_share_on_mastodon":"0"},"categories":[157,104],"tags":[],"class_list":["post-7032","post","type-post","status-publish","format-standard","hentry","category-relevant-klimanews","category-oeffentlich-fuer-alle-site-besucher-lesbar"],"share_on_mastodon":{"url":"","error":""},"rttpg_featured_image_url":null,"rttpg_author":{"display_name":"thomas","author_link":"https:\/\/boklima.de\/?author=8"},"rttpg_comment":0,"rttpg_category":"<a href=\"https:\/\/boklima.de\/?cat=157\" rel=\"category\">relevant-KlimaNews<\/a> <a href=\"https:\/\/boklima.de\/?cat=104\" rel=\"category\">\u00f6ffentlich (f\u00fcr alle lesbar)<\/a>","rttpg_excerpt":"( tagesspiegel, 26.12.20 , s. hier ) Verletzen \u00d6lbohrungen Menschenrechte? Nein, hat das Oberste Gericht in Oslo gesagt. Das entt\u00e4uscht Klimaaktivisten, ist aber dennoch richtig. Eine Kolumne. Barbara John Und wieder ist Norwegen das Land mit der h\u00f6chsten Lebensqualit\u00e4t weltweit. Das sagt der Jahresbericht 2020 des Human Development Reports der Vereinten Nationen (UNDP). Mit diesem&hellip;","_links":{"self":[{"href":"https:\/\/boklima.de\/index.php?rest_route=\/wp\/v2\/posts\/7032","targetHints":{"allow":["GET"]}}],"collection":[{"href":"https:\/\/boklima.de\/index.php?rest_route=\/wp\/v2\/posts"}],"about":[{"href":"https:\/\/boklima.de\/index.php?rest_route=\/wp\/v2\/types\/post"}],"author":[{"embeddable":true,"href":"https:\/\/boklima.de\/index.php?rest_route=\/wp\/v2\/users\/8"}],"replies":[{"embeddable":true,"href":"https:\/\/boklima.de\/index.php?rest_route=%2Fwp%2Fv2%2Fcomments&post=7032"}],"version-history":[{"count":2,"href":"https:\/\/boklima.de\/index.php?rest_route=\/wp\/v2\/posts\/7032\/revisions"}],"predecessor-version":[{"id":7034,"href":"https:\/\/boklima.de\/index.php?rest_route=\/wp\/v2\/posts\/7032\/revisions\/7034"}],"wp:attachment":[{"href":"https:\/\/boklima.de\/index.php?rest_route=%2Fwp%2Fv2%2Fmedia&parent=7032"}],"wp:term":[{"taxonomy":"category","embeddable":true,"href":"https:\/\/boklima.de\/index.php?rest_route=%2Fwp%2Fv2%2Fcategories&post=7032"},{"taxonomy":"post_tag","embeddable":true,"href":"https:\/\/boklima.de\/index.php?rest_route=%2Fwp%2Fv2%2Ftags&post=7032"}],"curies":[{"name":"wp","href":"https:\/\/api.w.org\/{rel}","templated":true}]}}