{"id":6698,"date":"2020-10-27T12:49:44","date_gmt":"2020-10-27T11:49:44","guid":{"rendered":"https:\/\/boklima.de\/?p=6698"},"modified":"2020-10-30T12:08:11","modified_gmt":"2020-10-30T11:08:11","slug":"ringvorlesung-2020-transformation-unserer-welt-die-agenda-2030-fuer-nachhaltige-entwicklung","status":"publish","type":"post","link":"https:\/\/boklima.de\/?p=6698","title":{"rendered":"Ringvorlesung 2020 Transformation unserer Welt &#8211; Die Agenda 2030 f\u00fcr nachhaltige Entwicklung"},"content":{"rendered":"\n<p>( Von engagemanet global : <a href=\"https:\/\/www.engagement-global.de\/vorlesungsreihe-agenda-2030.html\" target=\"_blank\" rel=\"noreferrer noopener\">https:\/\/www.engagement-global.de\/vorlesungsreihe-agenda-2030.html<\/a> )<\/p>\n\n\n\n<p>( <strong>Veranstaltet<\/strong> von : Deutsche Gesellschaft f\u00fcr Internationale Zusammenarbeit (GIZ) GmbH , Engagement Global gGmbH , Freie Universit\u00e4t Berlin )<\/p>\n\n\n\n<p>( <a href=\"https:\/\/boklima.de\/wp-content\/uploads\/2020\/10\/201027-programm-ringvorlesung-agenda2030.pdf\" target=\"_blank\" rel=\"noreferrer noopener\">PDF &#8211; Flyer<\/a> )<\/p>\n\n\n\n<p>Welche Rolle spielt nachhaltige Mobilit\u00e4t in der Erreichung der SDG? An sechs Abenden stellen Expertinnen und Experten aus Wissenschaft, Politik, Zivilgesellschaft und Entwicklungszusammenarbeit ihre Ans\u00e4tze und Sichtweisen zur Umsetzung der globalen Nachhaltigkeitsziele mit dem Schwerpunkt der nachhaltigen Mobilit\u00e4t vor.<\/p>\n\n\n\n<h2 class=\"wp-block-heading\"><span class=\"ez-toc-section\" id=\"Ueber_die_Agenda_2030_und_die_Ringvorlesung\"><\/span>\u00dcber die Agenda 2030 und die Ringvorlesung<span class=\"ez-toc-section-end\"><\/span><\/h2>\n\n\n\n<p>Im September 2015 hat die internationale Staatengemeinschaft in New York die Agenda 2030 f\u00fcr nachhaltige Entwicklung verabschiedet. Sie enth\u00e4lt 17 ambitionierte Ziele f\u00fcr nachhaltige Entwicklung (Sustainable Development Goals, SDG), die unteilbar sind und einander bedingen. Die SDG richten sich an alle Staaten dieser Welt und ber\u00fccksichtigen alle drei Dimensionen der Nachhaltigkeit: Soziales, Umwelt und Wirtschaft.<\/p>\n\n\n\n<p>In welcher Form die Agenda 2030 mit Leben gef\u00fcllt und die Ziele in die Praxis umgesetzt werden k\u00f6nnen, ist Leitthema der j\u00e4hrlich stattfindenden Ringvorlesung \u201eTransformation unserer Welt \u2013 Die Agenda 2030 f\u00fcr nachhaltige Entwicklung\u201c. An sechs Abenden stellen Expertinnen und Experten aus Wirtschaft, Wissenschaft, Politik, Zivilgesellschaft und Entwicklungszusammenarbeit ihre Perspektiven zu einem Teilaspekt der Agenda 2030 vor. Die digitale Ringvorlesung 2020 widmet sich dem Thema \u201enachhaltige Mobilit\u00e4t\u201c. Sie ist eine Kooperation zwischen der Deutschen Gesellschaft f\u00fcr Internationale Zusammenarbeit (GIZ), Engagement Global, der Nachhaltigkeitsinitiative SUSTAIN IT! und der Stabstelle Nachhaltigkeit und Energie der Freien Universit\u00e4t (FU).<\/p>\n\n\n\n<h2 class=\"wp-block-heading\"><span class=\"ez-toc-section\" id=\"Ringvorlesung_2020_Nimmt_nachhaltige_Mobilitaet_endlich_Fahrt_auf\"><\/span>Ringvorlesung 2020: Nimmt nachhaltige Mobilit\u00e4t endlich Fahrt auf?<span class=\"ez-toc-section-end\"><\/span><\/h2>\n\n\n\n<p>Unterwegs zu sein spielt eine zentrale Rolle in Gesellschaften weltweit, oftmals auch als Ausdruck von Lebensqualit\u00e4t. Die Globalisierung ist ohne weltweite Mobilit\u00e4t von Waren, Menschen, Dienstleistungen und Str\u00f6men aller Art nicht zu denken. Die Kehrseite: In der Summe verschlingt diese Mobilit\u00e4t massenhaft endliche Ressourcen, und ihre Emissionen belasten Klima, Luftqualit\u00e4t und Gesundheit. Spezielle Formen der Mobilit\u00e4t, beispielsweise die digitale, k\u00f6nnte wiederum zu einer Reduktion des Ressourcenverbrauchs beitragen. Die Ringvorlesung 2020 widmet sich diesem Themenkomplex und beleuchtet Chancen und Herausforderungen f\u00fcr eine nachhaltige Mobilit\u00e4t der Zukunft.<\/p>\n\n\n\n<p>F\u00fcr eine globale nachhaltige Entwicklung ist der Einfluss von Mobilit\u00e4t bereits heute weitreichend. Angesichts einer rasant wachsenden und immer mobiler werdenden Weltbev\u00f6lkerung wird er noch massiv zunehmen. In einem industrialisierten Land wie Deutschland betr\u00e4gt der Anteil der CO2-Emmissionen durch Verkehr rund 20 Prozent. Wie l\u00e4sst sich vermeiden, dass die global wachsende Mobilit\u00e4t immer gr\u00f6\u00dfere Sch\u00e4den an Umwelt und Natur anrichtet? Neben \u00f6kologischen Nachhaltigkeitsfragen geht es auch um soziale und wirtschaftliche Aspekte: Immer h\u00e4ufiger ist Mobilit\u00e4t auch Voraussetzung f\u00fcr Entwicklungs- und Gleichheitschancen, und in Deutschland beispielsweise ist sie ein Motor f\u00fcr wirtschaftliches Wachstum.<\/p>\n\n\n\n<p>Mit Blick auf die Agenda 2030 weist das Thema der Mobilit\u00e4t wichtige Schnittstellen mit praktisch allen 17 Zielen auf. Ob Gesundheit und Wohlergehen (Ziel 3), hochwertige Bildung (Ziel 4), Industrie, Innovation und Infrastruktur<br>(Ziel 9), weniger Ungleichheit (Ziel 10), nachhaltige St\u00e4dte und Gemeinden (Ziel 11), oder auch nachhaltige Konsum- und Produktionsmuster (Ziel 12): Sie alle sind eng mit Fragen der Mobilit\u00e4t verkn\u00fcpft.<\/p>\n\n\n\n<p>Welche konkreten Ans\u00e4tze gibt es bereits und welche gilt es noch zu entwickeln, damit die Mobilit\u00e4t der Zukunft zur Erreichung der Nachhaltigkeitsziele beitragen kann? Diesen und weiteren Fragen gehen wir zusammen mit unseren G\u00e4sten auf den Grund. Die Referierenden senden live aus der GIZ-Repr\u00e4sentanz Berlin. Sie beleuchten in Kurzvortr\u00e4gen das Thema aus theoretischer und praktischer Perspektive und stehen danach in einem moderierten Gespr\u00e4ch f\u00fcr Anregungen und Fragen des digital zugeschalteten Publikums zur Verf\u00fcgung.<\/p>\n\n\n\n<p>Wir laden Sie herzlich ein, sich einzuschalten und mitzudiskutieren, wenn es um \u00f6kologische, st\u00e4dtische, soziale und \u00f6konomische Aspekte von Mobilit\u00e4t geht.<\/p>\n\n\n\n<p><strong>Veranstalter<\/strong><\/p>\n\n\n\n<ul class=\"wp-block-list\"><li>Deutsche Gesellschaft f\u00fcr Internationale Zusammenarbeit (GIZ) GmbH<\/li><li>Engagement Global gGmbH<\/li><li>Freie Universit\u00e4t Berlin (Stabsstelle Nachhaltigkeit &amp; Energie zusammen mit der SUSTAIN IT!-Initiative f\u00fcr Nachhaltigkeit &amp; Klimaschutz)<\/li><\/ul>\n\n\n\n<p><strong>Veranstaltungsort<\/strong><br>Online-\u00dcbertragung aus dem GIZ Haus Berlin<\/p>\n\n\n\n<p><strong>Anmeldung<\/strong><br>Unsere Referentinnen und Referenten geben live aus der GIZ-Repr\u00e4sentanz Berlin einen inhaltlichen Impuls und gehen danach in ein moderiertes Gespr\u00e4ch \u00fcber. Die Anregungen und Fragen des digital zugeschalteten Publikums flie\u00dfen in die Diskussion mit ein. Die Teilnahme an der digitalen Veranstaltung ist \u00f6ffentlich und kostenfrei.<\/p>\n\n\n\n<p>Eine Teilnahme ist nur mit vorhergehender Anmeldung \u00fcber diese Webseite m\u00f6glich. Anmeldeschluss ist jeweils sp\u00e4testens der Sonntagabend vor der Veranstaltung. Eine \u00dcbersicht \u00fcber alle Veranstaltungen finden Sie unten.<\/p>\n\n\n\n<p><strong>Zeit<\/strong><br>Die Veranstaltungen beginnen um 18 Uhr und enden um 19:30 Uhr. Alle Veranstaltungen werden digital aus dem GIZ Haus Berlin \u00fcbertragen.<\/p>\n\n\n\n<h2 class=\"wp-block-heading\"><span class=\"ez-toc-section\" id=\"ANSTEHENDE_TERMINE\"><\/span>ANSTEHENDE TERMINE<span class=\"ez-toc-section-end\"><\/span><\/h2>\n\n\n\n<p>02 Nov <a href=\"javascript:;\">Ringvorlesung 2020 &#8211; Auftaktveranstaltung: Nachhaltige Mobilit\u00e4t politisch gestalten&#8230;<\/a><\/p>\n\n\n\n<p>Montag, 2. November 2020 | Offene Veranstaltung | Online 09 Nov <a href=\"javascript:;\">Ringvorlesung 2020 &#8211; Und wer soll das bezahlen? Die \u00f6konomische Dimension von nachhal&#8230;<\/a><\/p>\n\n\n\n<p>Montag, 9. November 2020 | Offene Veranstaltung | Online<\/p>\n\n\n\n<h3 class=\"wp-block-heading\"><span class=\"ez-toc-section\" id=\"Ringvorlesung_2020_%E2%80%93_Und_wer_soll_das_bezahlen_Die_oekonomische_Dimension_von_nachhaltiger_Mobilitaet\"><\/span>Ringvorlesung 2020 &#8211; Und wer soll das bezahlen? Die \u00f6konomische Dimension von nachhaltiger Mobilit\u00e4t<span class=\"ez-toc-section-end\"><\/span><\/h3>\n\n\n\n<p>Montag, 9. November 2020 | Offene Veranstaltung | Online Und wer soll das bezahlen? Die \u00f6konomische Dimension von nachhaltiger Mobilit\u00e4t<\/p>\n\n\n\n<p><a href=\"https:\/\/www.engagement-global.de\/veranstaltung-detail\/ringvorlesung-2020-und-wer-soll-das-bezahlen-die-%C3%B6konomische-dimension-von-nachhaltiger-mobilit%C3%A4t.html\">Mehr Information<\/a> 16 Nov <a href=\"javascript:;\">Ringvorlesung 2020 &#8211; Wege zu einer klimaneutralen Mobilit\u00e4t<\/a><\/p>\n\n\n\n<p>Montag, 16. November 2020 | Offene Veranstaltung | Online 23 Nov <a href=\"javascript:;\">Ringvorlesung 2020 &#8211; Global gedacht, lokal gehandelt? Urbane Mobilit\u00e4t in Berlin<\/a><\/p>\n\n\n\n<p>Montag, 23. November 2020 | Offene Veranstaltung | Online 30 Nov <a href=\"javascript:;\">Ringvorlesung 2020 &#8211; Eine mobile Zukunft mit weniger Verkehr?<\/a><\/p>\n\n\n\n<p>Montag, 30. November 2020 | Offene Veranstaltung | Online 07 Dez <a href=\"javascript:;\">Ringvorlesung 2020 &#8211; \u201eLeave no one behind\u201c \u2013 Wie m\u00fcssen nachhaltige Mobilit\u00e4tskonzept&#8230;<\/a><\/p>\n\n\n\n<p>Montag, 7. Dezember 2020 | Offene Veranstaltung | Online<\/p>\n\n\n\n<h2 class=\"wp-block-heading\"><span class=\"ez-toc-section\" id=\"Ansprechperson\"><\/span>Ansprechperson<span class=\"ez-toc-section-end\"><\/span><\/h2>\n\n\n\n<p><strong>Jana Beuker<\/strong><br>Telefon: +49 30 254 82-815<br><a href=\"mailto:claudia.trippe@engagement-global.de%20\" target=\"_blank\" rel=\"noreferrer noopener\">jana.beuker@engagement-global.de<\/a><\/p>\n<div id=\"ez-toc-container\" class=\"ez-toc-v2_0_82_2 counter-hierarchy ez-toc-counter ez-toc-transparent ez-toc-container-direction\">\n<div class=\"ez-toc-title-container\">\n<p class=\"ez-toc-title\" style=\"cursor:inherit\">Inhalte dieser Seite :<\/p>\n<span class=\"ez-toc-title-toggle\"><a href=\"#\" class=\"ez-toc-pull-right ez-toc-btn ez-toc-btn-xs ez-toc-btn-default ez-toc-toggle\" aria-label=\"Toggle Table of Content\"><span class=\"ez-toc-js-icon-con\"><span class=\"\"><span class=\"eztoc-hide\" style=\"display:none;\">Toggle<\/span><span class=\"ez-toc-icon-toggle-span\"><svg style=\"fill: #999;color:#999\" xmlns=\"http:\/\/www.w3.org\/2000\/svg\" class=\"list-377408\" width=\"20px\" height=\"20px\" viewBox=\"0 0 24 24\" fill=\"none\"><path d=\"M6 6H4v2h2V6zm14 0H8v2h12V6zM4 11h2v2H4v-2zm16 0H8v2h12v-2zM4 16h2v2H4v-2zm16 0H8v2h12v-2z\" fill=\"currentColor\"><\/path><\/svg><svg style=\"fill: #999;color:#999\" class=\"arrow-unsorted-368013\" xmlns=\"http:\/\/www.w3.org\/2000\/svg\" width=\"10px\" height=\"10px\" viewBox=\"0 0 24 24\" version=\"1.2\" baseProfile=\"tiny\"><path d=\"M18.2 9.3l-6.2-6.3-6.2 6.3c-.2.2-.3.4-.3.7s.1.5.3.7c.2.2.4.3.7.3h11c.3 0 .5-.1.7-.3.2-.2.3-.5.3-.7s-.1-.5-.3-.7zM5.8 14.7l6.2 6.3 6.2-6.3c.2-.2.3-.5.3-.7s-.1-.5-.3-.7c-.2-.2-.4-.3-.7-.3h-11c-.3 0-.5.1-.7.3-.2.2-.3.5-.3.7s.1.5.3.7z\"\/><\/svg><\/span><\/span><\/span><\/a><\/span><\/div>\n<nav><ul class='ez-toc-list ez-toc-list-level-1 eztoc-toggle-hide-by-default' ><li class='ez-toc-page-1 ez-toc-heading-level-2'><a class=\"ez-toc-link ez-toc-heading-1\" href=\"https:\/\/boklima.de\/?p=6698\/#Ueber_die_Agenda_2030_und_die_Ringvorlesung\" >\u00dcber die Agenda 2030 und die Ringvorlesung<\/a><\/li><li class='ez-toc-page-1 ez-toc-heading-level-2'><a class=\"ez-toc-link ez-toc-heading-2\" href=\"https:\/\/boklima.de\/?p=6698\/#Ringvorlesung_2020_Nimmt_nachhaltige_Mobilitaet_endlich_Fahrt_auf\" >Ringvorlesung 2020: Nimmt nachhaltige Mobilit\u00e4t endlich Fahrt auf?<\/a><\/li><li class='ez-toc-page-1 ez-toc-heading-level-2'><a class=\"ez-toc-link ez-toc-heading-3\" href=\"https:\/\/boklima.de\/?p=6698\/#ANSTEHENDE_TERMINE\" >ANSTEHENDE TERMINE<\/a><ul class='ez-toc-list-level-3' ><li class='ez-toc-heading-level-3'><a class=\"ez-toc-link ez-toc-heading-4\" href=\"https:\/\/boklima.de\/?p=6698\/#Ringvorlesung_2020_%E2%80%93_Und_wer_soll_das_bezahlen_Die_oekonomische_Dimension_von_nachhaltiger_Mobilitaet\" >Ringvorlesung 2020 &#8211; Und wer soll das bezahlen? Die \u00f6konomische Dimension von nachhaltiger Mobilit\u00e4t<\/a><\/li><\/ul><\/li><li class='ez-toc-page-1 ez-toc-heading-level-2'><a class=\"ez-toc-link ez-toc-heading-5\" href=\"https:\/\/boklima.de\/?p=6698\/#Ansprechperson\" >Ansprechperson<\/a><\/li><\/ul><\/nav><\/div>\n","protected":false},"excerpt":{"rendered":"<p>( Von engagemanet global : https:\/\/www.engagement-global.de\/vorlesungsreihe-agenda-2030.html ) ( Veranstaltet von : Deutsche Gesellschaft f\u00fcr Internationale Zusammenarbeit (GIZ) GmbH , Engagement Global gGmbH , Freie Universit\u00e4t Berlin ) ( PDF &#8211; Flyer ) Welche Rolle spielt nachhaltige Mobilit\u00e4t in der Erreichung der SDG? An sechs Abenden stellen Expertinnen und Experten aus Wissenschaft, Politik, Zivilgesellschaft und Entwicklungszusammenarbeit &hellip; <a href=\"https:\/\/boklima.de\/?p=6698\" class=\"more-link\"><span class=\"screen-reader-text\">\u201eRingvorlesung 2020 Transformation unserer Welt &#8211; Die Agenda 2030 f\u00fcr nachhaltige Entwicklung\u201c <\/span>weiterlesen<\/a><\/p>\n","protected":false},"author":8,"featured_media":0,"comment_status":"closed","ping_status":"closed","sticky":false,"template":"","format":"standard","meta":{"ngg_post_thumbnail":0,"footnotes":"","_share_on_mastodon":"0"},"categories":[157,104],"tags":[],"class_list":["post-6698","post","type-post","status-publish","format-standard","hentry","category-relevant-klimanews","category-oeffentlich-fuer-alle-site-besucher-lesbar"],"share_on_mastodon":{"url":"","error":""},"rttpg_featured_image_url":null,"rttpg_author":{"display_name":"thomas","author_link":"https:\/\/boklima.de\/?author=8"},"rttpg_comment":0,"rttpg_category":"<a href=\"https:\/\/boklima.de\/?cat=157\" rel=\"category\">relevant-KlimaNews<\/a> <a href=\"https:\/\/boklima.de\/?cat=104\" rel=\"category\">\u00f6ffentlich (f\u00fcr alle lesbar)<\/a>","rttpg_excerpt":"( Von engagemanet global : https:\/\/www.engagement-global.de\/vorlesungsreihe-agenda-2030.html ) ( Veranstaltet von : Deutsche Gesellschaft f\u00fcr Internationale Zusammenarbeit (GIZ) GmbH , Engagement Global gGmbH , Freie Universit\u00e4t Berlin ) ( PDF &#8211; Flyer ) Welche Rolle spielt nachhaltige Mobilit\u00e4t in der Erreichung der SDG? An sechs Abenden stellen Expertinnen und Experten aus Wissenschaft, Politik, Zivilgesellschaft und Entwicklungszusammenarbeit&hellip;","_links":{"self":[{"href":"https:\/\/boklima.de\/index.php?rest_route=\/wp\/v2\/posts\/6698","targetHints":{"allow":["GET"]}}],"collection":[{"href":"https:\/\/boklima.de\/index.php?rest_route=\/wp\/v2\/posts"}],"about":[{"href":"https:\/\/boklima.de\/index.php?rest_route=\/wp\/v2\/types\/post"}],"author":[{"embeddable":true,"href":"https:\/\/boklima.de\/index.php?rest_route=\/wp\/v2\/users\/8"}],"replies":[{"embeddable":true,"href":"https:\/\/boklima.de\/index.php?rest_route=%2Fwp%2Fv2%2Fcomments&post=6698"}],"version-history":[{"count":2,"href":"https:\/\/boklima.de\/index.php?rest_route=\/wp\/v2\/posts\/6698\/revisions"}],"predecessor-version":[{"id":6710,"href":"https:\/\/boklima.de\/index.php?rest_route=\/wp\/v2\/posts\/6698\/revisions\/6710"}],"wp:attachment":[{"href":"https:\/\/boklima.de\/index.php?rest_route=%2Fwp%2Fv2%2Fmedia&parent=6698"}],"wp:term":[{"taxonomy":"category","embeddable":true,"href":"https:\/\/boklima.de\/index.php?rest_route=%2Fwp%2Fv2%2Fcategories&post=6698"},{"taxonomy":"post_tag","embeddable":true,"href":"https:\/\/boklima.de\/index.php?rest_route=%2Fwp%2Fv2%2Ftags&post=6698"}],"curies":[{"name":"wp","href":"https:\/\/api.w.org\/{rel}","templated":true}]}}