{"id":6663,"date":"2020-10-21T23:21:51","date_gmt":"2020-10-21T21:21:51","guid":{"rendered":"https:\/\/boklima.de\/?p=6663"},"modified":"2020-10-21T23:53:57","modified_gmt":"2020-10-21T21:53:57","slug":"telko-boklima-plenum-21-10-2020-18h-mitschrift-mitschnitt","status":"publish","type":"post","link":"https:\/\/boklima.de\/?p=6663","title":{"rendered":"Telko BoKlima Plenum 21.10.2020 , 18h &#8212; Mitschrift \/ MitSchnitt"},"content":{"rendered":"\n<h1 class=\"wp-block-heading\"><span class=\"ez-toc-section\" id=\"i\"><\/span>========================<span class=\"ez-toc-section-end\"><\/span><\/h1>\n\n\n\n<h2 class=\"wp-block-heading\"><span class=\"ez-toc-section\" id=\"Einwahl_Kommunikationsdaten\"><\/span>Einwahl \/ Kommunikationsdaten :<span class=\"ez-toc-section-end\"><\/span><\/h2>\n\n\n\n<ul class=\"wp-block-list\"><li>Dieses Pad : <a href=\"https:\/\/yopad.eu\/p\/201021-BoKlima-Plenum\">https:\/\/yopad.eu\/p\/201021-BoKlima-Plenum<\/a><ul><li>Bitte oben rechts in den Teilnhemern Eure Farbe zum Namen zuordnen\u00a0<\/li><\/ul><\/li><li>Telefon :\u00a0 Einwahl : 089 \/ 943 999 55 , Raum 786821\u00a0\u00a0 #<\/li><li>Zur Not Jitsi\u00a0 (als Video-Schnittstelle \/ Screensharung) : ja bitte und willkommen im 2100 Jahrhundert [Christian S4F Bochum]; P. S. Niemand ist gezwungen die Kamera einzuschalten. Einfach per Browser ohne Anmeldung irgendwo teilnehmen oder die App installieren (<a href=\"https:\/\/f-droid.org\/packages\/org.jitsi.meet)\">https:\/\/f-droid.org\/packages\/org.jitsi.meet)<\/a>, Link\/Raum eingeben und teilnehmen. :\u00a0<ul><li>ok hier ein Jitsi Raum : <a href=\"https:\/\/meet.bochum.de\/BoKlima-Treffs\">https:\/\/meet.bochum.de\/BoKlima-Treffs<\/a>\u00a0 (<strong><u>als Ton-Medium bleibt die Telko !<\/u><\/strong>)<\/li><\/ul><\/li><\/ul>\n\n\n\n<p>&#8212;&#8212;&#8211;<\/p>\n\n\n\n<h2 class=\"wp-block-heading\"><span class=\"ez-toc-section\" id=\"TagesOrdnung_%E2%80%93_mit_InlineProtokoll\"><\/span>TagesOrdnung &#8211; mit Inline&#8217;Protokoll&#8217;<span class=\"ez-toc-section-end\"><\/span><\/h2>\n\n\n\n<p>zunaechst noch bei BoKlima.de als Entwurf : <a href=\"https:\/\/boklima.de\/?p=6635\">https:\/\/boklima.de\/?p=6635<\/a><\/p>\n\n\n\n<ol class=\"wp-block-list\"><li><strong>Begr\u00fc\u00dfung<\/strong> insbesondere neuer Mitstreiter*Innen<\/li><li><strong>ORGA<\/strong> :<ol><li>Einwahl : 089 \/ 943 999 55 , Raum 786821&nbsp;&nbsp; #<\/li><li>pad : <a href=\"https:\/\/yopad.eu\/p\/201021-BoKlima-Plenum\">https:\/\/yopad.eu\/p\/201021-BoKlima-Plenum<\/a><\/li><li><strong>Tagesordnung<\/strong>&nbsp;<\/li><li><strong>Protokoll <\/strong>(im PAD) :&nbsp; &#8220;ALLE&#8221;<\/li><\/ol><\/li><li><strong>Wahl-Nachlese \u2013<\/strong>\u2013 Schlussfolgerungen f\u00fcr BoKlima&nbsp;<ol><li>Koalitionsverandlungen \u2014 Gespraech mit den Grunen (Ingo)&nbsp; Ingo: <ol><li><em>Tag der Initiativen bei den GR\u00dcNEN am 28.10.2020. Es kommen BmH und KlimaWendeVonUnten. M\u00f6glichkeit f\u00fcr ein weiteres Meeting, eventuell mit BoKlima, um 13 h oder 19 h &#8211; M\u00f6gliche Themen von BoKlima:&nbsp;<\/em><\/li><li><em>a) Fragen: welche Umweltthemen m\u00f6chten die G umsetzen und brauchen \u00f6ffentliche Unterst\u00fctzung?&nbsp;<\/em><\/li><li><em>b) Haus des Wissens &#8211; Wissen zu Umwelt und Klimafragen&#8230;&nbsp;&nbsp;<\/em><\/li><li><em>c) \u00d6ffentlicher Nahverkehr &#8211; autofreie Siedlungen?<\/em><\/li><li><em>d) Verbot Steing\u00e4rten?<\/em><\/li><li><em>&lt;&lt;&lt; weitere Infos bitte bis WE 25.10 an boklima@boklima.de&gt;&gt;&gt;<\/em><\/li><\/ol><\/li><li>Tagesordnung n\u00e4chste Ratssitzung (alter Rat: 29.10) (neuer Rat Nov) \u2013 Reaktionen BoKlima?<ol><li>&gt;&gt;&gt; keine Einfluss moeglichlkeit<\/li><\/ol><\/li><\/ol><\/li><li><strong>Akteursforum Stadt<\/strong> (Thomas)<\/li><li><strong>Kurzberichte<\/strong> der Netzwerktreffen , Kampagnen und Unterst\u00fctzer*innen , AG\u2019s<\/li><li><strong>Bericht vom Netzwerk-Plenu<\/strong>m \u2013 Treff 15.10 ???<ol><li>ziel nachhaltigkeitsb\u00fcndnis&nbsp;<\/li><li>boklima konzentriert auf klimaschutz<\/li><li>Bochum Muss Handeln: Stand und weiteres Vorgehen, Kampagnen, Reaktionen? Perspektiven?<br>&nbsp;&nbsp;&nbsp;<em>&nbsp;&nbsp;&nbsp;&nbsp;&nbsp; Niemand anwesend, f\u00e4llt aus<\/em><\/li><\/ol><\/li><li><strong>weitere AG\u2019s <\/strong>\/ Unterstuetzer \u2013 KlimaWende \u2026<\/li><li>Straffung und Entr\u00fcmpelung AG Struktur \/ AG\u2019s bereinigen<\/li><li><strong>Regelm\u00e4\u00dfige TO Checks , Aussch\u00fcsse und Rat<\/strong><ol><li>Ziel -&gt; Schwerpunktsetzungen BoKlima -&gt; Presseresonanz verbessern<\/li><li>WER \/ Wie Oft \/ eigene Blog Liste vs Seite<\/li><\/ol><\/li><li><strong>Einf\u00fchrung von Video Konferenzen<\/strong> (Stefan)<\/li><li><strong>Arbeitsschwerpunkte \/ Arbeitsprinzip BoKlima<\/strong>:&nbsp;&nbsp;&nbsp; f\u00fcr ausgew\u00e4hlte konkrete Baustellen \/ Planungen \/ Situationen allgemeine Prinzipien des Klimaschutzes fordern und nach halten<\/li><li><strong>konkrete Aktivit\u00e4ten \/ Aktionen<\/strong><ol><li>Vorgartenpreis , KOOP-Partner (neu)<\/li><li>B\u00e4ume am Friedhof NS7 (OstPark ) noch rettbar ??<\/li><li>Offene Briefe \/ <strong>Klimanotstandsbriefe<\/strong><ol><li>Haus des Wissens , \u00d6PNV , Markthalle nachhaken<\/li><li>Aktionsform beibehalten? Weitere Themen? Was weiterverfolgen?<\/li><\/ol><\/li><li>GLS &#8211; Kontakt machen<\/li><li>neue ?<\/li><li>Silberne Zitrone f\u00fcr Steing\u00e4rten Zusammen mit GLS ??<\/li><li>Film Projekt (PIT)<\/li><\/ol><\/li><li><strong>Verzettelung der Initiativen<\/strong>&nbsp;&nbsp; Ansatzpunkte dem entgegenzuwirken<\/li><li><strong>Verschiedenes<\/strong><\/li><\/ol>\n\n\n\n<ol class=\"wp-block-list\"><li>Sammlung klimarelevanter News \u2014 Darstellung auf BoKlima \/ Kopy vs Verlinkung<\/li><\/ol>\n\n\n\n<ol class=\"wp-block-list\" start=\"2\"><li>\u2026<\/li><\/ol>\n\n\n\n<ol class=\"wp-block-list\" start=\"3\"><li>M\u00fcllsammelaktion 2021&nbsp;&nbsp;&nbsp; mein Name ist Frederic d&#8217;Arachart und bin Mitglied der BUNDjugend Bochum. Wir und einige andere Organisationen planen n\u00e4chstes Jahr am 16 Januar eine ruhrgebietweite M\u00fcllsammelaktion durchzuf\u00fchren. Dazu ben\u00f6tigen wir noch tatkr\u00e4ftige Unterst\u00fctzer*innen die &#8220;mitputzen&#8221; wollen und wollten fragen, ob sie daran Interesse h\u00e4tten.&nbsp;&nbsp;&nbsp; Frederic<\/li><\/ol>\n\n\n\n<ol class=\"wp-block-list\" start=\"7\"><li>xx<\/li><\/ol>\n\n\n\n<ol class=\"wp-block-list\" start=\"8\"><li>x<\/li><\/ol>\n\n\n\n<h2 class=\"wp-block-heading\"><span class=\"ez-toc-section\" id=\"RedeListe_RedeWuensche\"><\/span>RedeListe \/ RedeWuensche<span class=\"ez-toc-section-end\"><\/span><\/h2>\n\n\n\n<ul class=\"wp-block-list\"><li>xxx<\/li><\/ul>\n\n\n\n<h2 class=\"wp-block-heading\"><span class=\"ez-toc-section\" id=\"Teilnehmer\"><\/span>Teilnehmer&nbsp;<span class=\"ez-toc-section-end\"><\/span><\/h2>\n\n\n\n<ul class=\"wp-block-list\"><li>Marie , ingo , stefan , brigitte , thomas<\/li><\/ul>\n\n\n\n<h2 class=\"wp-block-heading\"><span class=\"ez-toc-section\" id=\"Protokoll_Stichpunkte_Absprachen\"><\/span>Protokoll \/ Stichpunkte \/ Absprachen<span class=\"ez-toc-section-end\"><\/span><\/h2>\n\n\n\n<ol class=\"wp-block-list\"><li>MI 28.10 Tag der Inis bei den Gruenen&nbsp;<\/li><\/ol>\n\n\n\n<ol class=\"wp-block-list\" start=\"2\"><li>xx<\/li><\/ol>\n\n\n\n<ol class=\"wp-block-list\" start=\"3\"><li>xx<\/li><\/ol>\n\n\n\n<p>&#8212;&#8212;&#8212;&#8212;&#8212;&#8212;&#8212;&#8212;&#8212;&#8212;&#8212;&#8212;&#8212;&#8212;&#8212;&#8212;&#8212;&#8212;&#8212;&#8212;&#8212;&#8212;&#8212;&#8212;&#8212;<br>Aus Davids Mail von heute 14:03 zum Treffen mit den Gr\u00fcnen:<br>Zum Treffen mit den Gr\u00fcnen am 28.10. im Rahmen der Bochum muss Handeln Initiative:&nbsp;&nbsp;&nbsp;&nbsp;&nbsp;&nbsp;&nbsp;&nbsp;&nbsp;&nbsp;&nbsp;&nbsp;&nbsp;&nbsp;&nbsp;&nbsp;&nbsp;&nbsp;&nbsp;&nbsp;&nbsp;&nbsp;&nbsp;&nbsp;&nbsp;<\/p>\n\n\n\n<p>&nbsp;Wir (Fabian Sch\u00e4fer und ich) fokussieren uns im Gespr\u00e4ch darauf anhand der 37 Forderungen und des&nbsp; Impulspapiers wichtige Punkte anzusprechen und Vertrauen aufzubauen:&nbsp;&nbsp;&nbsp;&nbsp;&nbsp;&nbsp;&nbsp;&nbsp;&nbsp;&nbsp;&nbsp;&nbsp;&nbsp;&nbsp;<\/p>\n\n\n\n<ul class=\"wp-block-list\"><li>&#8211;&nbsp;&nbsp;&nbsp;&nbsp;&nbsp;&nbsp;&nbsp;&nbsp;&nbsp; Mehr Transparenz und besseres Monitoring der Bochumer Situation&nbsp;&nbsp;&nbsp;&nbsp;&nbsp;&nbsp;&nbsp;&nbsp;&nbsp;&nbsp;&nbsp;<\/li><li>&#8211;&nbsp;&nbsp;&nbsp;&nbsp;&nbsp;&nbsp;&nbsp;&nbsp;&nbsp; PV\/Gr\u00fcndach Initiative&nbsp;&nbsp;&nbsp;&nbsp;&nbsp;&nbsp;&nbsp;&nbsp;&nbsp;&nbsp;&nbsp;&nbsp;&nbsp;&nbsp;&nbsp;&nbsp;&nbsp;&nbsp;&nbsp;&nbsp;&nbsp;&nbsp;&nbsp;&nbsp;&nbsp;&nbsp;&nbsp;<\/li><li>&#8211;&nbsp;&nbsp;&nbsp;&nbsp;&nbsp;&nbsp;&nbsp;&nbsp;&nbsp; Neuer Klima-\/Nachhaltigkeitsbeirat&nbsp;&nbsp;&nbsp;&nbsp;&nbsp;<\/li><li>&#8211;&nbsp;&nbsp;&nbsp;&nbsp;&nbsp;&nbsp;&nbsp;&nbsp;&nbsp; Institut\/Zentrum f\u00fcr Nachhaltigkeit&nbsp;&nbsp;&nbsp;&nbsp;&nbsp;&nbsp;<\/li><\/ul>\n\n\n\n<p>Gebt das gerne so in heute in die BoKlima Runde und \u00fcberlegt, was noch wichtig w\u00e4re denen mitzuteilen und&nbsp; welche Schwerpunkte f\u00fcr Euch Priorit\u00e4t haben. Wir versuchen das dann gesammelt n\u00e4chste Woche Mittwoch so&nbsp; weiterzugeben.<\/p>\n\n\n\n<h1 class=\"wp-block-heading\"><span class=\"ez-toc-section\" id=\"i-2\"><\/span>=====================<span class=\"ez-toc-section-end\"><\/span><\/h1>\n\n\n\n<p>Willkommen im Etherpad!<br>Dieses Pad synchronisiert sich laufend: Alle, die diese Seite aufgerufen haben, sehen auch denselben Text und alle Ver\u00e4nderungen.<br>Euren Chatnamen k\u00f6nnt ihr oben rechts festlegen. Bitte beachtet, dass Pads immer \u00f6ffentlich sichtbar sind. Daher sollten keine personenbezogenen oder vertraulichen Inhalte eingestellt werden. Alte Versionen k\u00f6nnen \u00fcber das Uhr-Symbol wieder hergestellt werden. Bei Problemen k\u00f6nnt ihr euch wenden an: digital@dbjr.de<br>Etherpad ist Open-Source-Software \u2013 <a href=\"https:\/\/etherpad.org\">https:\/\/etherpad.org<\/a><br>&#8211; &#8211; &#8211;<br>Welcome to Etherpad!<br>This pad text is synchronized as you type, so that everyone viewing this page sees the same text and all editing.<br>You may change your chat name on top right. Please bear in mind that every pad is public. Therefore no private or confidential information should be made accessible. Rolling back to previous versions is possible via the clock icon. If you encounter any problems, feel free to contact us at: digital@dbjr.de<br>Etherpad is open source software \u2013 <a href=\"https:\/\/etherpad.org\">https:\/\/etherpad.org<\/a><\/p>\n<div id=\"ez-toc-container\" class=\"ez-toc-v2_0_82_2 counter-hierarchy ez-toc-counter ez-toc-transparent ez-toc-container-direction\">\n<div class=\"ez-toc-title-container\">\n<p class=\"ez-toc-title\" style=\"cursor:inherit\">Inhalte dieser Seite :<\/p>\n<span class=\"ez-toc-title-toggle\"><a href=\"#\" class=\"ez-toc-pull-right ez-toc-btn ez-toc-btn-xs ez-toc-btn-default ez-toc-toggle\" aria-label=\"Toggle Table of Content\"><span class=\"ez-toc-js-icon-con\"><span class=\"\"><span class=\"eztoc-hide\" style=\"display:none;\">Toggle<\/span><span class=\"ez-toc-icon-toggle-span\"><svg style=\"fill: #999;color:#999\" xmlns=\"http:\/\/www.w3.org\/2000\/svg\" class=\"list-377408\" width=\"20px\" height=\"20px\" viewBox=\"0 0 24 24\" fill=\"none\"><path d=\"M6 6H4v2h2V6zm14 0H8v2h12V6zM4 11h2v2H4v-2zm16 0H8v2h12v-2zM4 16h2v2H4v-2zm16 0H8v2h12v-2z\" fill=\"currentColor\"><\/path><\/svg><svg style=\"fill: #999;color:#999\" class=\"arrow-unsorted-368013\" xmlns=\"http:\/\/www.w3.org\/2000\/svg\" width=\"10px\" height=\"10px\" viewBox=\"0 0 24 24\" version=\"1.2\" baseProfile=\"tiny\"><path d=\"M18.2 9.3l-6.2-6.3-6.2 6.3c-.2.2-.3.4-.3.7s.1.5.3.7c.2.2.4.3.7.3h11c.3 0 .5-.1.7-.3.2-.2.3-.5.3-.7s-.1-.5-.3-.7zM5.8 14.7l6.2 6.3 6.2-6.3c.2-.2.3-.5.3-.7s-.1-.5-.3-.7c-.2-.2-.4-.3-.7-.3h-11c-.3 0-.5.1-.7.3-.2.2-.3.5-.3.7s.1.5.3.7z\"\/><\/svg><\/span><\/span><\/span><\/a><\/span><\/div>\n<nav><ul class='ez-toc-list ez-toc-list-level-1 eztoc-toggle-hide-by-default' ><li class='ez-toc-page-1 ez-toc-heading-level-1'><a class=\"ez-toc-link ez-toc-heading-1\" href=\"https:\/\/boklima.de\/?p=6663\/#i\" >========================<\/a><ul class='ez-toc-list-level-2' ><li class='ez-toc-heading-level-2'><a class=\"ez-toc-link ez-toc-heading-2\" href=\"https:\/\/boklima.de\/?p=6663\/#Einwahl_Kommunikationsdaten\" >Einwahl \/ Kommunikationsdaten :<\/a><\/li><li class='ez-toc-page-1 ez-toc-heading-level-2'><a class=\"ez-toc-link ez-toc-heading-3\" href=\"https:\/\/boklima.de\/?p=6663\/#TagesOrdnung_%E2%80%93_mit_InlineProtokoll\" >TagesOrdnung &#8211; mit Inline&#8217;Protokoll&#8217;<\/a><\/li><li class='ez-toc-page-1 ez-toc-heading-level-2'><a class=\"ez-toc-link ez-toc-heading-4\" href=\"https:\/\/boklima.de\/?p=6663\/#RedeListe_RedeWuensche\" >RedeListe \/ RedeWuensche<\/a><\/li><li class='ez-toc-page-1 ez-toc-heading-level-2'><a class=\"ez-toc-link ez-toc-heading-5\" href=\"https:\/\/boklima.de\/?p=6663\/#Teilnehmer\" >Teilnehmer&nbsp;<\/a><\/li><li class='ez-toc-page-1 ez-toc-heading-level-2'><a class=\"ez-toc-link ez-toc-heading-6\" href=\"https:\/\/boklima.de\/?p=6663\/#Protokoll_Stichpunkte_Absprachen\" >Protokoll \/ Stichpunkte \/ Absprachen<\/a><\/li><\/ul><\/li><li class='ez-toc-page-1 ez-toc-heading-level-1'><a class=\"ez-toc-link ez-toc-heading-7\" href=\"https:\/\/boklima.de\/?p=6663\/#i-2\" >=====================<\/a><\/li><\/ul><\/nav><\/div>\n","protected":false},"excerpt":{"rendered":"<p>======================== Einwahl \/ Kommunikationsdaten : Dieses Pad : https:\/\/yopad.eu\/p\/201021-BoKlima-Plenum Bitte oben rechts in den Teilnhemern Eure Farbe zum Namen zuordnen\u00a0 Telefon :\u00a0 Einwahl : 089 \/ 943 999 55 , Raum 786821\u00a0\u00a0 # Zur Not Jitsi\u00a0 (als Video-Schnittstelle \/ Screensharung) : ja bitte und willkommen im 2100 Jahrhundert [Christian S4F Bochum]; P. S. Niemand ist &hellip; <a href=\"https:\/\/boklima.de\/?p=6663\" class=\"more-link\"><span class=\"screen-reader-text\">\u201eTelko BoKlima Plenum 21.10.2020 , 18h &#8212; Mitschrift \/ MitSchnitt\u201c <\/span>weiterlesen<\/a><\/p>\n","protected":false},"author":8,"featured_media":0,"comment_status":"closed","ping_status":"closed","sticky":false,"template":"","format":"standard","meta":{"ngg_post_thumbnail":0,"footnotes":"","_share_on_mastodon":"0"},"categories":[69,105,67],"tags":[],"class_list":["post-6663","post","type-post","status-publish","format-standard","hentry","category-protokoll","category-intern-alle-fuer-alle-angemeldeten-mitglieder-lesbar","category-boklima-treffen"],"share_on_mastodon":{"url":"","error":""},"rttpg_featured_image_url":null,"rttpg_author":{"display_name":"thomas","author_link":"https:\/\/boklima.de\/?author=8"},"rttpg_comment":0,"rttpg_category":"<a href=\"https:\/\/boklima.de\/?cat=69\" rel=\"category\">Protokoll<\/a> <a href=\"https:\/\/boklima.de\/?cat=105\" rel=\"category\">intern Alle<\/a> <a href=\"https:\/\/boklima.de\/?cat=67\" rel=\"category\">BoKlima Treffen<\/a>","rttpg_excerpt":"======================== Einwahl \/ Kommunikationsdaten : Dieses Pad : https:\/\/yopad.eu\/p\/201021-BoKlima-Plenum Bitte oben rechts in den Teilnhemern Eure Farbe zum Namen zuordnen\u00a0 Telefon :\u00a0 Einwahl : 089 \/ 943 999 55 , Raum 786821\u00a0\u00a0 # Zur Not Jitsi\u00a0 (als Video-Schnittstelle \/ Screensharung) : ja bitte und willkommen im 2100 Jahrhundert [Christian S4F Bochum]; P. S. Niemand ist&hellip;","_links":{"self":[{"href":"https:\/\/boklima.de\/index.php?rest_route=\/wp\/v2\/posts\/6663","targetHints":{"allow":["GET"]}}],"collection":[{"href":"https:\/\/boklima.de\/index.php?rest_route=\/wp\/v2\/posts"}],"about":[{"href":"https:\/\/boklima.de\/index.php?rest_route=\/wp\/v2\/types\/post"}],"author":[{"embeddable":true,"href":"https:\/\/boklima.de\/index.php?rest_route=\/wp\/v2\/users\/8"}],"replies":[{"embeddable":true,"href":"https:\/\/boklima.de\/index.php?rest_route=%2Fwp%2Fv2%2Fcomments&post=6663"}],"version-history":[{"count":3,"href":"https:\/\/boklima.de\/index.php?rest_route=\/wp\/v2\/posts\/6663\/revisions"}],"predecessor-version":[{"id":6669,"href":"https:\/\/boklima.de\/index.php?rest_route=\/wp\/v2\/posts\/6663\/revisions\/6669"}],"wp:attachment":[{"href":"https:\/\/boklima.de\/index.php?rest_route=%2Fwp%2Fv2%2Fmedia&parent=6663"}],"wp:term":[{"taxonomy":"category","embeddable":true,"href":"https:\/\/boklima.de\/index.php?rest_route=%2Fwp%2Fv2%2Fcategories&post=6663"},{"taxonomy":"post_tag","embeddable":true,"href":"https:\/\/boklima.de\/index.php?rest_route=%2Fwp%2Fv2%2Ftags&post=6663"}],"curies":[{"name":"wp","href":"https:\/\/api.w.org\/{rel}","templated":true}]}}