{"id":6565,"date":"2020-10-04T11:54:02","date_gmt":"2020-10-04T09:54:02","guid":{"rendered":"https:\/\/boklima.de\/?p=6565"},"modified":"2020-10-05T10:28:34","modified_gmt":"2020-10-05T08:28:34","slug":"ausgebremst-beim-klimaschutz-wie-behoerden-buerger-blockieren","status":"publish","type":"post","link":"https:\/\/boklima.de\/?p=6565","title":{"rendered":"Ausgebremst beim Klimaschutz &#8211; Wie Beh\u00f6rden B\u00fcrger blockieren &#8212; kann das auch in Bochum passieren ?"},"content":{"rendered":"\n<p><strong>24.09.2020 \u2219 defacto \u2219 hr-fernsehen<\/strong><\/p>\n\n\n\n<p>Link zur Mediathek : <a href=\"https:\/\/www.ardmediathek.de\/ard\/video\/defacto\/ausgebremst-beim-klimaschutz---wie-behoerden-buerger-blockieren\/hr-fernsehen\/Y3JpZDovL2hyLW9ubGluZS8xMTA5ODc\/\" target=\"_blank\" rel=\"noreferrer noopener\">hier<\/a> <\/p>\n\n\n\n<p>Ausgebremst beim Klimaschutz &#8211; Wie Beh\u00f6rden B\u00fcrger blockieren Die Sommer werden immer hei\u00dfer und trockener. Ganz klar, der Klimawandel schreitet voran. Deshalb wollen Bund und L\u00e4nder die Energieversorgung in Deutschland komplett umstellen: Weg von Kohle und Atom, hin zu erneuerbaren Energien wie Wind, Sonne, Wasser oder Biomasse. Sch\u00f6nste Zukunftsvisionen mit gr\u00fcner Energie zeichnen die Politiker.<\/p>\n\n\n\n<hr class=\"wp-block-separator\"\/>\n\n\n\n<hr class=\"wp-block-separator\"\/>\n\n\n\n<h2 class=\"wp-block-heading\"><span class=\"ez-toc-section\" id=\"Links_zur_Photovoltaik_Foerderung\"><\/span>Links zur Photovoltaik F\u00f6rderung<span class=\"ez-toc-section-end\"><\/span><\/h2>\n\n\n\n<ul class=\"wp-block-list\"><li>Photovoltaik.org Solarportal F\u00f6rderung <a rel=\"noreferrer noopener\" href=\"https:\/\/www.photovoltaik.org\/foerderung\" target=\"_blank\">https:\/\/www.photovoltaik.org\/foerderung<\/a><\/li><li>Photovoltaik: F\u00f6rderung und Zusch\u00fcsse in der \u00dcbersicht <a rel=\"noreferrer noopener\" href=\"https:\/\/www.strom-magazin.de\/ratgeber\/photovoltaik-foerderung\/\" target=\"_blank\">https:\/\/www.strom-magazin.de\/ratgeber\/photovoltaik-foerderung\/<\/a><\/li><li>Photovoltaik F\u00f6rderung im \u00dcberblick <a rel=\"noreferrer noopener\" href=\"https:\/\/www.solarwatt.de\/photovoltaikanlage\/photovoltaikanlage-kaufen\/foerderung\" target=\"_blank\">https:\/\/www.solarwatt.de\/photovoltaikanlage\/photovoltaikanlage-kaufen\/foerderung<\/a><\/li><li>&#8220;Freie Bahn&#8221; f\u00fcr Photovoltaik und Windkraft <a rel=\"noreferrer noopener\" href=\"http:\/\/www.fokus-energie-systeme.de\/\" target=\"_blank\">http:\/\/www.fokus-energie-systeme.de\/<\/a><\/li><li>Deutschlands Infoportal f\u00fcr Solarenergie <a rel=\"noreferrer noopener\" href=\"https:\/\/www.stadtwerke-bochum.de\/privatkunden\/produkte\/strom-erdgas\/strom-erzeugen\" target=\"_blank\">https:\/\/www.stadtwerke-bochum.de\/privatkunden\/produkte\/strom-erdgas\/strom-erzeugen<\/a><\/li><\/ul>\n\n\n\n<ul class=\"wp-block-list\"><li>Herne : F\u00f6rderung f\u00fcr Installation einer Photovoltaik-Anlaga , WAZ , Solarametropole Ruhr  ,  05.05.2020, <a href=\"https:\/\/www.waz.de\/staedte\/herne-wanne-eickel\/herne-foerderung-fuer-installation-einer-photovoltaik-anlage-id229049825.html\" target=\"_blank\" rel=\"noreferrer noopener\">https:\/\/www.waz.de\/staedte\/herne-wanne-eickel\/herne-foerderung-fuer-installation-einer-photovoltaik-anlage-id229049825.html<\/a><\/li><\/ul>\n\n\n\n<h2 class=\"wp-block-heading\"><span class=\"ez-toc-section\" id=\"Links_zu_Photovoltaik_in_Bochum\"><\/span>Links zu Photovoltaik in Bochum<span class=\"ez-toc-section-end\"><\/span><\/h2>\n\n\n\n<ul class=\"wp-block-list\"><li>Photovoltaik in Bochum <a rel=\"noreferrer noopener\" href=\"https:\/\/www.rechnerphotovoltaik.de\/photovoltaik\/in\/nordrhein-westfalen\/bochum\" target=\"_blank\">https:\/\/www.rechnerphotovoltaik.de\/photovoltaik\/in\/nordrhein-westfalen\/bochum<\/a><\/li><\/ul>\n\n\n\n<ul class=\"wp-block-list\"><li>Stadtwerke Bochum Solar Paket  , Photovoltaik-Anlage g\u00fcnstig pachten <a rel=\"noreferrer noopener\" href=\"https:\/\/www.stadtwerke-bochum.de\/privatkunden\/produkte\/strom-erdgas\/strom-erzeugen\" target=\"_blank\">https:\/\/www.stadtwerke-bochum.de\/privatkunden\/produkte\/strom-erdgas\/strom-erzeugen<\/a><\/li><li>GLS-Bank , Photovoltaik , Doppelt gewinnbringend <a href=\"https:\/\/www.gls.de\/privatkunden\/bauen\/photovoltaik\/\" target=\"_blank\" rel=\"noreferrer noopener\">https:\/\/www.gls.de\/privatkunden\/bauen\/photovoltaik\/<\/a><\/li><\/ul>\n\n\n\n<p><\/p>\n<div id=\"ez-toc-container\" class=\"ez-toc-v2_0_82_2 counter-hierarchy ez-toc-counter ez-toc-transparent ez-toc-container-direction\">\n<div class=\"ez-toc-title-container\">\n<p class=\"ez-toc-title\" style=\"cursor:inherit\">Inhalte dieser Seite :<\/p>\n<span class=\"ez-toc-title-toggle\"><a href=\"#\" class=\"ez-toc-pull-right ez-toc-btn ez-toc-btn-xs ez-toc-btn-default ez-toc-toggle\" aria-label=\"Toggle Table of Content\"><span class=\"ez-toc-js-icon-con\"><span class=\"\"><span class=\"eztoc-hide\" style=\"display:none;\">Toggle<\/span><span class=\"ez-toc-icon-toggle-span\"><svg style=\"fill: #999;color:#999\" xmlns=\"http:\/\/www.w3.org\/2000\/svg\" class=\"list-377408\" width=\"20px\" height=\"20px\" viewBox=\"0 0 24 24\" fill=\"none\"><path d=\"M6 6H4v2h2V6zm14 0H8v2h12V6zM4 11h2v2H4v-2zm16 0H8v2h12v-2zM4 16h2v2H4v-2zm16 0H8v2h12v-2z\" fill=\"currentColor\"><\/path><\/svg><svg style=\"fill: #999;color:#999\" class=\"arrow-unsorted-368013\" xmlns=\"http:\/\/www.w3.org\/2000\/svg\" width=\"10px\" height=\"10px\" viewBox=\"0 0 24 24\" version=\"1.2\" baseProfile=\"tiny\"><path d=\"M18.2 9.3l-6.2-6.3-6.2 6.3c-.2.2-.3.4-.3.7s.1.5.3.7c.2.2.4.3.7.3h11c.3 0 .5-.1.7-.3.2-.2.3-.5.3-.7s-.1-.5-.3-.7zM5.8 14.7l6.2 6.3 6.2-6.3c.2-.2.3-.5.3-.7s-.1-.5-.3-.7c-.2-.2-.4-.3-.7-.3h-11c-.3 0-.5.1-.7.3-.2.2-.3.5-.3.7s.1.5.3.7z\"\/><\/svg><\/span><\/span><\/span><\/a><\/span><\/div>\n<nav><ul class='ez-toc-list ez-toc-list-level-1 eztoc-toggle-hide-by-default' ><li class='ez-toc-page-1 ez-toc-heading-level-2'><a class=\"ez-toc-link ez-toc-heading-1\" href=\"https:\/\/boklima.de\/?p=6565\/#Links_zur_Photovoltaik_Foerderung\" >Links zur Photovoltaik F\u00f6rderung<\/a><\/li><li class='ez-toc-page-1 ez-toc-heading-level-2'><a class=\"ez-toc-link ez-toc-heading-2\" href=\"https:\/\/boklima.de\/?p=6565\/#Links_zu_Photovoltaik_in_Bochum\" >Links zu Photovoltaik in Bochum<\/a><\/li><\/ul><\/nav><\/div>\n","protected":false},"excerpt":{"rendered":"<p>24.09.2020 \u2219 defacto \u2219 hr-fernsehen Link zur Mediathek : hier Ausgebremst beim Klimaschutz &#8211; Wie Beh\u00f6rden B\u00fcrger blockieren Die Sommer werden immer hei\u00dfer und trockener. Ganz klar, der Klimawandel schreitet voran. Deshalb wollen Bund und L\u00e4nder die Energieversorgung in Deutschland komplett umstellen: Weg von Kohle und Atom, hin zu erneuerbaren Energien wie Wind, Sonne, Wasser &hellip; <a href=\"https:\/\/boklima.de\/?p=6565\" class=\"more-link\"><span class=\"screen-reader-text\">\u201eAusgebremst beim Klimaschutz &#8211; Wie Beh\u00f6rden B\u00fcrger blockieren &#8212; kann das auch in Bochum passieren ?\u201c <\/span>weiterlesen<\/a><\/p>\n","protected":false},"author":8,"featured_media":0,"comment_status":"closed","ping_status":"closed","sticky":false,"template":"","format":"standard","meta":{"ngg_post_thumbnail":0,"footnotes":"","_share_on_mastodon":"0"},"categories":[157,104],"tags":[],"class_list":["post-6565","post","type-post","status-publish","format-standard","hentry","category-relevant-klimanews","category-oeffentlich-fuer-alle-site-besucher-lesbar"],"share_on_mastodon":{"url":"","error":""},"rttpg_featured_image_url":null,"rttpg_author":{"display_name":"thomas","author_link":"https:\/\/boklima.de\/?author=8"},"rttpg_comment":0,"rttpg_category":"<a href=\"https:\/\/boklima.de\/?cat=157\" rel=\"category\">relevant-KlimaNews<\/a> <a href=\"https:\/\/boklima.de\/?cat=104\" rel=\"category\">\u00f6ffentlich (f\u00fcr alle lesbar)<\/a>","rttpg_excerpt":"24.09.2020 \u2219 defacto \u2219 hr-fernsehen Link zur Mediathek : hier Ausgebremst beim Klimaschutz &#8211; Wie Beh\u00f6rden B\u00fcrger blockieren Die Sommer werden immer hei\u00dfer und trockener. Ganz klar, der Klimawandel schreitet voran. Deshalb wollen Bund und L\u00e4nder die Energieversorgung in Deutschland komplett umstellen: Weg von Kohle und Atom, hin zu erneuerbaren Energien wie Wind, Sonne, Wasser&hellip;","_links":{"self":[{"href":"https:\/\/boklima.de\/index.php?rest_route=\/wp\/v2\/posts\/6565","targetHints":{"allow":["GET"]}}],"collection":[{"href":"https:\/\/boklima.de\/index.php?rest_route=\/wp\/v2\/posts"}],"about":[{"href":"https:\/\/boklima.de\/index.php?rest_route=\/wp\/v2\/types\/post"}],"author":[{"embeddable":true,"href":"https:\/\/boklima.de\/index.php?rest_route=\/wp\/v2\/users\/8"}],"replies":[{"embeddable":true,"href":"https:\/\/boklima.de\/index.php?rest_route=%2Fwp%2Fv2%2Fcomments&post=6565"}],"version-history":[{"count":4,"href":"https:\/\/boklima.de\/index.php?rest_route=\/wp\/v2\/posts\/6565\/revisions"}],"predecessor-version":[{"id":6576,"href":"https:\/\/boklima.de\/index.php?rest_route=\/wp\/v2\/posts\/6565\/revisions\/6576"}],"wp:attachment":[{"href":"https:\/\/boklima.de\/index.php?rest_route=%2Fwp%2Fv2%2Fmedia&parent=6565"}],"wp:term":[{"taxonomy":"category","embeddable":true,"href":"https:\/\/boklima.de\/index.php?rest_route=%2Fwp%2Fv2%2Fcategories&post=6565"},{"taxonomy":"post_tag","embeddable":true,"href":"https:\/\/boklima.de\/index.php?rest_route=%2Fwp%2Fv2%2Ftags&post=6565"}],"curies":[{"name":"wp","href":"https:\/\/api.w.org\/{rel}","templated":true}]}}