{"id":6040,"date":"2020-09-22T11:42:53","date_gmt":"2020-09-22T09:42:53","guid":{"rendered":"https:\/\/boklima.de\/?p=6040"},"modified":"2020-09-22T11:52:42","modified_gmt":"2020-09-22T09:52:42","slug":"volksinitiative-artenvielfalt-unterschriftensammlung","status":"publish","type":"post","link":"https:\/\/boklima.de\/?p=6040","title":{"rendered":"Volksinitiative Artenvielfalt &#8212; Unterschriftensammlung ; Nabu-Aufruf"},"content":{"rendered":"\n<p>( Original Aufruf <a rel=\"noreferrer noopener\" href=\"https:\/\/artenvielfalt-nrw.de\/\" target=\"_blank\">hier<\/a> )<\/p>\n\n\n\n<hr class=\"wp-block-separator\"\/>\n\n\n\n<ul class=\"wp-block-list\" id=\"menu-1-aa5b452\"><li><a href=\"https:\/\/artenvielfalt-nrw.de\/buendnis-artenvielfalt-nrw\/\">B\u00fcndnis<\/a>    ,   <a href=\"https:\/\/artenvielfalt-nrw.de\/forderungen\/\">Forderungen<\/a>   ,  <a href=\"https:\/\/artenvielfalt-nrw.de\/unterschreiben\/\">Unter\u00adschreiben<\/a>   ,  <a href=\"https:\/\/artenvielfalt-nrw.de\/mitmachen\/\">Mitmachen<\/a>   ,  A<a href=\"https:\/\/artenvielfalt-nrw.de\/aktuelles\/\">ktuelles<\/a><\/li><\/ul>\n\n\n\n<p class=\"has-medium-font-size\"><strong>8 Forderungen f\u00fcr den Erhalt und die F\u00f6rderung der Artenvielfal<\/strong>t in Nordrhein-Westfalen .   <a href=\"https:\/\/artenvielfalt-nrw.de\/unterschreiben\/\">Unterschreiben!<\/a><\/p>\n\n\n\n<div class=\"wp-block-group\"><div class=\"wp-block-group__inner-container is-layout-flow wp-block-group-is-layout-flow\">\n<div class=\"wp-block-group\"><div class=\"wp-block-group__inner-container is-layout-flow wp-block-group-is-layout-flow\">\n<div class=\"wp-block-group has-yellow-background-color has-background\"><div class=\"wp-block-group__inner-container is-layout-flow wp-block-group-is-layout-flow\">\n<p class=\"has-medium-font-size\"><strong>18<\/strong> <br>Fu\u00dfballfelder verschwinden t\u00e4glich unter Beton.<\/p>\n\n\n\n<p class=\"has-medium-font-size\"><strong>18 Mio.<\/strong> <br>V\u00f6gel sterben j\u00e4hrlich durch Kollision an Glasfassaden.<\/p>\n\n\n\n<p class=\"has-medium-font-size\"><strong>55 % <\/strong><br>der Schmetterlingsarten in NRW sind gef\u00e4hrdet.<\/p>\n<\/div><\/div>\n<\/div><\/div>\n<\/div><\/div>\n\n\n\n<h3 class=\"wp-block-heading\"><span class=\"ez-toc-section\" id=\"Insekten_retten_%E2%80%93_Artenschwund_stoppen\"><\/span>Insekten retten \u2013<br>Artenschwund stoppen<span class=\"ez-toc-section-end\"><\/span><\/h3>\n\n\n\n<p class=\"has-small-font-size\">In vielen Handlungs- und Politikfeldern muss grundlegend umgesteuert werden.<br>Gemeinsam mit vielen Unterst\u00fctzer*innen setzen wir uns daf\u00fcr ein,<br>dass Artenvielfalt und Naturschutz auf die politische Agenda gesetzt werden.<\/p>\n\n\n\n<h3 class=\"wp-block-heading\"><span class=\"ez-toc-section\" id=\"Dafuer_brauchen_wir_deine_Stimme\"><\/span><a href=\"https:\/\/volksinitiative-artenvielfalt.de\/unterschreiben\/\">Daf\u00fcr brauchen wir deine Stimme!<\/a><span class=\"ez-toc-section-end\"><\/span><\/h3>\n\n\n\n<div class=\"wp-block-image\"><figure class=\"aligncenter is-resized\"><img loading=\"lazy\" decoding=\"async\" src=\"https:\/\/artenvielfalt-nrw.de\/wordpress\/wp-content\/uploads\/2020\/09\/20190813-Kiesababau-am-Niederrhein-EDEN-e.V-300x300.jpg\" alt=\"Foto: Eden e.V.\" width=\"75\" height=\"75\"\/><\/figure><\/div>\n\n\n\n<h3 class=\"wp-block-heading\"><span class=\"ez-toc-section\" id=\"Landesregierung_forciert_Flaechenfrass\"><\/span>Landesregierung forciert Fl\u00e4chenfra\u00df<span class=\"ez-toc-section-end\"><\/span><\/h3>\n\n\n\n<p class=\"has-small-font-size\">16. Sep: Als \u201ezahnlosen Tiger\u201c kritisieren die nordrhein-westf\u00e4lischen Naturschutzverb\u00e4nde BUND, LNU und NABU das heute von Landesumweltministerin Ursula Heinen-Esser vorgestellte \u201cMa\u00dfnahmenpaket zur intelligenten und effizienten Fl\u00e4chenentwicklung\u201c. Das Paket enthalte \u00fcberwiegend Placebos und l\u00f6se nicht das Problem des weiterhin fortschreitenden Fl\u00e4chenfra\u00dfes.<a href=\"https:\/\/artenvielfalt-nrw.de\/aktuelles\/\"> Mehr erfahren<\/a><\/p>\n\n\n\n<div class=\"wp-block-image\"><figure class=\"aligncenter is-resized\"><img loading=\"lazy\" decoding=\"async\" src=\"https:\/\/artenvielfalt-nrw.de\/wordpress\/wp-content\/uploads\/2020\/09\/Adalbert-Niemeyer-LuellwitzBUND.-300x300.jpg\" alt=\"Foto: Adalbert Niemeyer-L\u00fcllwitz\" width=\"75\" height=\"75\"\/><\/figure><\/div>\n\n\n\n<h3 class=\"wp-block-heading\"><span class=\"ez-toc-section\" id=\"Schotter_raus_Blueten_rein\"><\/span>Schotter raus, Bl\u00fcten rein<span class=\"ez-toc-section-end\"><\/span><\/h3>\n\n\n\n<p class=\"has-small-font-size\">09. September: Trotz der breiten gesellschaftlichen Diskussionen um den Klimawandel und den R\u00fcckgang der Insekten scheint in vielen Kommunen der Handlungswille zu fehlen, ganz konkret gegen die Schotterung von Vorg\u00e4rten vorzugehen. Volksinitiative Artenvielfalt NRW fordert ein Verbot von Schotterg\u00e4rten und mehr Arten- und Klimaschutz in den St\u00e4dten.<a href=\"https:\/\/artenvielfalt-nrw.de\/aktuelles\/\"> Mehr erfahren<\/a><\/p>\n\n\n\n<div class=\"wp-block-image\"><figure class=\"aligncenter is-resized\"><img loading=\"lazy\" decoding=\"async\" src=\"https:\/\/artenvielfalt-nrw.de\/wordpress\/wp-content\/uploads\/2020\/08\/2020_08_Guelle_Homburger_Broel_Horst_Stolzenburg-300x300.jpg\" alt=\"Foto: Horst Stolzenburg\" width=\"75\" height=\"75\"\/><\/figure><\/div>\n\n\n\n<h3 class=\"wp-block-heading\"><span class=\"ez-toc-section\" id=\"Gesetzentwurf_zum_Landeswassergesetz_Volksinitiative_Artenvielfalt_NRW_fordert_Zuruecknahme%E2%80%8B\"><\/span>Gesetzentwurf zum Landeswassergesetz: Volksinitiative Artenvielfalt NRW fordert Zur\u00fccknahme\u200b<span class=\"ez-toc-section-end\"><\/span><\/h3>\n\n\n\n<p class=\"has-small-font-size\">20. August: Auf heftige Kritik der NRW-Naturschutzverb\u00e4nde st\u00f6\u00dft die von der schwarz-gelben Landesregierung beschlossene Novellierung des Landeswassergesetzes. BUND, LNU und NABU sehen darin einen \u201eAngriff auf den Gew\u00e4sserschutz\u201c.<a href=\"https:\/\/artenvielfalt-nrw.de\/aktuelles\/\"> Mehr erfahren<\/a><\/p>\n\n\n\n<h3 class=\"wp-block-heading\"><span class=\"ez-toc-section\" id=\"Kontakt\"><\/span>Kontakt<span class=\"ez-toc-section-end\"><\/span><\/h3>\n\n\n\n<p class=\"has-small-font-size\">Volksinitiative Artenvielfalt NRW , Postfach 19 00 04 , 40110 D\u00fcsseldorf<br>&nbsp;+49 (0) 211 15 92 51-54 , <br><a href=\"mailto:kontakt@Artenvielfalt-NRW.de\">kontakt@Artenvielfalt-NRW.de<\/a><\/p>\n\n\n\n<h3 class=\"wp-block-heading\"><span class=\"ez-toc-section\" id=\"Presse\"><\/span>Presse<span class=\"ez-toc-section-end\"><\/span><\/h3>\n\n\n\n<p class=\"has-small-font-size\">NABU: <a href=\"mailto:Birgit.Koenigs@nabu-nrw.de\">Birgit.Koenigs@nabu-nrw.de<\/a><br>BUND: <a href=\"mailto:dirk.jansen@bund.net\">Dirk.Jansen@bund.net<\/a><\/p>\n\n\n\n<hr class=\"wp-block-separator\"\/>\n\n\n\n<hr class=\"wp-block-separator\"\/>\n\n\n\n<h2 class=\"wp-block-heading\"><span class=\"ez-toc-section\" id=\"Nabu_%E2%80%93_Aufruf\"><\/span>Nabu &#8211; Aufruf <span class=\"ez-toc-section-end\"><\/span><\/h2>\n\n\n\n<p>( zum Original : <a rel=\"noreferrer noopener\" href=\"https:\/\/nrw.nabu.de\/news\/2020\/28418.html\" target=\"_blank\">hier<\/a> )<\/p>\n\n\n\n<hr class=\"wp-block-separator\"\/>\n\n\n\n<h3 class=\"wp-block-heading\"><span class=\"ez-toc-section\" id=\"Volksinitiative_Artenvielfalt_startet\"><\/span>Volksinitiative Artenvielfalt startet<span class=\"ez-toc-section-end\"><\/span><\/h3>\n\n\n\n<p class=\"has-small-font-size\">Vor dem D\u00fcsseldorfer Landtag starteten BUND, LNU und NABU heute die gemeinsame Initiative. Mindestens 66.000 Unterschriften werden ben\u00f6tigt. Die Verb\u00e4nde rufen alle B\u00fcrger*innen in NRW dazu auf, mit ihrer Unterschrift ein klares Signal f\u00fcr mehr Artenschutz zu setzen. <\/p>\n\n\n\n<p><strong>23. Juli 2020<\/strong> &#8211; Mit einer Aktion vor dem Landtag in D\u00fcsseldorf haben die drei gro\u00dfen NRW-Naturschutzverb\u00e4nde Bund f\u00fcr Umwelt und Naturschutz Deutschland (BUND), Landesgemeinschaft Naturschutz und Umwelt (LNU) und Naturschutzbund Deutschland (NABU) heute den Startschuss f\u00fcr die landesweite Volksinitiative Artenvielfalt gegeben. Unter dem Motto \u201eInsekten retten \u2013 Artenschwund stoppen\u201c sollen in den n\u00e4chsten Monaten mindestens 66.000 Unterschriften gesammelt werden. Dann muss sich der NRW-Landtag mit der Volksinitiative besch\u00e4ftigen. In acht zentralen Handlungsfeldern fordern die Natursch\u00fctzer einen deutlichen Politikwechsel.<br><br>\u201eWir wollen mit der Volksinitiative ein eindeutiges Signal f\u00fcr mehr Artenvielfalt auf dem Land und in unseren St\u00e4dten geben\u201c, sagte die NABU-Landesvorsitzende Dr. Heide Naderer zum Auftakt. \u201eDabei appellieren wir an alle B\u00fcrgerinnen und B\u00fcrger, sich mit ihrer Unterschrift f\u00fcr ein lebenswertes Nordrhein-Westfalen einzusetzen und so ein deutliches Signal f\u00fcr notwendige Ma\u00dfnahmen zum Erhalt der Artenvielfalt an die Landesregierung zu senden.&#8221;<br>Urspr\u00fcnglich sollte die Volksinitiative bereits im April starten. Corona-bedingt hatten die Verb\u00e4nde den Start verschoben. \u201eInzwischen sind 45 Prozent der Arten in NRW bedroht. Der dramatische R\u00fcckgang vieler Insekten-, Vogel- und Pflanzenarten duldet keinen Aufschub mehr\u201c, so Naderer. \u201eWir gehen trotz Corona jetzt bewusst raus auf die Stra\u00dfen und Marktpl\u00e4tze um Unterschriften zu sammeln. Dabei werden wir alle Hygieneregeln beachten.\u201c<br><br>Konkret fordern die Verb\u00e4nde einen Stopp des Fl\u00e4chenfra\u00dfes, mehr Waldfl\u00e4chen ohne Nutzung, die Ausweitung des Biotopverbundes und die Ausweisung eines Nationalparks Senne. Auch m\u00fcssten der \u00f6kologische Landbau deutlich ausgeweitet, ein Verbot chemisch-synthetischer Pestizide in Naturschutzgebieten durchgesetzt sowie Gew\u00e4sser und Auen wirksam gesch\u00fctzt werden.<br><a href=\"https:\/\/nrw.nabu.de\/imperia\/md\/nabu\/images\/regional\/nrw\/projekteundaktionen\/volksinitiative\/200723-start-vi-unterschrift-bernd-schaller-680.jpeg\"><\/a><\/p>\n\n\n\n<p>Dr. Heide Naderer bei der Unterzeichnung &#8211; Foto: Bernd Schaller<\/p>\n\n\n\n<p>\u201eIn allen diesen Politikfeldern sehen wir Stillstand oder R\u00fcckschritte\u201c, kritisierte der BUND-Landesvorsitzende Holger Sticht. \u201eWir k\u00f6nnen nicht erkennen, dass die Landesregierung gewillt ist, dem dramatischen Verlust an biologischer Vielfalt konsequent zu begegnen.\u201c Vereinzelte F\u00f6rderprogramme ersetzten keine Strategie, und ansonsten werde dem Credo, die Wirtschaft zu \u201aentfesseln\u2018, alles untergeordnet. \u201eDamit zerst\u00f6rt die Landesregierung die nat\u00fcrlichen Lebensgrundlagen unserer Kinder und Enkel.\u201c<br><br>Der Natur- und Artenschutz m\u00fcsse aber nicht nur auf dem Land, sondern auch in der Stadt gest\u00e4rkt werden. Die Landesregierung sei gefordert, daf\u00fcr den ordnungsrechtlichen Rahmen zu setzen. Die Verb\u00e4nde fordern so zum Beispiel klare landesrechtliche Vorgaben etwa zur Eind\u00e4mmung der Lichtverschmutzung und ein Verbot so genannter Schotterg\u00e4rten. Umgesetzt werden m\u00fcssten die Ma\u00dfnahmen dann allerdings in den St\u00e4dten und Gemeinden.<br><br>\u201eMit der Volksinitiative Artenvielfalt wollen wir uns bewusst im Kommunalwahlkampf bemerkbar machen\u201c, sagte der LNU-Landesvorsitzende Mark vom Hofe. \u201eAuch vor Ort muss sich die Politik daran messen lassen, was sie f\u00fcr lebenswerte St\u00e4dte und Gemeinden tut. Hier geht der Artenschutz Hand in Hand mit dem Klimaschutz. Denn mit mehr Natur in der Stadt k\u00f6nnen wir auch wirksam dem Klimawandel begegnen.\u201c<br><br>Um die Forderungen der Volksinitiative Artenvielfalt NRW zum Thema im Landtag zu machen m\u00fcssen mindestens 0,5 Prozent der Stimmberechtigten (ab 18 Jahren) in Nordrhein-Westfalen unterschreiben. G\u00fcltig sind nur manuelle Unterschriften auf dem offiziellen Unterschriftenbogen. Das Stimmrecht aller Unterzeichnenden m\u00fcssen sich die Initiatoren der Volksinitiative von der jeweiligen Gemeinde der Hauptwohnung best\u00e4tigen lassen.<\/p>\n\n\n\n<p>Ansprechpartner:<br>BUND NRW: Holger Sticht, Vorsitzender, T. 0152-34 28 95 94, <a href=\"mailto:holger.sticht@bund.net\" target=\"_blank\" rel=\"noreferrer noopener\">holger.sticht@bund.net<\/a><br>LNU NRW: Mark vom Hofe, Vorsitzender, T. 02204-810 878, <a href=\"mailto:vom_hofe@t-online.de\" target=\"_blank\" rel=\"noreferrer noopener\">vom_hofe@t-online.de<\/a><br>NABU NRW: Dr. Heide Naderer, Vorsitzende, <a href=\"mailto:Heide.Naderer@NABU-NRW.de\" target=\"_blank\" rel=\"noreferrer noopener\">Heide.Naderer@NABU-NRW.de<\/a><\/p>\n\n\n\n<h3 class=\"wp-block-heading\"><span class=\"ez-toc-section\" id=\"mehr_dazu\"><\/span>mehr dazu<span class=\"ez-toc-section-end\"><\/span><\/h3>\n\n\n\n<div class=\"wp-block-image\"><figure class=\"aligncenter is-resized\"><img loading=\"lazy\" decoding=\"async\" src=\"https:\/\/nrw.nabu.de\/imperia\/md\/nabu\/images\/regional\/nrw\/sonstiges\/logos\/200721-vi-680.jpeg\" alt=\"Volksinitiative Artenvielfalt\" width=\"170\" height=\"113\" title=\"Volksinitiative Artenvielfalt\"\/><\/figure><\/div>\n\n\n\n<p><a href=\"https:\/\/nrw.nabu.de\/umwelt-und-ressourcen\/gesellschaft-politik\/landespolitik\/volksinitiative\/index.html\">Insekten retten \u2013 Artenschwund stoppen<\/a><\/p>\n\n\n\n<p>Trotz anhaltendem Artenschwund gibt es bisher keine konsequente Naturschutzpolitik in NRW. Ziel der Kampagne von BUND, LNU und NABU ist es, konkrete Handlungsvorschl\u00e4ge in den Landtag einzubringen und das Land so zu mehr Natur- und Artenschutz zu bewegen. <a href=\"https:\/\/nrw.nabu.de\/umwelt-und-ressourcen\/gesellschaft-politik\/landespolitik\/volksinitiative\/index.html\">mehr \u2192<\/a><\/p>\n<div id=\"ez-toc-container\" class=\"ez-toc-v2_0_82_2 counter-hierarchy ez-toc-counter ez-toc-transparent ez-toc-container-direction\">\n<div class=\"ez-toc-title-container\">\n<p class=\"ez-toc-title\" style=\"cursor:inherit\">Inhalte dieser Seite :<\/p>\n<span class=\"ez-toc-title-toggle\"><a href=\"#\" class=\"ez-toc-pull-right ez-toc-btn ez-toc-btn-xs ez-toc-btn-default ez-toc-toggle\" aria-label=\"Toggle Table of Content\"><span class=\"ez-toc-js-icon-con\"><span class=\"\"><span class=\"eztoc-hide\" style=\"display:none;\">Toggle<\/span><span class=\"ez-toc-icon-toggle-span\"><svg style=\"fill: #999;color:#999\" xmlns=\"http:\/\/www.w3.org\/2000\/svg\" class=\"list-377408\" width=\"20px\" height=\"20px\" viewBox=\"0 0 24 24\" fill=\"none\"><path d=\"M6 6H4v2h2V6zm14 0H8v2h12V6zM4 11h2v2H4v-2zm16 0H8v2h12v-2zM4 16h2v2H4v-2zm16 0H8v2h12v-2z\" fill=\"currentColor\"><\/path><\/svg><svg style=\"fill: #999;color:#999\" class=\"arrow-unsorted-368013\" xmlns=\"http:\/\/www.w3.org\/2000\/svg\" width=\"10px\" height=\"10px\" viewBox=\"0 0 24 24\" version=\"1.2\" baseProfile=\"tiny\"><path d=\"M18.2 9.3l-6.2-6.3-6.2 6.3c-.2.2-.3.4-.3.7s.1.5.3.7c.2.2.4.3.7.3h11c.3 0 .5-.1.7-.3.2-.2.3-.5.3-.7s-.1-.5-.3-.7zM5.8 14.7l6.2 6.3 6.2-6.3c.2-.2.3-.5.3-.7s-.1-.5-.3-.7c-.2-.2-.4-.3-.7-.3h-11c-.3 0-.5.1-.7.3-.2.2-.3.5-.3.7s.1.5.3.7z\"\/><\/svg><\/span><\/span><\/span><\/a><\/span><\/div>\n<nav><ul class='ez-toc-list ez-toc-list-level-1 eztoc-toggle-hide-by-default' ><ul class='ez-toc-list-level-3' ><li class='ez-toc-heading-level-3'><a class=\"ez-toc-link ez-toc-heading-1\" href=\"https:\/\/boklima.de\/?p=6040\/#Insekten_retten_%E2%80%93_Artenschwund_stoppen\" >Insekten retten \u2013 Artenschwund stoppen<\/a><\/li><li class='ez-toc-page-1 ez-toc-heading-level-3'><a class=\"ez-toc-link ez-toc-heading-2\" href=\"https:\/\/boklima.de\/?p=6040\/#Dafuer_brauchen_wir_deine_Stimme\" >Daf\u00fcr brauchen wir deine Stimme!<\/a><\/li><li class='ez-toc-page-1 ez-toc-heading-level-3'><a class=\"ez-toc-link ez-toc-heading-3\" href=\"https:\/\/boklima.de\/?p=6040\/#Landesregierung_forciert_Flaechenfrass\" >Landesregierung forciert Fl\u00e4chenfra\u00df<\/a><\/li><li class='ez-toc-page-1 ez-toc-heading-level-3'><a class=\"ez-toc-link ez-toc-heading-4\" href=\"https:\/\/boklima.de\/?p=6040\/#Schotter_raus_Blueten_rein\" >Schotter raus, Bl\u00fcten rein<\/a><\/li><li class='ez-toc-page-1 ez-toc-heading-level-3'><a class=\"ez-toc-link ez-toc-heading-5\" href=\"https:\/\/boklima.de\/?p=6040\/#Gesetzentwurf_zum_Landeswassergesetz_Volksinitiative_Artenvielfalt_NRW_fordert_Zuruecknahme%E2%80%8B\" >Gesetzentwurf zum Landeswassergesetz: Volksinitiative Artenvielfalt NRW fordert Zur\u00fccknahme\u200b<\/a><\/li><li class='ez-toc-page-1 ez-toc-heading-level-3'><a class=\"ez-toc-link ez-toc-heading-6\" href=\"https:\/\/boklima.de\/?p=6040\/#Kontakt\" >Kontakt<\/a><\/li><li class='ez-toc-page-1 ez-toc-heading-level-3'><a class=\"ez-toc-link ez-toc-heading-7\" href=\"https:\/\/boklima.de\/?p=6040\/#Presse\" >Presse<\/a><\/li><\/ul><\/li><li class='ez-toc-page-1 ez-toc-heading-level-2'><a class=\"ez-toc-link ez-toc-heading-8\" href=\"https:\/\/boklima.de\/?p=6040\/#Nabu_%E2%80%93_Aufruf\" >Nabu &#8211; Aufruf<\/a><ul class='ez-toc-list-level-3' ><li class='ez-toc-heading-level-3'><a class=\"ez-toc-link ez-toc-heading-9\" href=\"https:\/\/boklima.de\/?p=6040\/#Volksinitiative_Artenvielfalt_startet\" >Volksinitiative Artenvielfalt startet<\/a><\/li><li class='ez-toc-page-1 ez-toc-heading-level-3'><a class=\"ez-toc-link ez-toc-heading-10\" href=\"https:\/\/boklima.de\/?p=6040\/#mehr_dazu\" >mehr dazu<\/a><\/li><\/ul><\/li><\/ul><\/nav><\/div>\n","protected":false},"excerpt":{"rendered":"<p>( Original Aufruf hier ) B\u00fcndnis , Forderungen , Unter\u00adschreiben , Mitmachen , Aktuelles 8 Forderungen f\u00fcr den Erhalt und die F\u00f6rderung der Artenvielfalt in Nordrhein-Westfalen . Unterschreiben! 18 Fu\u00dfballfelder verschwinden t\u00e4glich unter Beton. 18 Mio. V\u00f6gel sterben j\u00e4hrlich durch Kollision an Glasfassaden. 55 % der Schmetterlingsarten in NRW sind gef\u00e4hrdet. Insekten retten \u2013Artenschwund stoppen &hellip; <a href=\"https:\/\/boklima.de\/?p=6040\" class=\"more-link\"><span class=\"screen-reader-text\">\u201eVolksinitiative Artenvielfalt &#8212; Unterschriftensammlung ; Nabu-Aufruf\u201c <\/span>weiterlesen<\/a><\/p>\n","protected":false},"author":2,"featured_media":0,"comment_status":"closed","ping_status":"closed","sticky":false,"template":"","format":"standard","meta":{"ngg_post_thumbnail":0,"footnotes":"","_share_on_mastodon":"0"},"categories":[157,104],"tags":[],"class_list":["post-6040","post","type-post","status-publish","format-standard","hentry","category-relevant-klimanews","category-oeffentlich-fuer-alle-site-besucher-lesbar"],"share_on_mastodon":{"url":"","error":""},"rttpg_featured_image_url":null,"rttpg_author":{"display_name":"thomas - als admin","author_link":"https:\/\/boklima.de\/?author=2"},"rttpg_comment":0,"rttpg_category":"<a href=\"https:\/\/boklima.de\/?cat=157\" rel=\"category\">relevant-KlimaNews<\/a> <a href=\"https:\/\/boklima.de\/?cat=104\" rel=\"category\">\u00f6ffentlich (f\u00fcr alle lesbar)<\/a>","rttpg_excerpt":"( Original Aufruf hier ) B\u00fcndnis , Forderungen , Unter\u00adschreiben , Mitmachen , Aktuelles 8 Forderungen f\u00fcr den Erhalt und die F\u00f6rderung der Artenvielfalt in Nordrhein-Westfalen . Unterschreiben! 18 Fu\u00dfballfelder verschwinden t\u00e4glich unter Beton. 18 Mio. V\u00f6gel sterben j\u00e4hrlich durch Kollision an Glasfassaden. 55 % der Schmetterlingsarten in NRW sind gef\u00e4hrdet. Insekten retten \u2013Artenschwund stoppen&hellip;","_links":{"self":[{"href":"https:\/\/boklima.de\/index.php?rest_route=\/wp\/v2\/posts\/6040","targetHints":{"allow":["GET"]}}],"collection":[{"href":"https:\/\/boklima.de\/index.php?rest_route=\/wp\/v2\/posts"}],"about":[{"href":"https:\/\/boklima.de\/index.php?rest_route=\/wp\/v2\/types\/post"}],"author":[{"embeddable":true,"href":"https:\/\/boklima.de\/index.php?rest_route=\/wp\/v2\/users\/2"}],"replies":[{"embeddable":true,"href":"https:\/\/boklima.de\/index.php?rest_route=%2Fwp%2Fv2%2Fcomments&post=6040"}],"version-history":[{"count":5,"href":"https:\/\/boklima.de\/index.php?rest_route=\/wp\/v2\/posts\/6040\/revisions"}],"predecessor-version":[{"id":6045,"href":"https:\/\/boklima.de\/index.php?rest_route=\/wp\/v2\/posts\/6040\/revisions\/6045"}],"wp:attachment":[{"href":"https:\/\/boklima.de\/index.php?rest_route=%2Fwp%2Fv2%2Fmedia&parent=6040"}],"wp:term":[{"taxonomy":"category","embeddable":true,"href":"https:\/\/boklima.de\/index.php?rest_route=%2Fwp%2Fv2%2Fcategories&post=6040"},{"taxonomy":"post_tag","embeddable":true,"href":"https:\/\/boklima.de\/index.php?rest_route=%2Fwp%2Fv2%2Ftags&post=6040"}],"curies":[{"name":"wp","href":"https:\/\/api.w.org\/{rel}","templated":true}]}}