{"id":5875,"date":"2020-09-03T11:40:51","date_gmt":"2020-09-03T09:40:51","guid":{"rendered":"https:\/\/boklima.de\/?p=5875"},"modified":"2020-09-03T11:42:14","modified_gmt":"2020-09-03T09:42:14","slug":"halbzeit-umwelt-versiegelung-0-1-in-bochum-soll-gebaut-werden-und-wie","status":"publish","type":"post","link":"https:\/\/boklima.de\/?p=5875","title":{"rendered":"Halbzeit: Umwelt \u2014 Versiegelung 0 : 1 In Bochum soll gebaut werden &#8211; und wie \u2026"},"content":{"rendered":"\n<p> <\/p>\n\n\n\n<p>Seit 2019 herrscht in Bochum der \u201eKlima-notstand\u201c. Die Stadt will ab sofort \u201e\u2026 die Auswirkungen auf das Klima sowie die \u00f6kologische, gesellschaftliche und \u00f6konomische Nachhaltigkeit bei jeglichen davon betroffenen Entscheidungen ber\u00fccksichtigen und wenn immer m\u00f6glich jene Ent-<br>scheidungen priorit\u00e4r behandeln, welche den Klimawandel oder dessen Folgen abschw\u00e4chen\u201c.<\/p>\n\n\n\n<p> <\/p>\n\n\n\n<div class=\"wp-block-cgb-block-algori-pdf-viewer\"><iframe class=\"wp-block-cgb-block-algori-pdf-viewer-iframe\" src=\"https:\/\/boklima.de\/wp-content\/plugins\/algori-pdf-viewer\/dist\/web\/viewer.html?file=https%3A%2F%2Fboklima.de%2Fwp-content%2Fuploads%2F2020%2F09%2F200902-vonwc-anzeige-x3.pdf\" style=\"width:800px;height:500px\"><\/iframe><\/div>\n\n\n\n<p><\/p>\n\n\n\n<p><\/p>\n\n\n\n<p><strong>informieren Sie sich und seien Sie kritisch<\/strong><br>unterst\u00fctzen Sie die Petitionen der verschiedenen Bochumer Umweltinitiativen und Naturschutzverb\u00e4nde pr\u00fcfen Sie als W\u00e4hler, wem Sie die Verantwortung f\u00fcr den Klima- und Umweltschutz in die H\u00e4nde geben dringen Sie als Parteimitglied auf die Erf\u00fcllung der klimapolitischen Ziele der Stadt stellen Sie sich als Mitglied eines st\u00e4dtischen Gremiums der pers\u00f6nlichen Mitverantwortung f\u00fcr das Bochumer Klima.<\/p>\n\n\n\n<ul class=\"wp-block-list\"><li><a rel=\"noreferrer noopener\" href=\"https:\/\/www.initiative-schlosspark.de\" target=\"_blank\">Initiative Schlosspark:<\/a><\/li><li><a rel=\"noreferrer noopener\" href=\"https:\/\/hinter-der-kiste.stadtentwicklung.net\" target=\"_blank\">B\u00fcrgerinitiative Hinter der Kiste:<\/a><\/li><li><a rel=\"noreferrer noopener\" href=\"https:\/\/stadtentwicklung.net\" target=\"_blank\">Interessengemeinschaft Weitmar-Mark:<\/a><\/li><li><\/li><\/ul>\n","protected":false},"excerpt":{"rendered":"<p>Seit 2019 herrscht in Bochum der \u201eKlima-notstand\u201c. Die Stadt will ab sofort \u201e\u2026 die Auswirkungen auf das Klima sowie die \u00f6kologische, gesellschaftliche und \u00f6konomische Nachhaltigkeit bei jeglichen davon betroffenen Entscheidungen ber\u00fccksichtigen und wenn immer m\u00f6glich jene Ent-scheidungen priorit\u00e4r behandeln, welche den Klimawandel oder dessen Folgen abschw\u00e4chen\u201c. informieren Sie sich und seien Sie kritischunterst\u00fctzen Sie die &hellip; <a href=\"https:\/\/boklima.de\/?p=5875\" class=\"more-link\"><span class=\"screen-reader-text\">\u201eHalbzeit: Umwelt \u2014 Versiegelung 0 : 1 In Bochum soll gebaut werden &#8211; und wie \u2026\u201c <\/span>weiterlesen<\/a><\/p>\n","protected":false},"author":8,"featured_media":0,"comment_status":"open","ping_status":"open","sticky":false,"template":"","format":"standard","meta":{"ngg_post_thumbnail":0,"footnotes":"","_share_on_mastodon":"0"},"categories":[156,104],"tags":[],"class_list":["post-5875","post","type-post","status-publish","format-standard","hentry","category-relevant-bochum","category-oeffentlich-fuer-alle-site-besucher-lesbar"],"share_on_mastodon":{"url":"","error":""},"rttpg_featured_image_url":null,"rttpg_author":{"display_name":"thomas","author_link":"https:\/\/boklima.de\/?author=8"},"rttpg_comment":0,"rttpg_category":"<a href=\"https:\/\/boklima.de\/?cat=156\" rel=\"category\">relevant-Bochum<\/a> <a href=\"https:\/\/boklima.de\/?cat=104\" rel=\"category\">\u00f6ffentlich (f\u00fcr alle lesbar)<\/a>","rttpg_excerpt":"Seit 2019 herrscht in Bochum der \u201eKlima-notstand\u201c. Die Stadt will ab sofort \u201e\u2026 die Auswirkungen auf das Klima sowie die \u00f6kologische, gesellschaftliche und \u00f6konomische Nachhaltigkeit bei jeglichen davon betroffenen Entscheidungen ber\u00fccksichtigen und wenn immer m\u00f6glich jene Ent-scheidungen priorit\u00e4r behandeln, welche den Klimawandel oder dessen Folgen abschw\u00e4chen\u201c. informieren Sie sich und seien Sie kritischunterst\u00fctzen Sie die&hellip;","_links":{"self":[{"href":"https:\/\/boklima.de\/index.php?rest_route=\/wp\/v2\/posts\/5875","targetHints":{"allow":["GET"]}}],"collection":[{"href":"https:\/\/boklima.de\/index.php?rest_route=\/wp\/v2\/posts"}],"about":[{"href":"https:\/\/boklima.de\/index.php?rest_route=\/wp\/v2\/types\/post"}],"author":[{"embeddable":true,"href":"https:\/\/boklima.de\/index.php?rest_route=\/wp\/v2\/users\/8"}],"replies":[{"embeddable":true,"href":"https:\/\/boklima.de\/index.php?rest_route=%2Fwp%2Fv2%2Fcomments&post=5875"}],"version-history":[{"count":2,"href":"https:\/\/boklima.de\/index.php?rest_route=\/wp\/v2\/posts\/5875\/revisions"}],"predecessor-version":[{"id":5878,"href":"https:\/\/boklima.de\/index.php?rest_route=\/wp\/v2\/posts\/5875\/revisions\/5878"}],"wp:attachment":[{"href":"https:\/\/boklima.de\/index.php?rest_route=%2Fwp%2Fv2%2Fmedia&parent=5875"}],"wp:term":[{"taxonomy":"category","embeddable":true,"href":"https:\/\/boklima.de\/index.php?rest_route=%2Fwp%2Fv2%2Fcategories&post=5875"},{"taxonomy":"post_tag","embeddable":true,"href":"https:\/\/boklima.de\/index.php?rest_route=%2Fwp%2Fv2%2Ftags&post=5875"}],"curies":[{"name":"wp","href":"https:\/\/api.w.org\/{rel}","templated":true}]}}