{"id":5123,"date":"2020-06-04T11:42:59","date_gmt":"2020-06-04T09:42:59","guid":{"rendered":"https:\/\/boklima.de\/?p=5123"},"modified":"2020-06-21T11:12:39","modified_gmt":"2020-06-21T09:12:39","slug":"8-plenum-to-17-06-18h-telko-alsengarten-vhs-forum","status":"publish","type":"post","link":"https:\/\/boklima.de\/?p=5123","title":{"rendered":"8. Plenum TO 17.06. 18h (Umweltzentrum ggfls. Alsengarten, Alsenstr. 19)"},"content":{"rendered":"\n<p>Hallo, hiermit laden wir herzlich zum n\u00e4chsten Treffen des Bochumer Klimaschutzb\u00fcndnisses ein: am 17.06.2020 werden wir uns um 18:00 Uhr treffen: Umweltzentrum, Alsenstr. 27, bei trockenem Wetter im Alsengarten (Alsenstr. 19).<\/p>\n\n\n\n<p>Die Coronaepedemie verdr\u00e4ngt zur Zeit alle anderen Themen. Aber auch wenn die Treibhausgasemissionen aktuell zur\u00fcckgehen sind effektive Ma\u00dfnahmen wegen der lang anhaltenden katastrophalen Auswirkungen der Klimakrise dringend notwendig. Die Emissionen werden leider wieder ansteigen. <\/p>\n\n\n\n<hr class=\"wp-block-separator\"\/>\n\n\n\n<p><strong>Tagesordnung<\/strong>: <\/p>\n\n\n\n<p>    <\/p>\n\n\n\n<ol class=\"wp-block-list\"><li><strong>Begr\u00fc\u00dfung<\/strong> insbesondere neuer Mitstreiter*Innen<\/li><li><strong>Kurzberichte<\/strong> der AG&#8217;s  und Unterst\u00fctzer*innen<br>&#8211; Schwerpunktaktivit\u00e4ten der Radwende (angefragt)<\/li><li><strong>Kurzberichte zu den Klimanotstandsbriefen <\/strong>(1 bis 5 sind abgesandt:&nbsp;)<ol><li>Haus des Wissens<\/li><li>\u00d6PNV<\/li><li>Betriebskonzept Markthalle (im Haus des Wissens)<\/li><li>1 Jahr Klimanotstand \/ aktuelle Reaktionen<\/li><li>Fl\u00e4chenfra\u00df <\/li><li><strong>Weitere Ideen<\/strong> (wer ist bereit daran zu arbeiten?):<ol><li>zu aktuellen Bebauungspl\u00e4nen (Zusammenarbeit mit BI\u2018s?)<\/li><li>Solarinitiative<\/li><li>Landwirtschaft<\/li><li>Nachhaltigkeit in der Verwaltung<\/li><li>Nachhaltigkeit bei den Beteiligungsgesellschaften<\/li><li>Stadtwerke <\/li><li>\u2026<\/li><\/ol><\/li><\/ol><\/li><li><strong>Schwerpunktthema des letzten (7.) Treffen <\/strong> <strong>aufgreifen\/abschlie\u00dfen<\/strong> : <strong><em>&#8220;<a rel=\"noreferrer noopener\" href=\"https:\/\/wodaswirnochzaehlt.de\/\" target=\"_blank\">Hier, wo das WIR noch z\u00e4hlt<\/a>&#8220;<\/em><\/strong><br>Eine Kampagne zum &#8220;Wir-Gef\u00fchl&#8221; mit dem irrwitzigen Ausrutscher <br>&#8220;<em>Dein Parkschein geht auf&#8217;s WIR<\/em>&#8221;&nbsp;&nbsp;<ol><li>Sollen wir uns mit dem Thema weiter besch\u00e4ftigen, Aktion endet ja schon in 2 Wochen?<\/li><li>Wenn doch, wie? (Gegenaktion via Plakat?&nbsp;Spie\u00dfrutenlauf Parkhauseinfahrt(en)?)<\/li><li>Andere Inis (StadtF\u00fcrAlle, Attac, Okupy, &#8230;)  \u2013 eigene Site  ab 01.07. !!<\/li><li>Kontakt zur GLS (Wobei w\u00fcnschen wir uns Unterst\u00fctzung durch die GLS?)<\/li><\/ol><\/li><li><strong>Brainstorming Schwerpunktsetzungen<\/strong><ol><li>Welche Aktivit\u00e4ten \/ Schwerpunkte bieten sich f\u00fcr die n\u00e4chsten Wochen an? <\/li><\/ol><\/li><li> <strong>Wie werden wir mehr<\/strong>?  ( *Kurzer*  Gedankenaustausch)<br>Ideen, wie wir mehr Menschen f\u00fcr die Mitarbeit im Bochumer Klimaschutzb\u00fcndnis begeistern k\u00f6nnen sind gefragt<ol><li><strong>Flyer<\/strong>: Wir sollten einen Flyer vlt. Postkarte zum Auslegen in Gesch\u00e4ften , Kneipen , \u2026 erstellen . Inhalte : Was wir machen , Ziele , Verweis auf Site , Treffen \/ Telkos , \u2026<\/li><li><strong>Film-Projekt<\/strong> Film-Projekt(e) Bericht und Ausblick\/Diskussion \u00fcber weitere Themen neben &#8220;StadtGr\u00fcn&#8221; <br>Weitere Stadt-Gr\u00fcn &#8211; Themen : <ol><li>Verkehr <\/li><li>Dach-Nutzung ( Dach-Garten \/ Photovoltaik \/ \u2026 ) \/ \u00dcberfliegen der D\u00e4cher<\/li><li>&#8230;<\/li><\/ol><\/li><li><strong>Social Media <\/strong>Nutzung<\/li><\/ol><\/li><li><strong>Verschiedenes<\/strong> <ol><li><strong>Wahlpr\u00fcfsteine<\/strong><br>Welche existieren bereits?<br>Wer hilft mit &#8220;<em>boklima WP<\/em>&#8221; zu formulieren .<\/li><li><strong>Inhalte f\u00fcr BoKlima<\/strong> : Wer scannt welche Medien und verlinkt \/ bereitet ein wenig auf &#8230;<ol><li>RIS ;<\/li><li>Tages-Presse (WAZ \/ Taz \/ FR \/  Spiegel \/ &#8230; )<\/li><li>Medien  ( WDR  \/ republica.org \/ &#8230;. )<\/li><li>sonstige ( &#8230; )  <\/li><\/ol><\/li><li><strong>Coaching<\/strong> f\u00fcr die Handhabung und Struktur von BoKlima.de sowohl f\u00fcr reine Leser wie auch f\u00fcr Leute die Beitr\u00e4ge erstellen \/ Bearbeiten m\u00f6chten . <a href=\"https:\/\/nuudel.digitalcourage.de\/SigDKAisC3gY9chk\">Neue Termin-Angebote<\/a> ( per WebConf \/ evtl. Alsenstr.27  ) ?<\/li><li>Termin f\u00fcr <strong>Telko<\/strong> zur Web-Site<\/li><li>Veranstaltungen<\/li><li>Leitlinien von Philipp \u2013 Wer arbeitet mit daran ?<\/li><li>Vorgartenpreis ausloben?<\/li><\/ol><\/li><\/ol>\n\n\n\n<hr class=\"wp-block-separator\"\/>\n\n\n\n<p><\/p>\n\n\n\n<p>Weitere Themenvorschl\u00e4ge f\u00fcr die Tagesordnung sind sehr willkommen,<br>Bitte hier eintragen oder via Mail an : <a href=\"mailto:boklima@boklima.de\">mailto:boklima (.bei.) boklima (.dot.) de<\/a> .<\/p>\n","protected":false},"excerpt":{"rendered":"<p>Hallo, hiermit laden wir herzlich zum n\u00e4chsten Treffen des Bochumer Klimaschutzb\u00fcndnisses ein: am 17.06.2020 werden wir uns um 18:00 Uhr treffen: Umweltzentrum, Alsenstr. 27, bei trockenem Wetter im Alsengarten (Alsenstr. 19). Die Coronaepedemie verdr\u00e4ngt zur Zeit alle anderen Themen. Aber auch wenn die Treibhausgasemissionen aktuell zur\u00fcckgehen sind effektive Ma\u00dfnahmen wegen der lang anhaltenden katastrophalen Auswirkungen &hellip; <a href=\"https:\/\/boklima.de\/?p=5123\" class=\"more-link\"><span class=\"screen-reader-text\">\u201e8. Plenum TO 17.06. 18h (Umweltzentrum ggfls. Alsengarten, Alsenstr. 19)\u201c <\/span>weiterlesen<\/a><\/p>\n","protected":false},"author":8,"featured_media":5457,"comment_status":"closed","ping_status":"closed","sticky":false,"template":"","format":"standard","meta":{"ngg_post_thumbnail":0,"footnotes":"","_share_on_mastodon":"0"},"categories":[68,103,105,67],"tags":[],"class_list":["post-5123","post","type-post","status-publish","format-standard","has-post-thumbnail","hentry","category-tagesordnung","category-status-zur-sichtbarkeit","category-intern-alle-fuer-alle-angemeldeten-mitglieder-lesbar","category-boklima-treffen"],"share_on_mastodon":{"url":"","error":""},"rttpg_featured_image_url":{"full":["https:\/\/boklima.de\/wp-content\/uploads\/2020\/06\/20200617-180553-scaled-e1600083008911.jpg",2489,1068,false],"landscape":["https:\/\/boklima.de\/wp-content\/uploads\/2020\/06\/20200617-180553-scaled-e1600083008911.jpg",2489,1068,false],"portraits":["https:\/\/boklima.de\/wp-content\/uploads\/2020\/06\/20200617-180553-scaled-e1600083008911.jpg",2489,1068,false],"thumbnail":["https:\/\/boklima.de\/wp-content\/uploads\/2020\/06\/20200617-180553-scaled-e1600083008911-150x150.jpg",150,150,true],"medium":["https:\/\/boklima.de\/wp-content\/uploads\/2020\/06\/20200617-180553-scaled-e1600083008911-300x129.jpg",300,129,true],"large":["https:\/\/boklima.de\/wp-content\/uploads\/2020\/06\/20200617-180553-scaled-e1600083008911-1024x439.jpg",840,360,true],"1536x1536":["https:\/\/boklima.de\/wp-content\/uploads\/2020\/06\/20200617-180553-scaled-e1600083008911-1536x659.jpg",1536,659,true],"2048x2048":["https:\/\/boklima.de\/wp-content\/uploads\/2020\/06\/20200617-180553-scaled-e1600083008911-2048x879.jpg",2048,879,true],"post-thumbnail":["https:\/\/boklima.de\/wp-content\/uploads\/2020\/06\/20200617-180553-scaled-e1600083008911-1200x515.jpg",1200,515,true]},"rttpg_author":{"display_name":"thomas","author_link":"https:\/\/boklima.de\/?author=8"},"rttpg_comment":0,"rttpg_category":"<a href=\"https:\/\/boklima.de\/?cat=68\" rel=\"category\">Tagesordnung<\/a> <a href=\"https:\/\/boklima.de\/?cat=103\" rel=\"category\">#-Status zur Sichtbarkeit<\/a> <a href=\"https:\/\/boklima.de\/?cat=105\" rel=\"category\">intern Alle<\/a> <a href=\"https:\/\/boklima.de\/?cat=67\" rel=\"category\">BoKlima Treffen<\/a>","rttpg_excerpt":"Hallo, hiermit laden wir herzlich zum n\u00e4chsten Treffen des Bochumer Klimaschutzb\u00fcndnisses ein: am 17.06.2020 werden wir uns um 18:00 Uhr treffen: Umweltzentrum, Alsenstr. 27, bei trockenem Wetter im Alsengarten (Alsenstr. 19). Die Coronaepedemie verdr\u00e4ngt zur Zeit alle anderen Themen. Aber auch wenn die Treibhausgasemissionen aktuell zur\u00fcckgehen sind effektive Ma\u00dfnahmen wegen der lang anhaltenden katastrophalen Auswirkungen&hellip;","_links":{"self":[{"href":"https:\/\/boklima.de\/index.php?rest_route=\/wp\/v2\/posts\/5123","targetHints":{"allow":["GET"]}}],"collection":[{"href":"https:\/\/boklima.de\/index.php?rest_route=\/wp\/v2\/posts"}],"about":[{"href":"https:\/\/boklima.de\/index.php?rest_route=\/wp\/v2\/types\/post"}],"author":[{"embeddable":true,"href":"https:\/\/boklima.de\/index.php?rest_route=\/wp\/v2\/users\/8"}],"replies":[{"embeddable":true,"href":"https:\/\/boklima.de\/index.php?rest_route=%2Fwp%2Fv2%2Fcomments&post=5123"}],"version-history":[{"count":10,"href":"https:\/\/boklima.de\/index.php?rest_route=\/wp\/v2\/posts\/5123\/revisions"}],"predecessor-version":[{"id":5458,"href":"https:\/\/boklima.de\/index.php?rest_route=\/wp\/v2\/posts\/5123\/revisions\/5458"}],"wp:featuredmedia":[{"embeddable":true,"href":"https:\/\/boklima.de\/index.php?rest_route=\/wp\/v2\/media\/5457"}],"wp:attachment":[{"href":"https:\/\/boklima.de\/index.php?rest_route=%2Fwp%2Fv2%2Fmedia&parent=5123"}],"wp:term":[{"taxonomy":"category","embeddable":true,"href":"https:\/\/boklima.de\/index.php?rest_route=%2Fwp%2Fv2%2Fcategories&post=5123"},{"taxonomy":"post_tag","embeddable":true,"href":"https:\/\/boklima.de\/index.php?rest_route=%2Fwp%2Fv2%2Ftags&post=5123"}],"curies":[{"name":"wp","href":"https:\/\/api.w.org\/{rel}","templated":true}]}}