{"id":4694,"date":"2020-05-11T23:04:20","date_gmt":"2020-05-11T21:04:20","guid":{"rendered":"https:\/\/boklima.de\/?p=4694"},"modified":"2020-05-19T14:04:43","modified_gmt":"2020-05-19T12:04:43","slug":"7-plenum-to-20-05-20-18h-telko","status":"publish","type":"post","link":"https:\/\/boklima.de\/?p=4694","title":{"rendered":"7. Plenum , TO 20.05.20 18h (Telko)"},"content":{"rendered":"\n<p>Hallo, hiermit lade ich herzlich zum n\u00e4chsten Treffen des Bochumer Klimaschutzb\u00fcndnisses ein: am 20.05.2020 werden wir um 18:00 Uhr wegen des Kontaktverbots auf Grund der Corona-Panepedemie eine Telefonkonferenz durchf\u00fchren. Wer daran teilnehmen m\u00f6chte m\u00f6ge sich unter der neuen E-Mail-Adresse <a href=\"mailto:boklima@boklima.de\">boklima@boklima.de<\/a> melden. Wir verschicken im Laufe des MI (20.05) die aktuellen Einwahldaten. <\/p>\n\n\n\n<p>Die Coronaepedemie verdr\u00e4gt zur Zeit alle anderen Themen. Aber auch wenn die Treibhausgasemissionen aktuell zur\u00fcckgehen sind effektive Ma\u00dfnahmen wegen der lang anhaltenden katastrophalen Auswirkungen der Klimakrise dringend notwendig. Die Emissionen werden leider wieder ansteigen. <\/p>\n\n\n\n<hr class=\"wp-block-separator\"\/>\n\n\n\n<p>Vorl\u00e4ufige Tagesordnung: <\/p>\n\n\n\n<p>    <\/p>\n\n\n\n<ol class=\"wp-block-list\"><li><strong>Begr\u00fc\u00dfung<\/strong> neuer MitstreiterInnen<\/li><li><strong>Kurzberichte<\/strong> der AG&#8217;s  und Unterst\u00fctzer*innen<br>&#8211; Aktivit\u00e4ten der Radwende (angefragt)<\/li><li><strong>Schwerpunktthema 7.Treffen<\/strong>  : <strong><em>&#8220;<a rel=\"noreferrer noopener\" href=\"https:\/\/wodaswirnochzaehlt.de\/\" target=\"_blank\">Hier, wo das WIR noch z\u00e4hlt<\/a>&#8220;<\/em><\/strong><br>Eine Kampagne\u00a0konventionellen\u00a0Denkens, das Symptome falschen Wirtschaftens mit klima-kontra-produktiven Ma\u00dfnahmen bek\u00e4mpft.\u00a0<ol><li>Brain-Storming &#8211; Wie denkt Ihr dar\u00fcber \/ Wie mit umgehen<\/li><li>Was kritisieren wir? &#8212; <br>Falscher Schwerpunkt bei der Stadt-Mobilit\u00e4t ( Parkhaus-Teckets vs \u00d6PNV-Tickets)<\/li><li>Wie\u00a0reagieren wir darauf?  <br>z.B. <a href=\"https:\/\/boklima.de\/?page_id=4720\">https:\/\/boklima.de\/?page_id=472<\/a>0<\/li><li>Zusammen-Arbeit \/ gemeinsame Aktionen  mit anderen Inis \/ B\u00fcndnissen (Netzwerk Stadtentwicklung \/ Stadt f\u00fcr Alle \/ &#8230; )<\/li><li>Welche unserer Unterst\u00fctzerInnen sind hier ggf. besonders gefragt?<\/li><\/ol><\/li><li><strong>Klimanotstandsbriefe<\/strong> <br>(zwei sind abgesandt: <a href=\"https:\/\/boklima.de\/?page_id=4025\">Haus des Wissens<\/a> ; <a href=\"https:\/\/boklima.de\/?p=4308\">\u00d6PNV<\/a> )     <br>3. Klimanotstandsbrief im Entwurf: im <a href=\"https:\/\/boklima.de\/?page_id=343&amp;view=topic&amp;id=130\">Diskussions-Forum <\/a> ( nur f\u00fcr registrierte Personen)<ol><li>Haus des Wissens <\/li><li>Betriebskonzept Markthalle (im Haus des Wissens)<\/li><li>\u00d6PNV<\/li><li>Fl\u00e4chenfra\u00df : Weitere \u00c4nderungsw\u00fcnsche \/ Wann abschicken \/ &#8230;<br> <\/li><\/ol><\/li><li><strong>Wie werden wir mehr<\/strong>? <br>Ideen wie wir mehr Menschen f\u00fcr die Mitarbeit im Bochumer Klimaschutzb\u00fcndnis begeistern k\u00f6nnen sind gefragt. <ol><li><strong>Flyer<\/strong> : Wir sollten einen Flyer vlt. Postkarte zum Auslegen in Gesch\u00e4ften , Kneipen , &#8230; erstellen . Inhalte : Was wir machen , Ziele , Verweis auf Site , Treffen \/ Telkos , &#8230;<\/li><li><strong>Film-Projekt<\/strong> (s. 6.)<\/li><\/ol><\/li><li><strong>Film-Projekt<\/strong> &#8212; (AG-OeffiArbeit) Ideenskizze f\u00fcr eine neue Aktionsform und eine konkrete Aktivit\u00e4t der AG \u00d6ffentlichkeitsarbeit: Stadtgr\u00fcn (Arbeitstitel) <a href=\"https:\/\/boklima.de\/?page_id=343&amp;view=topic&amp;id=139\">https:\/\/boklima.de\/?page_id=343&amp;view=topic&amp;id=139<\/a><br>Ideen, wie wir mehr Menschen f\u00fcr die Mitarbeit im Bochumer Klimaschutzb\u00fcndnis begeistern k\u00f6nnen sind gefragt. <ol><li>Stadt-Gruen &#8230;.<\/li><li>Verkehr &#8230;..<\/li><li>Dach-Nutzung  ( Dach-Garten \/ Photovoltaik \/ &#8230; ) \/ \u00dcberfliegen der D\u00e4cher <br><\/li><\/ol><\/li><li><strong>Verschiedenes<\/strong> <ol><li><strong>Wahlpr\u00fcfsteine<\/strong><ol><li>&#8230;<\/li><\/ol><\/li><li><strong>Info<\/strong> : Nachhaltigkeitstag wurde abgesagt<\/li><li><strong>Klimanotstandstag <\/strong>Ideen f\u00fcr Aktivit\u00e4ten zu einem Jahr Klimanotstand (06.06.)<\/li><li><strong>Inhalte f\u00fcr BoKlima<\/strong> : Wer scannt welche Medien und verlinkt \/ bereitet ein wenig auf <ol><li>RIS ;<\/li><li>Tages-Presse (WAZ \/ Taz \/ FR \/  Spiegel \/ &#8230; )<\/li><li>Medien  ( WDR  \/ republica.org \/ &#8230;. )<\/li><li>sonstige ( &#8230; )  <\/li><\/ol><\/li><li><strong>aktuelle HomePage <\/strong>&#8212; Erweiterungen \/ Erg\u00e4nzungen unserer Homepage (! KEINE SystemDiskussion !) ; Termin-Poll f\u00fcr <a rel=\"noreferrer noopener\" href=\"https:\/\/nuudel.digitalcourage.de\/6UkegBcV2PfSaTAg\" target=\"_blank\">Extra Telko<\/a> <ol><li>Neue Struktur &#8216;Aktuelles&#8217;<\/li><li>AG-Klimanotstand<\/li><li>Arbeiten zur weiteren Barrierefreiheit<\/li><li>Eure Wuensche und M\u00f6glichkeiten zur Layout-Verbesserung<\/li><\/ol><\/li><li><strong>Coaching<\/strong> f\u00fcr die Handhabung und Struktur von BoKlima.de sowohl f\u00fcr reine Leser wie auch f\u00fcr Leute die Beitr\u00e4ge erstellen \/ Bearbeiten m\u00f6chten . <a href=\"https:\/\/nuudel.digitalcourage.de\/SigDKAisC3gY9chk\">Neue Termin-Angebote<\/a> ( per WebConf \/ evtl. Alsenstr.27  ) ?<\/li><li>Veranstaltungen<\/li><li>xx<\/li><\/ol><\/li><\/ol>\n\n\n\n<hr class=\"wp-block-separator\"\/>\n\n\n\n<p>Weitere Themenvorschl\u00e4ge f\u00fcr die Tagesordnung sind sehr willkommen,<br>Bitte hier eintragen oder via Mail an : <a href=\"mailto:boklima@boklima.de\">mailto:boklima (.bei.) boklima (.dot.) de<\/a> .<\/p>\n","protected":false},"excerpt":{"rendered":"<p>Hallo, hiermit lade ich herzlich zum n\u00e4chsten Treffen des Bochumer Klimaschutzb\u00fcndnisses ein: am 20.05.2020 werden wir um 18:00 Uhr wegen des Kontaktverbots auf Grund der Corona-Panepedemie eine Telefonkonferenz durchf\u00fchren. Wer daran teilnehmen m\u00f6chte m\u00f6ge sich unter der neuen E-Mail-Adresse boklima@boklima.de melden. Wir verschicken im Laufe des MI (20.05) die aktuellen Einwahldaten. Die Coronaepedemie verdr\u00e4gt zur &hellip; <a href=\"https:\/\/boklima.de\/?p=4694\" class=\"more-link\"><span class=\"screen-reader-text\">\u201e7. Plenum , TO 20.05.20 18h (Telko)\u201c <\/span>weiterlesen<\/a><\/p>\n","protected":false},"author":8,"featured_media":0,"comment_status":"open","ping_status":"open","sticky":false,"template":"","format":"standard","meta":{"ngg_post_thumbnail":0,"footnotes":"","_share_on_mastodon":"0"},"categories":[68,103,105,67],"tags":[],"class_list":["post-4694","post","type-post","status-publish","format-standard","hentry","category-tagesordnung","category-status-zur-sichtbarkeit","category-intern-alle-fuer-alle-angemeldeten-mitglieder-lesbar","category-boklima-treffen"],"share_on_mastodon":{"url":"","error":""},"rttpg_featured_image_url":null,"rttpg_author":{"display_name":"thomas","author_link":"https:\/\/boklima.de\/?author=8"},"rttpg_comment":0,"rttpg_category":"<a href=\"https:\/\/boklima.de\/?cat=68\" rel=\"category\">Tagesordnung<\/a> <a href=\"https:\/\/boklima.de\/?cat=103\" rel=\"category\">#-Status zur Sichtbarkeit<\/a> <a href=\"https:\/\/boklima.de\/?cat=105\" rel=\"category\">intern Alle<\/a> <a href=\"https:\/\/boklima.de\/?cat=67\" rel=\"category\">BoKlima Treffen<\/a>","rttpg_excerpt":"Hallo, hiermit lade ich herzlich zum n\u00e4chsten Treffen des Bochumer Klimaschutzb\u00fcndnisses ein: am 20.05.2020 werden wir um 18:00 Uhr wegen des Kontaktverbots auf Grund der Corona-Panepedemie eine Telefonkonferenz durchf\u00fchren. Wer daran teilnehmen m\u00f6chte m\u00f6ge sich unter der neuen E-Mail-Adresse boklima@boklima.de melden. Wir verschicken im Laufe des MI (20.05) die aktuellen Einwahldaten. Die Coronaepedemie verdr\u00e4gt zur&hellip;","_links":{"self":[{"href":"https:\/\/boklima.de\/index.php?rest_route=\/wp\/v2\/posts\/4694","targetHints":{"allow":["GET"]}}],"collection":[{"href":"https:\/\/boklima.de\/index.php?rest_route=\/wp\/v2\/posts"}],"about":[{"href":"https:\/\/boklima.de\/index.php?rest_route=\/wp\/v2\/types\/post"}],"author":[{"embeddable":true,"href":"https:\/\/boklima.de\/index.php?rest_route=\/wp\/v2\/users\/8"}],"replies":[{"embeddable":true,"href":"https:\/\/boklima.de\/index.php?rest_route=%2Fwp%2Fv2%2Fcomments&post=4694"}],"version-history":[{"count":10,"href":"https:\/\/boklima.de\/index.php?rest_route=\/wp\/v2\/posts\/4694\/revisions"}],"predecessor-version":[{"id":4774,"href":"https:\/\/boklima.de\/index.php?rest_route=\/wp\/v2\/posts\/4694\/revisions\/4774"}],"wp:attachment":[{"href":"https:\/\/boklima.de\/index.php?rest_route=%2Fwp%2Fv2%2Fmedia&parent=4694"}],"wp:term":[{"taxonomy":"category","embeddable":true,"href":"https:\/\/boklima.de\/index.php?rest_route=%2Fwp%2Fv2%2Fcategories&post=4694"},{"taxonomy":"post_tag","embeddable":true,"href":"https:\/\/boklima.de\/index.php?rest_route=%2Fwp%2Fv2%2Ftags&post=4694"}],"curies":[{"name":"wp","href":"https:\/\/api.w.org\/{rel}","templated":true}]}}