{"id":4563,"date":"2020-05-02T14:01:01","date_gmt":"2020-05-02T12:01:01","guid":{"rendered":"https:\/\/boklima.de\/?p=4563"},"modified":"2020-05-02T20:47:05","modified_gmt":"2020-05-02T18:47:05","slug":"impuls-aus-bogota","status":"publish","type":"post","link":"https:\/\/boklima.de\/?p=4563","title":{"rendered":"Impuls aus Bogot\u00e1"},"content":{"rendered":"\n<h2 class=\"wp-block-heading\"><span class=\"ez-toc-section\" id=\"Externer_Link\"><\/span><strong>Externer Link:<\/strong><span class=\"ez-toc-section-end\"><\/span><\/h2>\n\n\n\n<p><a href=\"https:\/\/taz.de\/!5681083\/\">https:\/\/taz.de\/!5681083\/<\/a> taz vom 30.04.2020:<\/p>\n\n\n\n<h2 class=\"wp-block-heading\"><span class=\"ez-toc-section\" id=\"Impuls_aus_Bogota\"><\/span>Impuls aus Bogot\u00e1<span class=\"ez-toc-section-end\"><\/span><\/h2>\n\n\n\n<p>Die Pandemie zeigt in vielen St\u00e4dten: Wo ein Wille ist, ist auch schnell ein Radweg<\/p>\n\n\n\n<p>\u201eEs wird spannend, ob das Erreichte bestehen bleibt\u201cStefan Gelbhaar, Radverkehrsexperte der Bundestagsfraktion der Gr\u00fcnen<\/p>\n\n\n\n<p>Von Anja Kr\u00fcger<\/p>\n\n\n\n<p>Am Halleschen Ufer in Berlin-Kreuzberg ist ein Teil der Stra\u00dfe mit gelben Streifen abgetrennt, darauf stehen rot-wei\u00dfe Barken. Der gr\u00fcne Bundestagsabgeordnete Stefan Gelbhaar radelt entspannt die breite Spur entlang, die es erst seit Kurzem gibt. \u00dcberholende RadlerInnen k\u00f6nnen den Corona-Sicherheitsabstand von 1,5 Metern gut einhalten. Die Stra\u00dfe ist stark befahren. Ohne die neue Spur w\u00e4re es f\u00fcr RadlerInnen hier unangenehm \u2013 oder sie m\u00fcssten auf den Fu\u00dfweg ausweichen. \u201eEs wird spannend, ob das Erreichte bestehen bleibt\u201c, sagt Radverkehrsexperte Gelbhaar.<\/p>\n\n\n\n<p>Ob Berlin, Bogot\u00e1 oder Budapest \u2013 in vielen St\u00e4dten werden derzeit vor\u00fcbergehende Radspuren eingerichtet, sogenannte Pop-up-Bike-Lanes. Denn im Moment fahren viel mehr Leute mit dem Rad. Die Coronakrise zeigt: Wo ein Wille ist, ist auch schnell ein Radweg.<\/p>\n\n\n\n<p>Der Begriff \u201ePop-up-Bike-Lanes\u201c kommt aus Nordamerika. Dort experimentieren St\u00e4dte wie New York schon seit Jahren mit tempor\u00e4ren Radstreifen, wei\u00df Burkhard Stork, Gesch\u00e4ftsf\u00fchrer des Fahrradverbands ADFC. \u201eEs hat sich gezeigt, dass es das Sicherheitsempfinden steigert, wenn etwas zwischen Radstreifen und Autostra\u00dfe steht\u201c, sagt er.<\/p>\n\n\n\n<p>Im kanadischen Vancouver wurde die Innenstadt w\u00e4hrend der Olympischen Spiele f\u00fcr den Autoverkehr gesperrt. Dann entstand ein gutes Radnetz. Vancouver k\u00f6nnte ein Vorbild sein, wie die Coronakrise die Radinfrastruktur ver\u00e4ndert, sagt Stork. \u201eMan sieht daran: Ein Ereignis und tempor\u00e4re Ma\u00dfnahmen bringen auf Dauer etwas.\u201c<\/p>\n\n\n\n<p>Der Impuls f\u00fcr die jetzige weltweite Radwegewelle kam aus der kolumbianischen Hauptstadt Bogot\u00e1. Dort waren die Stra\u00dfen schon vorher sonntags gesperrt. In der Corona\u00adkrise hat Bogota das Sonntagsprogramm ausgedehnt und etliche tempor\u00e4re Radstra\u00dfen ausgewiesen. \u201eDas war die Initialz\u00fcndung f\u00fcr viele St\u00e4dte\u201c, sagt Stork. In Budapest oder Mailand etwa entstehen neue Radwege. In Mexiko-Stadt, Minneapolis oder Calgary wurden Stra\u00dfen f\u00fcr Autos gesperrt und f\u00fcr Fu\u00dfg\u00e4ngerInnen und RadfahrerInnen ge\u00f6ffnet.<\/p>\n\n\n\n<p>In Deutschland gibt es neue Radspuren bislang vor allem in Berlin, wo die Verwaltung fahrradfreundlich ist. \u201eAus anderen deutschen St\u00e4dten sind uns bisher keine Initiativen bekannt, die von der Verwaltung angesto\u00dfen wurden\u201c, sagt J\u00fcrgen Resch von der Deutschen Umwelthilfe. \u201eVielmehr werden B\u00fcrgerinnen und B\u00fcrger selbst aktiv, wie in Stuttgart, Frankfurt oder Freiburg.\u201c<\/p>\n\n\n\n<p>In Stuttgart etwa haben B\u00fcrgerInnen auf eigene Faust Pop-up-Radwege f\u00fcr einige Stunden aufgebaut. Die DUH hat Antr\u00e4ge an 204 Stadtverwaltungen geschickt und sie aufgefordert, Verkehrsfl\u00e4chen f\u00fcr Fahrr\u00e4der umzuwidmen. Zum Beispiel in K\u00f6ln, Frankfurt am Main oder Dresden w\u00fcrden sich die Beh\u00f6rden jetzt damit besch\u00e4ftigten, weitere Kommunen haben angek\u00fcndigt, das zu tun.<\/p>\n\n\n\n<p>Nicht alle freuen sich \u00fcber diese Entwicklung. \u201eAus unserer Sicht w\u00e4re dem Radverkehr mehr geholfen, wenn die Radverkehrsinfrastruktur nachhaltig verbessert und entlang der \u00fcblichen Planungsprozesse gestaltet w\u00fcrde\u201c, sagt ein Sprecher des ADAC. \u00dcbereilte Ma\u00dfnahmen k\u00f6nnten zu neuen Gefahren f\u00fchren, weil sich RadlerInnen etwa vor abbiegenden Bussen in Acht nehmen m\u00fcssen.<\/p>\n\n\n\n<p>Der ADAC findet, tempor\u00e4re Radspuren sollten mit der Coronakrise verschwinden. Der Abgeordnete Gelbhaar hofft das Gegenteil. In der Coronakrise sei die Wertsch\u00e4tzung f\u00fcrs Rad gestiegen. \u201eDas Fahrrad gilt als systemrelevant. Das ist neu\u201c, sagt Gelbhaar. Diese Wertsch\u00e4tzung f\u00e4llt auf fruchtbaren Boden, glaubt er. Denn immer mehr Menschen engagieren sich f\u00fcr eine bessere Radinfrastruktur. Sie bekommen jetzt R\u00fcckenwind.<\/p>\n\n\n\n<p>  <\/p>\n\n\n\n<hr class=\"wp-block-separator\"\/>\n\n\n\n<p><a href=\"https:\/\/taz.de\/Verkehrsforscherin-ueber-Nahverkehr\/!566395\">https:\/\/taz.de\/Verkehrsforscherin-ueber-Nahverkehr\/!566395<\/a> Kostenloser \u00d6PNV in Luxemburg wird nur ca. 6 % Steigerung des \u00d6PNV-Anteils bewirken.<\/p>\n<div id=\"ez-toc-container\" class=\"ez-toc-v2_0_82_2 counter-hierarchy ez-toc-counter ez-toc-transparent ez-toc-container-direction\">\n<div class=\"ez-toc-title-container\">\n<p class=\"ez-toc-title\" style=\"cursor:inherit\">Inhalte dieser Seite :<\/p>\n<span class=\"ez-toc-title-toggle\"><a href=\"#\" class=\"ez-toc-pull-right ez-toc-btn ez-toc-btn-xs ez-toc-btn-default ez-toc-toggle\" aria-label=\"Toggle Table of Content\"><span class=\"ez-toc-js-icon-con\"><span class=\"\"><span class=\"eztoc-hide\" style=\"display:none;\">Toggle<\/span><span class=\"ez-toc-icon-toggle-span\"><svg style=\"fill: #999;color:#999\" xmlns=\"http:\/\/www.w3.org\/2000\/svg\" class=\"list-377408\" width=\"20px\" height=\"20px\" viewBox=\"0 0 24 24\" fill=\"none\"><path d=\"M6 6H4v2h2V6zm14 0H8v2h12V6zM4 11h2v2H4v-2zm16 0H8v2h12v-2zM4 16h2v2H4v-2zm16 0H8v2h12v-2z\" fill=\"currentColor\"><\/path><\/svg><svg style=\"fill: #999;color:#999\" class=\"arrow-unsorted-368013\" xmlns=\"http:\/\/www.w3.org\/2000\/svg\" width=\"10px\" height=\"10px\" viewBox=\"0 0 24 24\" version=\"1.2\" baseProfile=\"tiny\"><path d=\"M18.2 9.3l-6.2-6.3-6.2 6.3c-.2.2-.3.4-.3.7s.1.5.3.7c.2.2.4.3.7.3h11c.3 0 .5-.1.7-.3.2-.2.3-.5.3-.7s-.1-.5-.3-.7zM5.8 14.7l6.2 6.3 6.2-6.3c.2-.2.3-.5.3-.7s-.1-.5-.3-.7c-.2-.2-.4-.3-.7-.3h-11c-.3 0-.5.1-.7.3-.2.2-.3.5-.3.7s.1.5.3.7z\"\/><\/svg><\/span><\/span><\/span><\/a><\/span><\/div>\n<nav><ul class='ez-toc-list ez-toc-list-level-1 eztoc-toggle-hide-by-default' ><li class='ez-toc-page-1 ez-toc-heading-level-2'><a class=\"ez-toc-link ez-toc-heading-1\" href=\"https:\/\/boklima.de\/?p=4563\/#Externer_Link\" >Externer Link:<\/a><\/li><li class='ez-toc-page-1 ez-toc-heading-level-2'><a class=\"ez-toc-link ez-toc-heading-2\" href=\"https:\/\/boklima.de\/?p=4563\/#Impuls_aus_Bogota\" >Impuls aus Bogot\u00e1<\/a><\/li><\/ul><\/nav><\/div>\n","protected":false},"excerpt":{"rendered":"<p>Externer Link: https:\/\/taz.de\/!5681083\/ taz vom 30.04.2020: Impuls aus Bogot\u00e1 Die Pandemie zeigt in vielen St\u00e4dten: Wo ein Wille ist, ist auch schnell ein Radweg \u201eEs wird spannend, ob das Erreichte bestehen bleibt\u201cStefan Gelbhaar, Radverkehrsexperte der Bundestagsfraktion der Gr\u00fcnen Von Anja Kr\u00fcger Am Halleschen Ufer in Berlin-Kreuzberg ist ein Teil der Stra\u00dfe mit gelben Streifen abgetrennt, &hellip; <a href=\"https:\/\/boklima.de\/?p=4563\" class=\"more-link\"><span class=\"screen-reader-text\">\u201eImpuls aus Bogot\u00e1\u201c <\/span>weiterlesen<\/a><\/p>\n","protected":false},"author":2,"featured_media":0,"comment_status":"open","ping_status":"open","sticky":false,"template":"","format":"standard","meta":{"ngg_post_thumbnail":0,"footnotes":"","_share_on_mastodon":"0"},"categories":[157,104,103,95],"tags":[],"class_list":["post-4563","post","type-post","status-publish","format-standard","hentry","category-relevant-klimanews","category-oeffentlich-fuer-alle-site-besucher-lesbar","category-status-zur-sichtbarkeit","category-aktuell"],"share_on_mastodon":{"url":"","error":""},"rttpg_featured_image_url":null,"rttpg_author":{"display_name":"thomas - als admin","author_link":"https:\/\/boklima.de\/?author=2"},"rttpg_comment":0,"rttpg_category":"<a href=\"https:\/\/boklima.de\/?cat=157\" rel=\"category\">relevant-KlimaNews<\/a> <a href=\"https:\/\/boklima.de\/?cat=104\" rel=\"category\">\u00f6ffentlich (f\u00fcr alle lesbar)<\/a> <a href=\"https:\/\/boklima.de\/?cat=103\" rel=\"category\">#-Status zur Sichtbarkeit<\/a> <a href=\"https:\/\/boklima.de\/?cat=95\" rel=\"category\">Aktuell<\/a>","rttpg_excerpt":"Externer Link: https:\/\/taz.de\/!5681083\/ taz vom 30.04.2020: Impuls aus Bogot\u00e1 Die Pandemie zeigt in vielen St\u00e4dten: Wo ein Wille ist, ist auch schnell ein Radweg \u201eEs wird spannend, ob das Erreichte bestehen bleibt\u201cStefan Gelbhaar, Radverkehrsexperte der Bundestagsfraktion der Gr\u00fcnen Von Anja Kr\u00fcger Am Halleschen Ufer in Berlin-Kreuzberg ist ein Teil der Stra\u00dfe mit gelben Streifen abgetrennt,&hellip;","_links":{"self":[{"href":"https:\/\/boklima.de\/index.php?rest_route=\/wp\/v2\/posts\/4563","targetHints":{"allow":["GET"]}}],"collection":[{"href":"https:\/\/boklima.de\/index.php?rest_route=\/wp\/v2\/posts"}],"about":[{"href":"https:\/\/boklima.de\/index.php?rest_route=\/wp\/v2\/types\/post"}],"author":[{"embeddable":true,"href":"https:\/\/boklima.de\/index.php?rest_route=\/wp\/v2\/users\/2"}],"replies":[{"embeddable":true,"href":"https:\/\/boklima.de\/index.php?rest_route=%2Fwp%2Fv2%2Fcomments&post=4563"}],"version-history":[{"count":2,"href":"https:\/\/boklima.de\/index.php?rest_route=\/wp\/v2\/posts\/4563\/revisions"}],"predecessor-version":[{"id":4585,"href":"https:\/\/boklima.de\/index.php?rest_route=\/wp\/v2\/posts\/4563\/revisions\/4585"}],"wp:attachment":[{"href":"https:\/\/boklima.de\/index.php?rest_route=%2Fwp%2Fv2%2Fmedia&parent=4563"}],"wp:term":[{"taxonomy":"category","embeddable":true,"href":"https:\/\/boklima.de\/index.php?rest_route=%2Fwp%2Fv2%2Fcategories&post=4563"},{"taxonomy":"post_tag","embeddable":true,"href":"https:\/\/boklima.de\/index.php?rest_route=%2Fwp%2Fv2%2Ftags&post=4563"}],"curies":[{"name":"wp","href":"https:\/\/api.w.org\/{rel}","templated":true}]}}