{"id":4510,"date":"2020-04-28T00:28:54","date_gmt":"2020-04-27T22:28:54","guid":{"rendered":"https:\/\/boklima.de\/?p=4510"},"modified":"2020-05-01T17:43:32","modified_gmt":"2020-05-01T15:43:32","slug":"1-treffen-klimawende-bochum","status":"publish","type":"post","link":"https:\/\/boklima.de\/?p=4510","title":{"rendered":"1. Treffen Klimawende Bochum"},"content":{"rendered":"\n<p><strong>An:<\/strong>&nbsp;&#8220;Klimawende bochum&#8221; &lt;klimawende-bochum@posteo.de&gt;<br><strong>Betreff:<\/strong>&nbsp;1. Treffen Klimawende Bochum <\/p>\n\n\n\n<p>Hallo zusammen,<br>da der Lockdown aufgrund von Corona noch etwas andauern wird (zumindest bei Treffen gr\u00f6\u00dferer Gruppen), haben wir uns entschieden mit unserer Arbeit im Rahmen von Klimawende Bochum zun\u00e4chst online zu beginnen. Dazu stellt uns das Umweltinstitut M\u00fcnchen einen Zoom-Konferenzraum zur Verf\u00fcgung. <\/p>\n\n\n\n<p class=\"has-background has-yellow-background-color\"><strong>ANMERKUNG<\/strong> (Red boklima):<br>Bitte nehmt andere Tools als Zoom (z.B. https:\/\/jitsi.org\/ wird sogar in Bochum gehosted) , die sind immer noch eine DatenKrake, erf\u00fcllen immer noch nicht den wirklichen Daten- und vor allem Tracking-Schutz. Dar\u00fcber hinaus ist wohl die Berliner Zoom-Fest-Einwahl-Nr (f\u00fcr Leute die sich per Telefon beteiligen m\u00f6chten) kostenpflichtig ohne dass da drauf hingewiesen wird &#8212; das ist Betrug  <\/p>\n\n\n\n<p>Hier k\u00f6nnen wir alle per Video (oder auch nicht \ud83d\ude09 ) beitreten und uns zumindest \u00fcber den Bildschirm sehen.<br><br>Um einen geeigneten Termin f\u00fcr m\u00f6glichst viele Menschen zu finden, haben<br>wir einen Doodle vorbereitet. <\/p>\n\n\n\n<p>Tragt Euch bitte zeitnah ein und wir geben<br>Euch dann Bescheid wann das Onlineplenum stattfinden wird. Die Uhrzeit<br>bezieht sich jeweils auf den Beginn des Onlineplenums. Hier der Link:<br><br><a rel=\"noreferrer noopener\" href=\"https:\/\/dudle.inf.tu-dresden.de\/tbXdPq9w3g\/\" target=\"_blank\">https:\/\/dudle.inf.tu-dresden.de\/tbXdPq9w3g\/<\/a><br><br>Bitte streut diese Info an Personen und Gruppen, von denen ihr wisst,<br>dass sie Interesse an Klimawende Bochum haben. Leider konnten wir nicht<br>alle eMail-Adressen von der Auftaktveranstaltung lesen und manche, die<br>sich eingetragen haben, bekommen die Mail nun leider nicht. Wenn es<br>Menschen gibt, die dauerhaft Infos zu kommenden Veranstaltungen haben<br>m\u00f6chten, k\u00f6nnen diese sich gerne unter klimawende-bochum@posteo.de melden \ud83d\ude42<br><br>Liebe Gr\u00fc\u00dfe und bleibt alle gesund,<br>Felix &amp; Sarah<\/p>\n","protected":false},"excerpt":{"rendered":"<p>An:&nbsp;&#8220;Klimawende bochum&#8221; &lt;klimawende-bochum@posteo.de&gt;Betreff:&nbsp;1. Treffen Klimawende Bochum Hallo zusammen,da der Lockdown aufgrund von Corona noch etwas andauern wird (zumindest bei Treffen gr\u00f6\u00dferer Gruppen), haben wir uns entschieden mit unserer Arbeit im Rahmen von Klimawende Bochum zun\u00e4chst online zu beginnen. Dazu stellt uns das Umweltinstitut M\u00fcnchen einen Zoom-Konferenzraum zur Verf\u00fcgung. ANMERKUNG (Red boklima):Bitte nehmt andere Tools als &hellip; <a href=\"https:\/\/boklima.de\/?p=4510\" class=\"more-link\"><span class=\"screen-reader-text\">\u201e1. Treffen Klimawende Bochum\u201c <\/span>weiterlesen<\/a><\/p>\n","protected":false},"author":8,"featured_media":0,"comment_status":"open","ping_status":"open","sticky":false,"template":"","format":"standard","meta":{"ngg_post_thumbnail":0,"footnotes":"","_share_on_mastodon":"0"},"categories":[156,104,103,95,137,125],"tags":[],"class_list":["post-4510","post","type-post","status-publish","format-standard","hentry","category-relevant-bochum","category-oeffentlich-fuer-alle-site-besucher-lesbar","category-status-zur-sichtbarkeit","category-aktuell","category-aktuell-allgemein","category-klima-schutz-themen"],"share_on_mastodon":{"url":"","error":""},"rttpg_featured_image_url":null,"rttpg_author":{"display_name":"thomas","author_link":"https:\/\/boklima.de\/?author=8"},"rttpg_comment":0,"rttpg_category":"<a href=\"https:\/\/boklima.de\/?cat=156\" rel=\"category\">relevant-Bochum<\/a> <a href=\"https:\/\/boklima.de\/?cat=104\" rel=\"category\">\u00f6ffentlich (f\u00fcr alle lesbar)<\/a> <a href=\"https:\/\/boklima.de\/?cat=103\" rel=\"category\">#-Status zur Sichtbarkeit<\/a> <a href=\"https:\/\/boklima.de\/?cat=95\" rel=\"category\">Aktuell<\/a> <a href=\"https:\/\/boklima.de\/?cat=137\" rel=\"category\">Aktuell-Allgemein<\/a> <a href=\"https:\/\/boklima.de\/?cat=125\" rel=\"category\">Klima-Schutz-Themen<\/a>","rttpg_excerpt":"An:&nbsp;&#8220;Klimawende bochum&#8221; &lt;klimawende-bochum@posteo.de&gt;Betreff:&nbsp;1. Treffen Klimawende Bochum Hallo zusammen,da der Lockdown aufgrund von Corona noch etwas andauern wird (zumindest bei Treffen gr\u00f6\u00dferer Gruppen), haben wir uns entschieden mit unserer Arbeit im Rahmen von Klimawende Bochum zun\u00e4chst online zu beginnen. Dazu stellt uns das Umweltinstitut M\u00fcnchen einen Zoom-Konferenzraum zur Verf\u00fcgung. ANMERKUNG (Red boklima):Bitte nehmt andere Tools als&hellip;","_links":{"self":[{"href":"https:\/\/boklima.de\/index.php?rest_route=\/wp\/v2\/posts\/4510","targetHints":{"allow":["GET"]}}],"collection":[{"href":"https:\/\/boklima.de\/index.php?rest_route=\/wp\/v2\/posts"}],"about":[{"href":"https:\/\/boklima.de\/index.php?rest_route=\/wp\/v2\/types\/post"}],"author":[{"embeddable":true,"href":"https:\/\/boklima.de\/index.php?rest_route=\/wp\/v2\/users\/8"}],"replies":[{"embeddable":true,"href":"https:\/\/boklima.de\/index.php?rest_route=%2Fwp%2Fv2%2Fcomments&post=4510"}],"version-history":[{"count":2,"href":"https:\/\/boklima.de\/index.php?rest_route=\/wp\/v2\/posts\/4510\/revisions"}],"predecessor-version":[{"id":4518,"href":"https:\/\/boklima.de\/index.php?rest_route=\/wp\/v2\/posts\/4510\/revisions\/4518"}],"wp:attachment":[{"href":"https:\/\/boklima.de\/index.php?rest_route=%2Fwp%2Fv2%2Fmedia&parent=4510"}],"wp:term":[{"taxonomy":"category","embeddable":true,"href":"https:\/\/boklima.de\/index.php?rest_route=%2Fwp%2Fv2%2Fcategories&post=4510"},{"taxonomy":"post_tag","embeddable":true,"href":"https:\/\/boklima.de\/index.php?rest_route=%2Fwp%2Fv2%2Ftags&post=4510"}],"curies":[{"name":"wp","href":"https:\/\/api.w.org\/{rel}","templated":true}]}}