{"id":4497,"date":"2020-04-25T09:28:59","date_gmt":"2020-04-25T07:28:59","guid":{"rendered":"https:\/\/boklima.de\/?p=4497"},"modified":"2020-05-01T17:44:40","modified_gmt":"2020-05-01T15:44:40","slug":"diskussion-ueber-duerre-zu-viel-sonne-zu-wenig-regen-wdr5-polit-wg","status":"publish","type":"post","link":"https:\/\/boklima.de\/?p=4497","title":{"rendered":"Diskussion \u00fcber D\u00fcrre &#8211; Zu viel Sonne, zu wenig Regen &#8212; wdr5 &#8211; &#8216;Polit WG&#8217;"},"content":{"rendered":"\n<h3 class=\"wp-block-heading\"><span class=\"ez-toc-section\" id=\"Duerre\"><\/span>D\u00fcrre!<span class=\"ez-toc-section-end\"><\/span><\/h3>\n\n\n\n<p>Zu viel Sonne, zu wenig Regen. W\u00e4lder brennen, die B\u00f6den sind ausgetrocknet. Schon das dritte Jahr in Folge \u00e4chzt der Wald unter lang anhaltenden D\u00fcrre-Perioden. Ist das auch eine Art &#8220;neue Normalit\u00e4t&#8221;, mit der wir uns abfinden m\u00fcssen?<\/p>\n\n\n\n<p>Der Klimawandel ist kein Schicksal, sondern von Menschen gemacht und obwohl die Politik die Warnungen der Wissenschaftler seit Langem kennt, hat sie nicht oder zu langsam reagiert. Dabei liegt unsere &#8220;gr\u00fcne Lunge&#8221; in manchen Regionen des Landes l\u00e4ngst auf der Intensivstation. Anders als bei COVID 19 hat sich eine radikale Ver\u00e4nderung unseres Wirtschaftens und Konsumverhaltens aber nie durchgesetzt. Was sollten wir jetzt tun, um dem Wald wieder auf die Beine zu helfen? Und bedeutet die Corona-Krise Schutz oder Bedrohung f\u00fcr das Klima? &nbsp;<a href=\"https:\/\/www1.wdr.de\/mediathek\/audio\/wdr5\/polit-wg\/audio-duerre-102.html\"> Audio starten, abbrechen mit Escape<\/a><\/p>\n\n\n\n<h3 class=\"wp-block-heading\"><span class=\"ez-toc-section\" id=\"Duerre-2\"><\/span>D\u00fcrre!<span class=\"ez-toc-section-end\"><\/span><\/h3>\n\n\n\n<p>WDR 5 Polit-WG. 25.04.2020. 33:03 Min.. Verf\u00fcgbar bis 24.04.2021. WDR 5.<\/p>\n\n\n\n<p><a href=\"https:\/\/wdrmedien-a.akamaihd.net\/medp\/podcast\/weltweit\/fsk0\/215\/2152499\/wdr5politwg_2020-04-25_duerre_wdr5.mp3\">Audio Download . Download mit LINUX: Rechte Maustaste und &#8220;Ziel speichern unter&#8221; oder &#8220;Link speichern unter&#8221;.<\/a><\/p>\n\n\n\n<p>Wir reden dr\u00fcber, in der Polit-WG auf WDR5 mit Rebecca Link, Detlef Reepen und Julia Borutta<\/p>\n\n\n\n<p>zum Artikel und Podcast bei wdr5  <a rel=\"noreferrer noopener\" href=\"https:\/\/www1.wdr.de\/radio\/wdr5\/sendungen\/morgenecho\/politwg\/duerre-nrw-100.html\" target=\"_blank\">hier <\/a><\/p>\n<div id=\"ez-toc-container\" class=\"ez-toc-v2_0_82_2 counter-hierarchy ez-toc-counter ez-toc-transparent ez-toc-container-direction\">\n<div class=\"ez-toc-title-container\">\n<p class=\"ez-toc-title\" style=\"cursor:inherit\">Inhalte dieser Seite :<\/p>\n<span class=\"ez-toc-title-toggle\"><a href=\"#\" class=\"ez-toc-pull-right ez-toc-btn ez-toc-btn-xs ez-toc-btn-default ez-toc-toggle\" aria-label=\"Toggle Table of Content\"><span class=\"ez-toc-js-icon-con\"><span class=\"\"><span class=\"eztoc-hide\" style=\"display:none;\">Toggle<\/span><span class=\"ez-toc-icon-toggle-span\"><svg style=\"fill: #999;color:#999\" xmlns=\"http:\/\/www.w3.org\/2000\/svg\" class=\"list-377408\" width=\"20px\" height=\"20px\" viewBox=\"0 0 24 24\" fill=\"none\"><path d=\"M6 6H4v2h2V6zm14 0H8v2h12V6zM4 11h2v2H4v-2zm16 0H8v2h12v-2zM4 16h2v2H4v-2zm16 0H8v2h12v-2z\" fill=\"currentColor\"><\/path><\/svg><svg style=\"fill: #999;color:#999\" class=\"arrow-unsorted-368013\" xmlns=\"http:\/\/www.w3.org\/2000\/svg\" width=\"10px\" height=\"10px\" viewBox=\"0 0 24 24\" version=\"1.2\" baseProfile=\"tiny\"><path d=\"M18.2 9.3l-6.2-6.3-6.2 6.3c-.2.2-.3.4-.3.7s.1.5.3.7c.2.2.4.3.7.3h11c.3 0 .5-.1.7-.3.2-.2.3-.5.3-.7s-.1-.5-.3-.7zM5.8 14.7l6.2 6.3 6.2-6.3c.2-.2.3-.5.3-.7s-.1-.5-.3-.7c-.2-.2-.4-.3-.7-.3h-11c-.3 0-.5.1-.7.3-.2.2-.3.5-.3.7s.1.5.3.7z\"\/><\/svg><\/span><\/span><\/span><\/a><\/span><\/div>\n<nav><ul class='ez-toc-list ez-toc-list-level-1 eztoc-toggle-hide-by-default' ><li class='ez-toc-page-1 ez-toc-heading-level-3'><a class=\"ez-toc-link ez-toc-heading-1\" href=\"https:\/\/boklima.de\/?p=4497\/#Duerre\" >D\u00fcrre!<\/a><\/li><li class='ez-toc-page-1 ez-toc-heading-level-3'><a class=\"ez-toc-link ez-toc-heading-2\" href=\"https:\/\/boklima.de\/?p=4497\/#Duerre-2\" >D\u00fcrre!<\/a><\/li><\/ul><\/nav><\/div>\n","protected":false},"excerpt":{"rendered":"<p>D\u00fcrre! Zu viel Sonne, zu wenig Regen. W\u00e4lder brennen, die B\u00f6den sind ausgetrocknet. Schon das dritte Jahr in Folge \u00e4chzt der Wald unter lang anhaltenden D\u00fcrre-Perioden. Ist das auch eine Art &#8220;neue Normalit\u00e4t&#8221;, mit der wir uns abfinden m\u00fcssen? Der Klimawandel ist kein Schicksal, sondern von Menschen gemacht und obwohl die Politik die Warnungen der &hellip; <a href=\"https:\/\/boklima.de\/?p=4497\" class=\"more-link\"><span class=\"screen-reader-text\">\u201eDiskussion \u00fcber D\u00fcrre &#8211; Zu viel Sonne, zu wenig Regen &#8212; wdr5 &#8211; &#8216;Polit WG&#8217;\u201c <\/span>weiterlesen<\/a><\/p>\n","protected":false},"author":2,"featured_media":0,"comment_status":"open","ping_status":"open","sticky":false,"template":"","format":"standard","meta":{"ngg_post_thumbnail":0,"footnotes":"","_share_on_mastodon":"0"},"categories":[156,104,103,95],"tags":[],"class_list":["post-4497","post","type-post","status-publish","format-standard","hentry","category-relevant-bochum","category-oeffentlich-fuer-alle-site-besucher-lesbar","category-status-zur-sichtbarkeit","category-aktuell"],"share_on_mastodon":{"url":"","error":""},"rttpg_featured_image_url":null,"rttpg_author":{"display_name":"thomas - als admin","author_link":"https:\/\/boklima.de\/?author=2"},"rttpg_comment":0,"rttpg_category":"<a href=\"https:\/\/boklima.de\/?cat=156\" rel=\"category\">relevant-Bochum<\/a> <a href=\"https:\/\/boklima.de\/?cat=104\" rel=\"category\">\u00f6ffentlich (f\u00fcr alle lesbar)<\/a> <a href=\"https:\/\/boklima.de\/?cat=103\" rel=\"category\">#-Status zur Sichtbarkeit<\/a> <a href=\"https:\/\/boklima.de\/?cat=95\" rel=\"category\">Aktuell<\/a>","rttpg_excerpt":"D\u00fcrre! Zu viel Sonne, zu wenig Regen. W\u00e4lder brennen, die B\u00f6den sind ausgetrocknet. Schon das dritte Jahr in Folge \u00e4chzt der Wald unter lang anhaltenden D\u00fcrre-Perioden. Ist das auch eine Art &#8220;neue Normalit\u00e4t&#8221;, mit der wir uns abfinden m\u00fcssen? Der Klimawandel ist kein Schicksal, sondern von Menschen gemacht und obwohl die Politik die Warnungen der&hellip;","_links":{"self":[{"href":"https:\/\/boklima.de\/index.php?rest_route=\/wp\/v2\/posts\/4497","targetHints":{"allow":["GET"]}}],"collection":[{"href":"https:\/\/boklima.de\/index.php?rest_route=\/wp\/v2\/posts"}],"about":[{"href":"https:\/\/boklima.de\/index.php?rest_route=\/wp\/v2\/types\/post"}],"author":[{"embeddable":true,"href":"https:\/\/boklima.de\/index.php?rest_route=\/wp\/v2\/users\/2"}],"replies":[{"embeddable":true,"href":"https:\/\/boklima.de\/index.php?rest_route=%2Fwp%2Fv2%2Fcomments&post=4497"}],"version-history":[{"count":2,"href":"https:\/\/boklima.de\/index.php?rest_route=\/wp\/v2\/posts\/4497\/revisions"}],"predecessor-version":[{"id":4499,"href":"https:\/\/boklima.de\/index.php?rest_route=\/wp\/v2\/posts\/4497\/revisions\/4499"}],"wp:attachment":[{"href":"https:\/\/boklima.de\/index.php?rest_route=%2Fwp%2Fv2%2Fmedia&parent=4497"}],"wp:term":[{"taxonomy":"category","embeddable":true,"href":"https:\/\/boklima.de\/index.php?rest_route=%2Fwp%2Fv2%2Fcategories&post=4497"},{"taxonomy":"post_tag","embeddable":true,"href":"https:\/\/boklima.de\/index.php?rest_route=%2Fwp%2Fv2%2Ftags&post=4497"}],"curies":[{"name":"wp","href":"https:\/\/api.w.org\/{rel}","templated":true}]}}