{"id":4041,"date":"2020-02-27T20:14:00","date_gmt":"2020-02-27T19:14:00","guid":{"rendered":"http:\/\/boklima.de\/?p=4041"},"modified":"2020-05-01T17:53:20","modified_gmt":"2020-05-01T15:53:20","slug":"antwort-des-projekt-bueros-27-02-20","status":"publish","type":"post","link":"https:\/\/boklima.de\/?p=4041","title":{"rendered":"Antwort des Projekt-B\u00fcros (27.02.20)"},"content":{"rendered":"\n<p>Von: &#8230; (Projekt-B\u00fcro Haus des Wissens)<br>An: BoKlima<br>Verschickt: Do, 27. Feb. 2020 16:20<br>Betreff: Antw: offener Klimanotstandsbrief zum Haus des Wissens<\/p>\n\n\n\n<p>Sehr geehrter &#8230; , \u00a0 <br>die Durchdringung sozialer, \u00f6kologischer und \u00f6konomischer Fragen im  Gesamtzusammenhang des Kontextes, wie wir zuk\u00fcnftig leben wollen, ist  origin\u00e4r f\u00fcr die Konzeption des Haus des Wissens und ihrer Hauptnutzer.<br><br>Wir begr\u00fc\u00dfen daher Ihr Engagement und Ihre Ideen sehr, die wir zum  Gro\u00dfteil schon mitdenken und teilen. Zu diesen Themen haben auch schon  andere Gespr\u00e4che , z.B. mit dem Ern\u00e4hrungsrat Bochum stattgefunden. Ein  anderes Beispiel war der B\u00fcrgerdialog am 5.12. zu dem wir alle  B\u00fcrger*innen geladen hatten, uns mitzuteilen, was sie f\u00fcr W\u00fcnsche an das  Haus haben &#8211; auch hier spielte das Thema Nachhaltigkeit in all seinen  Facetten eine gro\u00dfe Rolle und wir haben viele Stimmen  und\u00a0Ideen\u00a0eingesammelt. \u00a0 <br><br>Wir w\u00fcrden Sie gerne einmal zu einer kleine Runde einladen, um  gemeinsam zu \u00fcberlegen, welche Funktionen das HdW aus Ihrer Sicht  erf\u00fcllen sollte. <br><br>&lt;&lt;Projekt-B\u00fcro>> und ich laden Sie dazu gerne ein. <br>Wann w\u00fcrde Ihnen so ein Gespr\u00e4ch zeitlich gut passen? <br><br>Vorschlag unsererseits: Donnerstag 12. M\u00e4rz, 13:30-14:30 Uhr. <br><br>Herzliche Gr\u00fc\u00dfe Projekt-B\u00fcro<\/p>\n\n\n\n<p><\/p>\n","protected":false},"excerpt":{"rendered":"<p>Von: &#8230; (Projekt-B\u00fcro Haus des Wissens)An: BoKlimaVerschickt: Do, 27. Feb. 2020 16:20Betreff: Antw: offener Klimanotstandsbrief zum Haus des Wissens Sehr geehrter &#8230; , \u00a0 die Durchdringung sozialer, \u00f6kologischer und \u00f6konomischer Fragen im Gesamtzusammenhang des Kontextes, wie wir zuk\u00fcnftig leben wollen, ist origin\u00e4r f\u00fcr die Konzeption des Haus des Wissens und ihrer Hauptnutzer. Wir begr\u00fc\u00dfen daher &hellip; <a href=\"https:\/\/boklima.de\/?p=4041\" class=\"more-link\"><span class=\"screen-reader-text\">\u201eAntwort des Projekt-B\u00fcros (27.02.20)\u201c <\/span>weiterlesen<\/a><\/p>\n","protected":false},"author":8,"featured_media":0,"comment_status":"open","ping_status":"open","sticky":false,"template":"","format":"standard","meta":{"ngg_post_thumbnail":0,"footnotes":"","_share_on_mastodon":"0"},"categories":[155,104,135,103,95],"tags":[],"class_list":["post-4041","post","type-post","status-publish","format-standard","hentry","category-relevant-boklima","category-oeffentlich-fuer-alle-site-besucher-lesbar","category-offener-brief-haus-des-wissens","category-status-zur-sichtbarkeit","category-aktuell"],"share_on_mastodon":{"url":"","error":""},"rttpg_featured_image_url":null,"rttpg_author":{"display_name":"thomas","author_link":"https:\/\/boklima.de\/?author=8"},"rttpg_comment":0,"rttpg_category":"<a href=\"https:\/\/boklima.de\/?cat=155\" rel=\"category\">relevant-BoKlima<\/a> <a href=\"https:\/\/boklima.de\/?cat=104\" rel=\"category\">\u00f6ffentlich (f\u00fcr alle lesbar)<\/a> <a href=\"https:\/\/boklima.de\/?cat=135\" rel=\"category\">Offener Brief Haus des Wissens<\/a> <a href=\"https:\/\/boklima.de\/?cat=103\" rel=\"category\">#-Status zur Sichtbarkeit<\/a> <a href=\"https:\/\/boklima.de\/?cat=95\" rel=\"category\">Aktuell<\/a>","rttpg_excerpt":"Von: &#8230; (Projekt-B\u00fcro Haus des Wissens)An: BoKlimaVerschickt: Do, 27. Feb. 2020 16:20Betreff: Antw: offener Klimanotstandsbrief zum Haus des Wissens Sehr geehrter &#8230; , \u00a0 die Durchdringung sozialer, \u00f6kologischer und \u00f6konomischer Fragen im Gesamtzusammenhang des Kontextes, wie wir zuk\u00fcnftig leben wollen, ist origin\u00e4r f\u00fcr die Konzeption des Haus des Wissens und ihrer Hauptnutzer. Wir begr\u00fc\u00dfen daher&hellip;","_links":{"self":[{"href":"https:\/\/boklima.de\/index.php?rest_route=\/wp\/v2\/posts\/4041","targetHints":{"allow":["GET"]}}],"collection":[{"href":"https:\/\/boklima.de\/index.php?rest_route=\/wp\/v2\/posts"}],"about":[{"href":"https:\/\/boklima.de\/index.php?rest_route=\/wp\/v2\/types\/post"}],"author":[{"embeddable":true,"href":"https:\/\/boklima.de\/index.php?rest_route=\/wp\/v2\/users\/8"}],"replies":[{"embeddable":true,"href":"https:\/\/boklima.de\/index.php?rest_route=%2Fwp%2Fv2%2Fcomments&post=4041"}],"version-history":[{"count":1,"href":"https:\/\/boklima.de\/index.php?rest_route=\/wp\/v2\/posts\/4041\/revisions"}],"predecessor-version":[{"id":4042,"href":"https:\/\/boklima.de\/index.php?rest_route=\/wp\/v2\/posts\/4041\/revisions\/4042"}],"wp:attachment":[{"href":"https:\/\/boklima.de\/index.php?rest_route=%2Fwp%2Fv2%2Fmedia&parent=4041"}],"wp:term":[{"taxonomy":"category","embeddable":true,"href":"https:\/\/boklima.de\/index.php?rest_route=%2Fwp%2Fv2%2Fcategories&post=4041"},{"taxonomy":"post_tag","embeddable":true,"href":"https:\/\/boklima.de\/index.php?rest_route=%2Fwp%2Fv2%2Ftags&post=4041"}],"curies":[{"name":"wp","href":"https:\/\/api.w.org\/{rel}","templated":true}]}}