{"id":3932,"date":"2020-03-04T11:52:27","date_gmt":"2020-03-04T10:52:27","guid":{"rendered":"http:\/\/boklima.de\/?p=3932"},"modified":"2026-04-10T12:18:02","modified_gmt":"2026-04-10T10:18:02","slug":"plenum-18-03-20-18h-alsenstr","status":"publish","type":"post","link":"https:\/\/boklima.de\/?p=3932","title":{"rendered":"PLenum 18.03.20, 18h Alsenstr."},"content":{"rendered":"\n<h2 class=\"wp-block-heading\"><span class=\"ez-toc-section\" id=\"Einladung\"><\/span>Einladung<span class=\"ez-toc-section-end\"><\/span><\/h2>\n\n\n\n<p>Hallo,<br>hiermit lade ich herzlich zum n\u00e4chsten Treffen des Bochumer  Klimaschutzb\u00fcndnisses ein am 18.03.2020, 18:00 Uhr, im Umweltzentrum,  Alsenstr. 27. \u00dcber weitere Unterst\u00fctzung w\u00fcrden wir uns sehr freuen. Sie  ist auch auf Grund der Gr\u00f6\u00dfe und der katastrophalen Auswirkungen der  Klimakrise dringend notwendig. Themenvorschl\u00e4ge f\u00fcr die Tagesordnung  sind sehr willkommen.<\/p>\n\n\n\n<p>Das Protokoll der letzten Sitzung befindet sich <a href=\"https:\/\/boklima.de\/?p=3934\">hier<\/a> <\/p>\n\n\n\n<p>Weitere Infos gibt es auf unserer Homepage: <a href=\"http:\/\/www.boklima.de,\" target=\"_blank\" rel=\"noreferrer noopener\">www.boklima.de,<\/a> welche sich im Aufbau befindet. F\u00fcr aktive Mitarbeiter*innen gibt es einen internen Teil, f\u00fcr den&nbsp; eine Registrierung unter <a href=\"https:\/\/boklima.de\/?page_id=13\" target=\"_blank\" rel=\"noreferrer noopener\">https:\/\/boklima.de\/?page_id=13<\/a> notwendig ist.<\/p>\n\n\n\n<p>Die Tagesordnung wird hier ver\u00f6ffentlicht<\/p>\n\n\n\n<p>Wahrscheinlich wird die WAZ morgen (Mi.) einen weiteren Artikel \u00fcber das Klimab\u00fcndnis ver\u00f6ffentlichen.<br>Bis zum 18.03.        viele Gr\u00fc\u00dfe      Ingo<br><\/p>\n\n\n\n<p><\/p>\n\n\n\n<h2 class=\"wp-block-heading\"><span class=\"ez-toc-section\" id=\"Tagesordnung\"><\/span>Tagesordnung <span class=\"ez-toc-section-end\"><\/span><\/h2>\n\n\n\n<ol class=\"wp-block-list\"><li>Berichte der Unterst\u00fctzer<ol><li>Greenpeace: Klimawende von Unten \/ B\u00fcrgerbegehren<\/li><li>Weitere?<\/li><\/ol><\/li><li>Bericht der AG&#8217;s <ol><li>AG \u00d6PNV<\/li><li>AG \u00d6kostrom<\/li><li>Weitere?<\/li><\/ol><\/li><li>( Offene ) Briefe<ol><li>Haus des Wissens<\/li><li>\u00d6PNV<\/li><li>Wohnraummanagement\/Fl\u00e4chenfra\u00df<br><\/li><\/ol><\/li><li>Wie werden wir attraktiver und erfolgreicher?<\/li><li>6.6. Nachhaltigkeitstag &#8212; Aktion von boklima<\/li><li>Site BoKlima.de<ol><li>Erstellung intern wie bisher oder outsourcing nach Frankfurt<\/li><li>Nutzung als Kommunikations-Plattform<\/li><li>Layout<\/li><li>Coaching&#8217;s<\/li><li>&#8230;<\/li><\/ol><\/li><li>Sonstiges <\/li><\/ol>\n<div id=\"ez-toc-container\" class=\"ez-toc-v2_0_82_2 counter-hierarchy ez-toc-counter ez-toc-transparent ez-toc-container-direction\">\n<div class=\"ez-toc-title-container\">\n<p class=\"ez-toc-title\" style=\"cursor:inherit\">Inhalte dieser Seite :<\/p>\n<span class=\"ez-toc-title-toggle\"><a href=\"#\" class=\"ez-toc-pull-right ez-toc-btn ez-toc-btn-xs ez-toc-btn-default ez-toc-toggle\" aria-label=\"Toggle Table of Content\"><span class=\"ez-toc-js-icon-con\"><span class=\"\"><span class=\"eztoc-hide\" style=\"display:none;\">Toggle<\/span><span class=\"ez-toc-icon-toggle-span\"><svg style=\"fill: #999;color:#999\" xmlns=\"http:\/\/www.w3.org\/2000\/svg\" class=\"list-377408\" width=\"20px\" height=\"20px\" viewBox=\"0 0 24 24\" fill=\"none\"><path d=\"M6 6H4v2h2V6zm14 0H8v2h12V6zM4 11h2v2H4v-2zm16 0H8v2h12v-2zM4 16h2v2H4v-2zm16 0H8v2h12v-2z\" fill=\"currentColor\"><\/path><\/svg><svg style=\"fill: #999;color:#999\" class=\"arrow-unsorted-368013\" xmlns=\"http:\/\/www.w3.org\/2000\/svg\" width=\"10px\" height=\"10px\" viewBox=\"0 0 24 24\" version=\"1.2\" baseProfile=\"tiny\"><path d=\"M18.2 9.3l-6.2-6.3-6.2 6.3c-.2.2-.3.4-.3.7s.1.5.3.7c.2.2.4.3.7.3h11c.3 0 .5-.1.7-.3.2-.2.3-.5.3-.7s-.1-.5-.3-.7zM5.8 14.7l6.2 6.3 6.2-6.3c.2-.2.3-.5.3-.7s-.1-.5-.3-.7c-.2-.2-.4-.3-.7-.3h-11c-.3 0-.5.1-.7.3-.2.2-.3.5-.3.7s.1.5.3.7z\"\/><\/svg><\/span><\/span><\/span><\/a><\/span><\/div>\n<nav><ul class='ez-toc-list ez-toc-list-level-1 eztoc-toggle-hide-by-default' ><li class='ez-toc-page-1 ez-toc-heading-level-2'><a class=\"ez-toc-link ez-toc-heading-1\" href=\"https:\/\/boklima.de\/?p=3932\/#Einladung\" >Einladung<\/a><\/li><li class='ez-toc-page-1 ez-toc-heading-level-2'><a class=\"ez-toc-link ez-toc-heading-2\" href=\"https:\/\/boklima.de\/?p=3932\/#Tagesordnung\" >Tagesordnung<\/a><\/li><\/ul><\/nav><\/div>\n","protected":false},"excerpt":{"rendered":"<p>Einladung Hallo,hiermit lade ich herzlich zum n\u00e4chsten Treffen des Bochumer Klimaschutzb\u00fcndnisses ein am 18.03.2020, 18:00 Uhr, im Umweltzentrum, Alsenstr. 27. \u00dcber weitere Unterst\u00fctzung w\u00fcrden wir uns sehr freuen. Sie ist auch auf Grund der Gr\u00f6\u00dfe und der katastrophalen Auswirkungen der Klimakrise dringend notwendig. Themenvorschl\u00e4ge f\u00fcr die Tagesordnung sind sehr willkommen. Das Protokoll der letzten Sitzung &hellip; <a href=\"https:\/\/boklima.de\/?p=3932\" class=\"more-link\"><span class=\"screen-reader-text\">\u201ePLenum 18.03.20, 18h Alsenstr.\u201c <\/span>weiterlesen<\/a><\/p>\n","protected":false},"author":8,"featured_media":0,"comment_status":"closed","ping_status":"open","sticky":false,"template":"","format":"standard","meta":{"ngg_post_thumbnail":0,"footnotes":"","_share_on_mastodon":"0"},"categories":[68,67],"tags":[],"class_list":["post-3932","post","type-post","status-publish","format-standard","hentry","category-tagesordnung","category-boklima-treffen"],"share_on_mastodon":{"url":"","error":""},"rttpg_featured_image_url":null,"rttpg_author":{"display_name":"thomas","author_link":"https:\/\/boklima.de\/?author=8"},"rttpg_comment":3,"rttpg_category":"<a href=\"https:\/\/boklima.de\/?cat=68\" rel=\"category\">Tagesordnung<\/a> <a href=\"https:\/\/boklima.de\/?cat=67\" rel=\"category\">BoKlima Treffen<\/a>","rttpg_excerpt":"Einladung Hallo,hiermit lade ich herzlich zum n\u00e4chsten Treffen des Bochumer Klimaschutzb\u00fcndnisses ein am 18.03.2020, 18:00 Uhr, im Umweltzentrum, Alsenstr. 27. \u00dcber weitere Unterst\u00fctzung w\u00fcrden wir uns sehr freuen. Sie ist auch auf Grund der Gr\u00f6\u00dfe und der katastrophalen Auswirkungen der Klimakrise dringend notwendig. Themenvorschl\u00e4ge f\u00fcr die Tagesordnung sind sehr willkommen. Das Protokoll der letzten Sitzung&hellip;","_links":{"self":[{"href":"https:\/\/boklima.de\/index.php?rest_route=\/wp\/v2\/posts\/3932","targetHints":{"allow":["GET"]}}],"collection":[{"href":"https:\/\/boklima.de\/index.php?rest_route=\/wp\/v2\/posts"}],"about":[{"href":"https:\/\/boklima.de\/index.php?rest_route=\/wp\/v2\/types\/post"}],"author":[{"embeddable":true,"href":"https:\/\/boklima.de\/index.php?rest_route=\/wp\/v2\/users\/8"}],"replies":[{"embeddable":true,"href":"https:\/\/boklima.de\/index.php?rest_route=%2Fwp%2Fv2%2Fcomments&post=3932"}],"version-history":[{"count":9,"href":"https:\/\/boklima.de\/index.php?rest_route=\/wp\/v2\/posts\/3932\/revisions"}],"predecessor-version":[{"id":4207,"href":"https:\/\/boklima.de\/index.php?rest_route=\/wp\/v2\/posts\/3932\/revisions\/4207"}],"wp:attachment":[{"href":"https:\/\/boklima.de\/index.php?rest_route=%2Fwp%2Fv2%2Fmedia&parent=3932"}],"wp:term":[{"taxonomy":"category","embeddable":true,"href":"https:\/\/boklima.de\/index.php?rest_route=%2Fwp%2Fv2%2Fcategories&post=3932"},{"taxonomy":"post_tag","embeddable":true,"href":"https:\/\/boklima.de\/index.php?rest_route=%2Fwp%2Fv2%2Ftags&post=3932"}],"curies":[{"name":"wp","href":"https:\/\/api.w.org\/{rel}","templated":true}]}}