{"id":3904,"date":"2020-03-01T00:06:04","date_gmt":"2020-02-29T23:06:04","guid":{"rendered":"http:\/\/boklima.de\/?p=3904"},"modified":"2020-05-01T17:47:49","modified_gmt":"2020-05-01T15:47:49","slug":"in-luxemburg-ist-der-oepnv-ab-samstag-gratis","status":"publish","type":"post","link":"https:\/\/boklima.de\/?p=3904","title":{"rendered":"In Luxemburg ist der \u00d6PNV ab Samstag gratis"},"content":{"rendered":"\n<p class=\"has-small-font-size\">Als erstes Land der Welt macht Luxemburg von diesem Samstag an alle \n\u00f6ffentlichen Verkehrsmittel kostenlos. &#8220;Im ganzen Land braucht man dann \nf\u00fcr Bus, Bahn und Tram keine Tickets mehr&#8221;, sagte der luxemburgische \nMobilit\u00e4tsminister Fran\u00e7ois Bausch (Gr\u00fcne) am Donnerstag. Mit diesem \nSchritt wolle man Menschen dazu bewegen, mehr vom privaten Auto auf \n\u00f6ffentlichen Transport umzusteigen. Das Gratis-Angebot sei aber nur ein \nTeil eines umfassenden Konzepts zur Verkehrswende im Gro\u00dfherzogtum: &#8220;Es \nist sozusagen die Kirsche auf dem Kuchen&#8221;, sagte Bausch.<\/p>\n\n\n\n<h2 class=\"wp-block-heading\" id=\"nav__quot_modell__0\">&#8220;Modell f\u00fcr moderne Mobilit\u00e4t im 21. Jahrhundert&#8221;<\/h2>\n\n\n\n<p class=\"has-small-font-size\">Eigentlich war der Start der kostenfreien &#8220;\u00d6ffis&#8221; f\u00fcr Sonntag  geplant. Am Donnerstag gab Bausch bekannt, man werde schon am Samstag  starten \u2013 da die Umstellung da auch landesweit gefeiert werde&#8230;.<\/p>\n\n\n\n<ul class=\"wp-block-list\"><li>mehr <a rel=\"noreferrer noopener\" aria-label=\"hier bei heise.de (\u00f6ffnet in neuem Tab)\" href=\"https:\/\/www.heise.de\/newsticker\/meldung\/Umsteigen-erwuenscht-Luxemburg-startet-am-Samstag-Gratis-OePNV-4670711.html\" target=\"_blank\">hier bei heise.de<\/a> <\/li><li>mehr <a rel=\"noreferrer noopener\" aria-label=\"hier bei wdr.de (\u00f6ffnet in neuem Tab)\" href=\"https:\/\/www1.wdr.de\/nachrichten\/wirtschaft\/kostenlos-nahverkehr-luxemburg-100.html\" target=\"_blank\">hier bei wdr.de<\/a><\/li><li>mehr : <a rel=\"noreferrer noopener\" aria-label=\"\u201eBei Gratis-\u00d6PNV steigen 6\u2005Prozent um\u201c bei taz.de (\u00f6ffnet in neuem Tab)\" href=\"https:\/\/taz.de\/Archiv-Suche\/!5663956&amp;s=%C3%B6pnv&amp;SuchRahmen=Print\/\" target=\"_blank\">\u201eBei Gratis-\u00d6PNV steigen 6\u2005Prozent um\u201c bei taz.de<\/a><br><\/li><\/ul>\n","protected":false},"excerpt":{"rendered":"<p>Als erstes Land der Welt macht Luxemburg von diesem Samstag an alle \u00f6ffentlichen Verkehrsmittel kostenlos. &#8220;Im ganzen Land braucht man dann f\u00fcr Bus, Bahn und Tram keine Tickets mehr&#8221;, sagte der luxemburgische Mobilit\u00e4tsminister Fran\u00e7ois Bausch (Gr\u00fcne) am Donnerstag. Mit diesem Schritt wolle man Menschen dazu bewegen, mehr vom privaten Auto auf \u00f6ffentlichen Transport umzusteigen. Das &hellip; <a href=\"https:\/\/boklima.de\/?p=3904\" class=\"more-link\"><span class=\"screen-reader-text\">\u201eIn Luxemburg ist der \u00d6PNV ab Samstag gratis\u201c <\/span>weiterlesen<\/a><\/p>\n","protected":false},"author":8,"featured_media":0,"comment_status":"open","ping_status":"open","sticky":false,"template":"","format":"standard","meta":{"ngg_post_thumbnail":0,"footnotes":"","_share_on_mastodon":"0"},"categories":[157,102,104,103,95,137],"tags":[],"class_list":["post-3904","post","type-post","status-publish","format-standard","hentry","category-relevant-klimanews","category-ag-oepnv","category-oeffentlich-fuer-alle-site-besucher-lesbar","category-status-zur-sichtbarkeit","category-aktuell","category-aktuell-allgemein"],"share_on_mastodon":{"url":"","error":""},"rttpg_featured_image_url":null,"rttpg_author":{"display_name":"thomas","author_link":"https:\/\/boklima.de\/?author=8"},"rttpg_comment":0,"rttpg_category":"<a href=\"https:\/\/boklima.de\/?cat=157\" rel=\"category\">relevant-KlimaNews<\/a> <a href=\"https:\/\/boklima.de\/?cat=102\" rel=\"category\">AG-\u00d6PNV<\/a> <a href=\"https:\/\/boklima.de\/?cat=104\" rel=\"category\">\u00f6ffentlich (f\u00fcr alle lesbar)<\/a> <a href=\"https:\/\/boklima.de\/?cat=103\" rel=\"category\">#-Status zur Sichtbarkeit<\/a> <a href=\"https:\/\/boklima.de\/?cat=95\" rel=\"category\">Aktuell<\/a> <a href=\"https:\/\/boklima.de\/?cat=137\" rel=\"category\">Aktuell-Allgemein<\/a>","rttpg_excerpt":"Als erstes Land der Welt macht Luxemburg von diesem Samstag an alle \u00f6ffentlichen Verkehrsmittel kostenlos. &#8220;Im ganzen Land braucht man dann f\u00fcr Bus, Bahn und Tram keine Tickets mehr&#8221;, sagte der luxemburgische Mobilit\u00e4tsminister Fran\u00e7ois Bausch (Gr\u00fcne) am Donnerstag. Mit diesem Schritt wolle man Menschen dazu bewegen, mehr vom privaten Auto auf \u00f6ffentlichen Transport umzusteigen. Das&hellip;","_links":{"self":[{"href":"https:\/\/boklima.de\/index.php?rest_route=\/wp\/v2\/posts\/3904","targetHints":{"allow":["GET"]}}],"collection":[{"href":"https:\/\/boklima.de\/index.php?rest_route=\/wp\/v2\/posts"}],"about":[{"href":"https:\/\/boklima.de\/index.php?rest_route=\/wp\/v2\/types\/post"}],"author":[{"embeddable":true,"href":"https:\/\/boklima.de\/index.php?rest_route=\/wp\/v2\/users\/8"}],"replies":[{"embeddable":true,"href":"https:\/\/boklima.de\/index.php?rest_route=%2Fwp%2Fv2%2Fcomments&post=3904"}],"version-history":[{"count":6,"href":"https:\/\/boklima.de\/index.php?rest_route=\/wp\/v2\/posts\/3904\/revisions"}],"predecessor-version":[{"id":3995,"href":"https:\/\/boklima.de\/index.php?rest_route=\/wp\/v2\/posts\/3904\/revisions\/3995"}],"wp:attachment":[{"href":"https:\/\/boklima.de\/index.php?rest_route=%2Fwp%2Fv2%2Fmedia&parent=3904"}],"wp:term":[{"taxonomy":"category","embeddable":true,"href":"https:\/\/boklima.de\/index.php?rest_route=%2Fwp%2Fv2%2Fcategories&post=3904"},{"taxonomy":"post_tag","embeddable":true,"href":"https:\/\/boklima.de\/index.php?rest_route=%2Fwp%2Fv2%2Ftags&post=3904"}],"curies":[{"name":"wp","href":"https:\/\/api.w.org\/{rel}","templated":true}]}}