{"id":3687,"date":"2020-02-18T00:08:41","date_gmt":"2020-02-17T23:08:41","guid":{"rendered":"http:\/\/boklima.de\/?p=3687"},"modified":"2020-05-01T17:51:42","modified_gmt":"2020-05-01T15:51:42","slug":"tipp-ard-kinder-machen-druck-die-klimafrage","status":"publish","type":"post","link":"https:\/\/boklima.de\/?p=3687","title":{"rendered":"Tipp ARD : &#8220;Kinder machen Druck: die Klimafrage&#8221;"},"content":{"rendered":"\n<figure class=\"wp-block-image size-large\"><img decoding=\"async\" src=\"https:\/\/www.daserste.de\/information\/reportage-dokumentation\/dokus\/sendung\/wir-sind-hier-wir-sind-laut-weil-ihr-uns-die-zukunft-klaut-rufen-jugendliche-bei-einer-100~_v-standard644_fd25e5.jpg\" alt=\"\"\/><\/figure>\n\n\n\n<p>&#8220;Fridays for Future&#8221; ist innerhalb weniger Monate eine breite Bewegung geworden, die massive Zustimmung wie Ablehnung hervorruft. Wie ver\u00e4ndert sie unser Land?<\/p>\n\n\n\n<h3 class=\"wp-block-heading\">Die Story im Ersten: Die Kinder machen Druck<\/h3>\n\n\n\n<p class=\"has-small-font-size\">Kann die Klimafrage das Land spalten?<br>Es ist das dominierende Thema im Land:  Klimaschutz. F\u00fcr die einen reichen die geplanten Klimagesetze der  Regierung bei weitem nicht aus, f\u00fcr andere gehen die Ma\u00dfnahmen schon  entschieden zu weit und bedrohen ihre pers\u00f6nliche Freiheit. Es gibt  erhitzte Diskussionen in Deutschland, die Linien verlaufen  schlagzeilenkr\u00e4ftig zwischen &#8220;extinction rebellion&#8221; und &#8220;Fridays for  Hubraum&#8221;. Aus dem anfangs bel\u00e4chelten Schulstreik &#8220;Fridays for Future&#8221;  ist innerhalb weniger Monate eine breite Bewegung geworden. Eine  Bewegung, die massive Zustimmung wie Ablehnung hervorruft. Wie ver\u00e4ndert  sie unser Land?<\/p>\n\n\n\n<p class=\"has-small-font-size\">F\u00fcr &#8220;Die Story im  Ersten&#8221; begeben sich die Autoren Laura Borchardt und Lucas Stratmann auf  eine Reportagereise. Sie begleiten AktivistInnen \u00fcber mehrere Monate  und k\u00f6nnen so dokumentieren, wie sich einige radikalisieren, warum  andere aufgeben oder am Schulstreik festhalten. Sie begleiten  Diskussionen und Widerspruch im Alltag der Jugendlichen, mit  Klassenkameraden, zeigen Konfrontationen mit extremen Gegnern und jenen  aus der Mitte der Gesellschaft. Gro\u00dfdemonstrationen in Berlin,  Stra\u00dfensperren, Blockadeaktionen im Lausitzer Kohlerevier. Die Bilder  gehen durch die Medien und setzen die Berliner Politik unter Druck. Die  Autoren sprechen mit f\u00fchrenden Politikern und Politikerinnen wie  Bundesumweltministerin Svenja Schulze (SPD), CDU-Politiker Phillip  Amthor, FDP-Generalsekret\u00e4rin Linda Teuteberg und dem  AfD-Fraktionsvorsitzenden Alexander Gauland. Welchen Einfluss haben die  Proteste auf ihre jeweiligen politischen Entscheidungen?<br>&#8230;.<br>von <a href=\"https:\/\/www.daserste.de\/information\/reportage-dokumentation\/dokus\/sendung\/die-kinder-machen-druck-100.html\">hier<\/a> <\/p>\n\n\n\n<hr class=\"wp-block-separator\"\/>\n\n\n\n<p class=\"has-small-font-size\">Kurz-Version (4min) :<br> <a href=\"https:\/\/www.ardmediathek.de\/ard\/player\/Y3JpZDovL2Rhc2Vyc3RlLmRlL2xpdmUgbmFjaCBuZXVuLzRjYWIxNjAzLTNkYzAtNGIxNS05OGE3LWFkZmEzYjJhZWZmOQ\" target=\"_blank\" rel=\"noreferrer noopener\" aria-label=\"https:\/\/www.ardmediathek.de\/ard\/player\/Y3JpZDovL2Rhc2Vyc3RlLmRlL2xpdmUgbmFjaCBuZXVuLzRjYWIxNjAzLTNkYzAtNGIxNS05OGE3LWFkZmEzYjJhZWZmOQ (\u00f6ffnet in neuem Tab)\">https:\/\/www.ardmediathek.de\/ard\/player\/Y3JpZDovL2Rhc2Vyc3RlLmRlL2xpdmUgbmFjaCBuZXVuLzRjYWIxNjAzLTNkYzAtNGIxNS05OGE3LWFkZmEzYjJhZWZmOQ<\/a><\/p>\n\n\n\n<p class=\"has-small-font-size\">Vollst\u00e4ndiger Beitrag :<br> https:\/\/www.ardmediathek.de\/ard\/player\/Y3JpZDovL2Rhc2Vyc3RlLmRlL3JlcG9ydGFnZSBfIGRva3VtZW50YXRpb24gaW0gZXJzdGVuL2M3OTkwOWFiLTRlMjgtNGY0Zi1iZGQ0LTNjYzdiYTljZDY2Mw\/die-story-im-ersten-kinder-machen-druck<\/p>\n\n\n\n<p class=\"has-small-font-size\">Besprechung in der &#8216;freienPresse&#8217; :<a href=\"https:\/\/www.freiepresse.de\/freizeit\/tv\/kinder-machen-druck-show75672275\" target=\"_blank\" rel=\"noreferrer noopener\" aria-label=\"https:\/\/www.freiepresse.de\/freizeit\/tv\/kinder-machen-druck-show75672275 (\u00f6ffnet in neuem Tab)\">https:\/\/www.freiepresse.de\/freizeit\/tv\/kinder-machen-druck-show75672275<\/a><\/p>\n","protected":false},"excerpt":{"rendered":"<p>&#8220;Fridays for Future&#8221; ist innerhalb weniger Monate eine breite Bewegung geworden, die massive Zustimmung wie Ablehnung hervorruft. Wie ver\u00e4ndert sie unser Land? Die Story im Ersten: Die Kinder machen Druck Kann die Klimafrage das Land spalten?Es ist das dominierende Thema im Land: Klimaschutz. F\u00fcr die einen reichen die geplanten Klimagesetze der Regierung bei weitem nicht &hellip; <a href=\"https:\/\/boklima.de\/?p=3687\" class=\"more-link\"><span class=\"screen-reader-text\">\u201eTipp ARD : &#8220;Kinder machen Druck: die Klimafrage&#8221;\u201c <\/span>weiterlesen<\/a><\/p>\n","protected":false},"author":2,"featured_media":0,"comment_status":"open","ping_status":"open","sticky":false,"template":"","format":"standard","meta":{"ngg_post_thumbnail":0,"footnotes":"","_share_on_mastodon":"0"},"categories":[157,104,103,95,137],"tags":[],"class_list":["post-3687","post","type-post","status-publish","format-standard","hentry","category-relevant-klimanews","category-oeffentlich-fuer-alle-site-besucher-lesbar","category-status-zur-sichtbarkeit","category-aktuell","category-aktuell-allgemein"],"share_on_mastodon":{"url":"","error":""},"rttpg_featured_image_url":null,"rttpg_author":{"display_name":"thomas - als admin","author_link":"https:\/\/boklima.de\/?author=2"},"rttpg_comment":0,"rttpg_category":"<a href=\"https:\/\/boklima.de\/?cat=157\" rel=\"category\">relevant-KlimaNews<\/a> <a href=\"https:\/\/boklima.de\/?cat=104\" rel=\"category\">\u00f6ffentlich (f\u00fcr alle lesbar)<\/a> <a href=\"https:\/\/boklima.de\/?cat=103\" rel=\"category\">#-Status zur Sichtbarkeit<\/a> <a href=\"https:\/\/boklima.de\/?cat=95\" rel=\"category\">Aktuell<\/a> <a href=\"https:\/\/boklima.de\/?cat=137\" rel=\"category\">Aktuell-Allgemein<\/a>","rttpg_excerpt":"&#8220;Fridays for Future&#8221; ist innerhalb weniger Monate eine breite Bewegung geworden, die massive Zustimmung wie Ablehnung hervorruft. Wie ver\u00e4ndert sie unser Land? Die Story im Ersten: Die Kinder machen Druck Kann die Klimafrage das Land spalten?Es ist das dominierende Thema im Land: Klimaschutz. F\u00fcr die einen reichen die geplanten Klimagesetze der Regierung bei weitem nicht&hellip;","_links":{"self":[{"href":"https:\/\/boklima.de\/index.php?rest_route=\/wp\/v2\/posts\/3687","targetHints":{"allow":["GET"]}}],"collection":[{"href":"https:\/\/boklima.de\/index.php?rest_route=\/wp\/v2\/posts"}],"about":[{"href":"https:\/\/boklima.de\/index.php?rest_route=\/wp\/v2\/types\/post"}],"author":[{"embeddable":true,"href":"https:\/\/boklima.de\/index.php?rest_route=\/wp\/v2\/users\/2"}],"replies":[{"embeddable":true,"href":"https:\/\/boklima.de\/index.php?rest_route=%2Fwp%2Fv2%2Fcomments&post=3687"}],"version-history":[{"count":2,"href":"https:\/\/boklima.de\/index.php?rest_route=\/wp\/v2\/posts\/3687\/revisions"}],"predecessor-version":[{"id":3689,"href":"https:\/\/boklima.de\/index.php?rest_route=\/wp\/v2\/posts\/3687\/revisions\/3689"}],"wp:attachment":[{"href":"https:\/\/boklima.de\/index.php?rest_route=%2Fwp%2Fv2%2Fmedia&parent=3687"}],"wp:term":[{"taxonomy":"category","embeddable":true,"href":"https:\/\/boklima.de\/index.php?rest_route=%2Fwp%2Fv2%2Fcategories&post=3687"},{"taxonomy":"post_tag","embeddable":true,"href":"https:\/\/boklima.de\/index.php?rest_route=%2Fwp%2Fv2%2Ftags&post=3687"}],"curies":[{"name":"wp","href":"https:\/\/api.w.org\/{rel}","templated":true}]}}