{"id":3661,"date":"2020-02-17T12:01:47","date_gmt":"2020-02-17T11:01:47","guid":{"rendered":"http:\/\/boklima.de\/?p=3661"},"modified":"2020-05-01T17:53:20","modified_gmt":"2020-05-01T15:53:20","slug":"bochumer-klimaschutzbuendnis-offener-brief-zum-hdw-2020-02-16","status":"publish","type":"post","link":"https:\/\/boklima.de\/?p=3661","title":{"rendered":"Bochumer Klimaschutzb\u00fcndnis:    Offener Brief zum HdW       (16.02.2020)"},"content":{"rendered":"\n<p class=\"has-text-align-center\">\n<strong>Klimanotstandsbrief<\/strong><\/p>\n\n\n\n<p class=\"has-text-align-center\">\nEin\noffener Brief des Bochumer Klimaschutzb\u00fcndnisses <br>\n<br>\n<strong>an\nden Oberb\u00fcrgermeister der Stadt Bochum<br>\n<\/strong>sowie\ndie im Rat vertretenen Parteien<\/p>\n\n\n\n<p class=\"has-text-align-center has-medium-font-size\">\n<strong>Das\n\u201eHaus des Wissens\u201c in Zeiten des Klimawandels<\/strong><\/p>\n\n\n\n<p>Sehr geehrter Herr Eiskirch,<br>sehr geehrte Damen und Herren,<\/p>\n\n\n\n<p class=\"has-small-font-size\">die Ausrufung des Klimanotstandes am 6. Juni des vergangenen\nJahres war und ist eine richtige politische Entscheidung. Denn\ninsbesondere die Industriestaaten und jede Ihrer Kommunen, jeder\nBetrieb und jede*r dort lebende B\u00fcrger*in tragen f\u00fcr unsere Umwelt\neine besondere Verantwortung. Mit dem Beschluss erkennen Sie die\nVerantwortung unserer Stadt an und sagen den Bochumerinnen und\nBochumern folgendes zu:<\/p>\n\n\n\n<p class=\"has-small-font-size\">\n\u201e<em>Die\nKommune wird die Auswirkungen auf das Klima sowie die \u00f6kologische,\ngesellschaftliche und \u00f6konomische Nachhaltigkeit bei jeglichen davon\nbetroffenen Entscheidungen ber\u00fccksichtigen und wenn immer m\u00f6glich\njene Entscheidungen priorit\u00e4r behandeln, welche den Klimawandel oder\ndessen Folgen abschw\u00e4chen.\u201c<\/em><\/p>\n\n\n\n<p class=\"has-small-font-size\">Wir begreifen diese Resolution als Priorit\u00e4tensetzung und\nStartschuss f\u00fcr die dringend\nnotwendige Beschleunigung aller diesbez\u00fcglichen st\u00e4dtischen\nBem\u00fchungen sowie als Rahmung s\u00e4mtlicher st\u00e4dtischen Aktivit\u00e4ten,\nnat\u00fcrlich auch der in der Bochum Strategie 2030 angesiedelten\nProjekte.<\/p>\n\n\n\n<p class=\"has-small-font-size\">Blo\u00dfe Schritte in die richtige Richtung gen\u00fcgen l\u00e4ngst nicht\nmehr. Wirkungsm\u00e4chtige Ma\u00dfnahmen f\u00fcr Klimaschutz und\nKlimaanpassung m\u00fcssen her! Diese sind kein Ballast, vielmehr bieten\nsie die Chance f\u00fcr starke Innovationen und die Mehrung der\nAnziehungskraft unserer Stadt. Ein nachhaltiger Umgang mit\n\u00f6ffentlichem Raum f\u00fchrt zu Identifikation und positivem Erleben der\nStadt als Ort der Begegnung. Unter der Ma\u00dfgabe von Klimaschutz und\nKlimaanpassung gestaltete R\u00e4ume verbessern und sch\u00fctzen die\nLebensqualit\u00e4t aller Bochumer*innen in der Zukunft.<\/p>\n\n\n\n<p><strong>Was liegt eigentlich\nn\u00e4her, als dass ein in Zeiten des Klimawandels entstehendes \u201eHaus\ndes Wissens\u201c eben selbst Ausdruck und Tr\u00e4ger desjenigen Wissens\nwird, das wir jetzt und in Zukunft so dringend ben\u00f6tigen? Denn vor\ndem Wissen steht das Erlernen und dieses erw\u00e4chst aus dem Erleben!<\/strong><\/p>\n\n\n\n<p class=\"has-small-font-size\">Im und am Haus des Wissens k\u00f6nnte erlebbar, greifbar und\nbegreifbar werden, wie anhand der\nsogenannten \u201egr\u00fcn-blauen\nInfrastruktur\u201c der zukunftsgerichtete Umgang mit\nHitzeperioden, Trockenheit sowie\nmit Starkregenereignissen bei\ngleichzeitigem Klimaschutz in unserer Stadt funktionieren\nkann: Retentionsfl\u00e4chen,\nvertikale Fassadenbegr\u00fcnungen,\nmultifunktionale R\u00fcckhalter\u00e4ume\nund die Nutzung regenerativer Energien helfen hier weiter. Und wir\nsehen das Haus des Wissens als einen lebendigen Sozialraum und Ort\nf\u00fcr Umweltbildung: urban farming auf und am Geb\u00e4ude, Workshops f\u00fcr\ngesunde Ern\u00e4hrung, Zubereitung und Verkauf von vor Ort erzeugten\nNahrungsmitteln sind innovative Ma\u00dfnahmen, die es dringend braucht.<\/p>\n\n\n\n<p class=\"has-small-font-size\">Nach der Lekt\u00fcre der \u00f6ffentlich verf\u00fcgbaren Beschreibungen* zum\nArchitekturwettbewerb wie auch zu dem Bauvorhaben als solches stellen\nsich deshalb viele Fragen:<\/p>\n\n\n\n<ol class=\"wp-block-list\"><li> War eigentlich bei der am 28. Juni 2019 ver\u00f6ffentlichten Wettbewerbs-Auslobung die Klimaproblematik grundlegender Teil des Anforderungskatalogs? Inwiefern zeichnet sich der Entwurf des Preistr\u00e4gers, des B\u00fcros <em>cross architecture<\/em>, im Hinblick auf die aus dem Klimanotstand resultierenden Notwendigkeiten besonders aus? <\/li><li> Wie wird erreicht, dass der Geb\u00e4udekomplex k\u00fcnftig CO<sub>2<\/sub>-neutral betrieben werden kann? Wie wird insbesondere erreicht, dass er nicht mehr Energie verbraucht, als er selbst zu erzeugen vermag und wie sehen Energiekonzept und Prim\u00e4renergiebilanz des Komplexes k\u00fcnftig aus? K\u00f6nnen wir davon ausgehen, dass bei dem Geb\u00e4ude k\u00fcnftig regenerative Energietechniken umfassend zum Einsatz kommen werden? <\/li><li> Wie wird bei dieser gro\u00dfen Bauma\u00dfnahme erreicht, dass der Energieaufwand f\u00fcr die Herstellung und Verarbeitung der Baustoffe sowie der dabei entstehende M\u00fcll m\u00f6glichst gering, und die sp\u00e4tere Recyclingf\u00e4higkeit des Geb\u00e4udes umfassend sein werden? <\/li><li> Auf den Visualisierungen sind u.a. gro\u00dffl\u00e4chige Glasfassaden erkennbar, die bekannter-ma\u00dfen f\u00fcr sommerliche Hitze sowohl innerhalb, aber auch in der direkten Umgebung sorgen k\u00f6nnen. Zudem sorgen sie f\u00fcr unangenehme Spiegelungen und k\u00f6nnen f\u00fcr V\u00f6gel t\u00f6dliche Fallen darstellen. Wie wird diesen bedeutsamen Nachteilen begegnet? <\/li><li> Inwiefern werden hier die notwendigen Konzepte sogenannter \u201eblau-gr\u00fcner\u201c Infrastruktur zur Klimafolgenanpassung verfolgt? Fassadenbegr\u00fcnungen, vertikale G\u00e4rten oder nennenswerte Wasserfl\u00e4chen sind nicht erkennbar. D\u00fcrfen wir davon ausgehen, dass die vorgelegte Visualisierung der Au\u00dfenansicht mit der traurigen Totalversiegelung im Bereich Willy-Brandt-Platz usw. so nicht zur Ausf\u00fchrung kommen wird? <\/li><li> Begr\u00fc\u00dfenswert scheint die Dachfl\u00e4che des neuen Bauk\u00f6rpers im Innenhof: auf dem Dach der Hof\u00fcberbauung soll ein <em>\u201eurbaner Freiraum f\u00fcr die Bochumer\u201c<\/em> entstehen, der <em>\u201egemeinsames Lernen, Erleben und Erfahren in einer digitalen Welt sinnlich zelebriert\u201c<\/em>. Bevor wir lange in Gr\u00fcbeleien \u00fcber diese Formulierung verfallen m\u00f6chten wir lieber konkret nachfragen: <br> a) Wie wird erreicht, dass diese nach Westen geneigte Dachfl\u00e4che zu allen Jahreszeiten eine gute Aufenthaltsqualit\u00e4t f\u00fcr alle B\u00fcrgerinnen und B\u00fcrger bereit h\u00e4lt? <br> b) Wie wird in bis zu 25 Metern H\u00f6he der Schutz vor Wind und Sonne realisiert?<br> c) Wie kann hier eine \u00fcppige, Schatten spendende sowie insekten- und vogelfreundliche Vegetation entstehen und gepflegt werden?<br> d) Wie k\u00f6nnen Nahrungsmittel produziert und die Dachlandschaft vor Austrocknung bewahrt werden? <br> e) Wie wird Barrierefreiheit f\u00fcr alle Bochumerinnen und Bochumer hergestellt und wie eine Raumbildung erreicht, die f\u00fcr eine Aufenthaltsqualit\u00e4t ebenso wichtig ist? <\/li><li> Abgesehen von der neu entstehenden Dachfl\u00e4che, deren Machart auch im Hinblick auf Regenwasserr\u00fcckhaltung und Kleinklima noch weitgehend unbeschrieben ist, scheint bei allen anderen Oberfl\u00e4chen der ungehinderte Regenwasserabfluss in Kauf genommen zu werden. Es stellt sich daher die Frage, wie sich dieses Geb\u00e4ude k\u00fcnftig in die Notwendigkeiten eines v\u00f6llig ver\u00e4nderten Umgangs mit dem Niederschlagswasser in unserer Stadt einf\u00fcgt? Wie sehen die Wasser- und die Regenwasserbilanz f\u00fcr diesen Geb\u00e4udeentwurf konkret aus (Stichwort \u201esponge city\u201c)? <\/li><li> Zwischen unserer Ern\u00e4hrung und dem Klimawandel besteht bekannterma\u00dfen ein nicht unwesentlicher Zusammenhang. Wird das Marktangebot im Hinblick auf den Klimawandel spezifisch und innovativ ausgerichtet? D\u00fcrfen wir damit rechnen, dass das Angebot frisch, regional und biologisch einwandfrei erzeugt sein wird? Wird es auch aus eigener Produktion vor Ort stammen (Stichwort \u201eurban farming\u201c siehe oben)? Wie wird vermieden, dass Nahrungsmittel aus aller Welt klimasch\u00e4dlich herangeflogen und herbeigeschifft werden? <\/li><li> Wie wird in der Markthalle vermieden, dass hier Wegwerfgeschirr wie etwa Coffee-To-Go Becher usw. ausgegeben werden? Wie wird erreicht, dass die Markthalle, anders als \u00fcblich, eben nicht zum Anwachsen des M\u00fcllbergs beitr\u00e4gt? <\/li><li> Im Haus des Wissens werden t\u00e4glich zahlreiche Besucher*innen erwartet, zudem werden in der VHS, der Stadtb\u00fccherei, den universit\u00e4ren Einrichtungen sowie der Markthalle viele Arbeitspl\u00e4tze verortet sein. Wie wird erreicht, dass all diese Menschen umweltschonend und komfortabel das Haus des Wissens erreichen k\u00f6nnen und auch erreichen werden? Welche Anreize werden daf\u00fcr geschaffen, nicht mit dem eigenen PKW zu kommen? Wo k\u00f6nnen Fahrr\u00e4der diebstahlsicher aufbewahrt, wo E-Bikes aufgeladen werden?<\/li><\/ol>\n\n\n\n<p class=\"has-normal-font-size\">In der Hoffnung auf einen konstruktiven Dialog sehen wir Ihren\nAntworten mit gro\u00dfem Interesse entgegen.<\/p>\n\n\n\n<p class=\"has-small-font-size\">Bochum, den 16. Februar 2020<br>Gez.: Ihre B\u00fcrger*innen des Bochumer Klimaschutzb\u00fcndnisses<br>         (www.BoKlima.de)<br> c\/o Dr. I. Franke (Sprecher von BoKlima),  AkU e.V., Alsenstra\u00dfe 27, 44789 Bochum<\/p>\n\n\n\n<p>Mailkontakt: <a href=\"mailto:presse-boklima-de@boklima.de\">presse-boklima-de@boklima.de<\/a> <br>Homepage: <a href=\"http:\/\/www.BoKlima.de\/\">www.BoKlima.de<\/a> (noch im Aufbau)<\/p>\n\n\n\n<p><strong>N\u00e4chstes \u00f6ffentliches Plenum des Bochumer Klimaschutzb\u00fcndnisses:<br> Mittwoch, 19.2.2020 ab 18.00 Uhr, Umweltzentrum, Alsenstra\u00dfe 27, Bochum<\/strong><\/p>\n\n\n\n<p class=\"has-small-font-size\">* Quellenangaben:<br> https:\/\/www.bochum.de\/Pressemeldungen\/6-Dezember-2019\/Architektenwettbewerb-fuer-das&#8211;Haus-des-Wissens&#8211;entschieden<br> https:\/\/www.cross-architecture.net\/hdw-bochum<\/p>\n\n\n\n<hr class=\"wp-block-separator\"\/>\n\n\n\n<p>Und hier als <a href=\"https:\/\/boklima.de\/?mdocs-file=3658\">PDF<\/a><\/p>\n","protected":false},"excerpt":{"rendered":"<p>Klimanotstandsbrief Ein offener Brief des Bochumer Klimaschutzb\u00fcndnisses an den Oberb\u00fcrgermeister der Stadt Bochum sowie die im Rat vertretenen Parteien Das \u201eHaus des Wissens\u201c in Zeiten des Klimawandels Sehr geehrter Herr Eiskirch,sehr geehrte Damen und Herren, die Ausrufung des Klimanotstandes am 6. Juni des vergangenen Jahres war und ist eine richtige politische Entscheidung. Denn insbesondere die &hellip; <a href=\"https:\/\/boklima.de\/?p=3661\" class=\"more-link\"><span class=\"screen-reader-text\">\u201eBochumer Klimaschutzb\u00fcndnis:    Offener Brief zum HdW       (16.02.2020)\u201c <\/span>weiterlesen<\/a><\/p>\n","protected":false},"author":8,"featured_media":0,"comment_status":"open","ping_status":"open","sticky":false,"template":"","format":"standard","meta":{"ngg_post_thumbnail":0,"footnotes":"","_share_on_mastodon":"0"},"categories":[155,104,107,135,95,137,94],"tags":[],"class_list":["post-3661","post","type-post","status-publish","format-standard","hentry","category-relevant-boklima","category-oeffentlich-fuer-alle-site-besucher-lesbar","category-ag-oeffiarbeit","category-offener-brief-haus-des-wissens","category-aktuell","category-aktuell-allgemein","category-pressemitteilung"],"share_on_mastodon":{"url":"","error":""},"rttpg_featured_image_url":null,"rttpg_author":{"display_name":"thomas","author_link":"https:\/\/boklima.de\/?author=8"},"rttpg_comment":1,"rttpg_category":"<a href=\"https:\/\/boklima.de\/?cat=155\" rel=\"category\">relevant-BoKlima<\/a> <a href=\"https:\/\/boklima.de\/?cat=104\" rel=\"category\">\u00f6ffentlich (f\u00fcr alle lesbar)<\/a> <a href=\"https:\/\/boklima.de\/?cat=107\" rel=\"category\">AG-\u00d6ffiArbeit<\/a> <a href=\"https:\/\/boklima.de\/?cat=135\" rel=\"category\">Offener Brief Haus des Wissens<\/a> <a href=\"https:\/\/boklima.de\/?cat=95\" rel=\"category\">Aktuell<\/a> <a href=\"https:\/\/boklima.de\/?cat=137\" rel=\"category\">Aktuell-Allgemein<\/a> <a href=\"https:\/\/boklima.de\/?cat=94\" rel=\"category\">PresseMitteilung<\/a>","rttpg_excerpt":"Klimanotstandsbrief Ein offener Brief des Bochumer Klimaschutzb\u00fcndnisses an den Oberb\u00fcrgermeister der Stadt Bochum sowie die im Rat vertretenen Parteien Das \u201eHaus des Wissens\u201c in Zeiten des Klimawandels Sehr geehrter Herr Eiskirch,sehr geehrte Damen und Herren, die Ausrufung des Klimanotstandes am 6. Juni des vergangenen Jahres war und ist eine richtige politische Entscheidung. Denn insbesondere die&hellip;","_links":{"self":[{"href":"https:\/\/boklima.de\/index.php?rest_route=\/wp\/v2\/posts\/3661","targetHints":{"allow":["GET"]}}],"collection":[{"href":"https:\/\/boklima.de\/index.php?rest_route=\/wp\/v2\/posts"}],"about":[{"href":"https:\/\/boklima.de\/index.php?rest_route=\/wp\/v2\/types\/post"}],"author":[{"embeddable":true,"href":"https:\/\/boklima.de\/index.php?rest_route=\/wp\/v2\/users\/8"}],"replies":[{"embeddable":true,"href":"https:\/\/boklima.de\/index.php?rest_route=%2Fwp%2Fv2%2Fcomments&post=3661"}],"version-history":[{"count":5,"href":"https:\/\/boklima.de\/index.php?rest_route=\/wp\/v2\/posts\/3661\/revisions"}],"predecessor-version":[{"id":4192,"href":"https:\/\/boklima.de\/index.php?rest_route=\/wp\/v2\/posts\/3661\/revisions\/4192"}],"wp:attachment":[{"href":"https:\/\/boklima.de\/index.php?rest_route=%2Fwp%2Fv2%2Fmedia&parent=3661"}],"wp:term":[{"taxonomy":"category","embeddable":true,"href":"https:\/\/boklima.de\/index.php?rest_route=%2Fwp%2Fv2%2Fcategories&post=3661"},{"taxonomy":"post_tag","embeddable":true,"href":"https:\/\/boklima.de\/index.php?rest_route=%2Fwp%2Fv2%2Ftags&post=3661"}],"curies":[{"name":"wp","href":"https:\/\/api.w.org\/{rel}","templated":true}]}}