{"id":3467,"date":"2020-01-29T13:22:00","date_gmt":"2020-01-29T12:22:00","guid":{"rendered":"http:\/\/boklima.de\/?p=3467"},"modified":"2020-05-01T17:56:30","modified_gmt":"2020-05-01T15:56:30","slug":"scientists-for-future-osnabrueck","status":"publish","type":"post","link":"https:\/\/boklima.de\/?p=3467","title":{"rendered":"Meine Kommune im Klimanotstand \u2013 Was nun? Anlass, Zielsetzungen, Umsetzungen (Osnabr\u00fcck, 29.01.20)"},"content":{"rendered":"\n<p>Links und KurzInfo zu der <a rel=\"noreferrer noopener\" aria-label=\"\u00fcberreginalen  Veranstaltung (\u00f6ffnet in neuem Tab)\" href=\"https:\/\/www.dbu.de\/550artikel38472_2440.html\" target=\"_blank\">\u00fcberreginalen  Veranstaltung<\/a><\/p>\n\n\n\n<p class=\"has-small-font-size\">Durch die Warnungen der Klimawissenschaftler*innen, die Extremwetterereignisse der letzten Jahre und nicht zuletzt durch Aktivit\u00e4ten von Fridays For Future ist der Klimaschutz ins Zentrum unserer Aufmerksamkeit ger\u00fcckt. <\/p>\n\n\n\n<p class=\"has-small-font-size\">Das Klima-B\u00fcndnis, die Landesenergieagenturen aus Hessen, Niedersachsen und Nordrhein-Westfalen und die Deutsche Bundesstiftung Umwelt m\u00f6chten zu einem einheitlichen Verst\u00e4ndnis vom \u201eKlimanotstand in Kommunen\u201c beitragen. Daher laden wir am Mittwoch, den 29. Januar 2020 zur Fachtagung &#8220;Meine Kommune im Klimanotstand &#8211; Was tun?&#8221; nach Osnabr\u00fcck ein. Eingeladen sind alle Kommunen sowie unterst\u00fctzende Initiativen, die sich mit der Thematik Klimanotstand bzw. Vorrang f\u00fcr den Klimaschutz auseinandersetzen oder auseinandersetzen wollen. Die Veranstaltung dient sowohl der Vermittlung von Fachwissen, der Vorstellung erster Praxis-Erfahrungen, dem gegenseitigen Informationsaustausch und der Vertiefung einzelner Handlungsschwerpunkte. Sie wird auch von der EKSH, der Kommunalagentur NRW und der Energieagentur Rheinland-Pfalz unterst\u00fctzt.<\/p>\n\n\n\n<p><a rel=\"noreferrer noopener\" aria-label=\"Das Programm: (\u00f6ffnet in neuem Tab)\" href=\"https:\/\/www.dbu.de\/media\/270120101732k08q.pdf\" target=\"_blank\">Das Programm:<\/a> <\/p>\n\n\n\n<div class=\"wp-block-cgb-block-algori-pdf-viewer\"><iframe class=\"wp-block-cgb-block-algori-pdf-viewer-iframe\" src=\"https:\/\/boklima.de\/wp-content\/plugins\/algori-pdf-viewer\/dist\/web\/viewer.html?file=https%3A%2F%2Fboklima.de%2Fwp-content%2Fuploads%2F2020%2F02%2F200129-meinekommuneimklimanotstand-wasnun-programm.pdf\" style=\"width:600px;height:300px\"><\/iframe><\/div>\n\n\n\n<p> <\/p>\n\n\n\n<p><a href=\"https:\/\/boklima.de\/?mdocs-file=3515\">Notizen von Philipp<\/a>: <\/p>\n\n\n\n<div class=\"wp-block-cgb-block-algori-pdf-viewer\"><iframe class=\"wp-block-cgb-block-algori-pdf-viewer-iframe\" src=\"https:\/\/boklima.de\/wp-content\/plugins\/algori-pdf-viewer\/dist\/web\/viewer.html?file=https%3A%2F%2Fboklima.de%2Fwp-content%2Fuploads%2Fmdocs%2F200129-meinekomuneimklimanotstand-notizen-philipp.pdf\" style=\"width:600px;height:300px\"><\/iframe><\/div>\n\n\n\n<p><a href=\"https:\/\/www.klimabuendnis-hamm.de\/ideen-und-massnahmen-sind-da-jetzt-muessen-taten-folgen\/\" target=\"_blank\" rel=\"noreferrer noopener\" aria-label=\"Bericht beim Klimab\u00fcndnis Hamm  (\u00f6ffnet in neuem Tab)\">Bericht beim Klimab\u00fcndnis Hamm <\/a>:<\/p>\n\n\n\n<h3 class=\"wp-block-heading\"><span class=\"ez-toc-section\" id=\"Pressemitteilung_des_DBU_zum_Ablauf_der_Fachtagung\"><\/span>Pressemitteilung des DBU zum Ablauf der Fachtagung:<span class=\"ez-toc-section-end\"><\/span><\/h3>\n\n\n\n<figure class=\"wp-block-image is-resized\"><a href=\"https:\/\/www.klimabuendnis-hamm.de\/wp\/wp-content\/uploads\/dbu-2020-01-29-1.jpg\"><img loading=\"lazy\" decoding=\"async\" src=\"https:\/\/www.klimabuendnis-hamm.de\/wp\/wp-content\/uploads\/dbu-2020-01-29-1-320x224.jpg\" alt=\"\" class=\"wp-image-20167\" width=\"262\" height=\"183\"\/><\/a><figcaption>\u201eDie\n Ideen und Ma\u00dfnahmen sind da, jetzt m\u00fcssen Taten folgen\u201c, erkl\u00e4rte \nDBU-Generalsekret\u00e4r Alexander Bonde in seiner Er\u00f6ffnungsrede. \u00a9 Deutsche\n Bundesstiftung Umwelt<\/figcaption><\/figure>\n\n\n\n<p class=\"has-small-font-size\"><strong>Osnabr\u00fcck. \u201eDie Ideen und Ma\u00dfnahmen sind da, jetzt m\u00fcssen \nTaten folgen. Heute haben wir gemeinsam diskutiert, was jeder in seiner \nRolle tun kann.\u201c Dieses Fazit zog Alexander Bonde, Generalsekret\u00e4r der \nDeutschen Bundesstiftung Umwelt (DBU), am Ende<\/strong> <strong>der \nVeranstaltung \u201eMeine Kommune im Klimanotstand \u2013 Was nun?\u201c in der DBU in \nOsnabr\u00fcck. Rund 200 Teilnehmer aus Verwaltung, Politik oder \nKlimaschutzbewegungen wie Fridays for Future hatten sich \u00fcber verst\u00e4rkte\n Ma\u00dfnahmen gegen den Klimawandel in St\u00e4dten, Kreisen und Gemeinden in \nDeutschland ausgetauscht und m\u00f6gliche L\u00f6sungswege gesucht, wie man diese\n am besten in die Tat umsetzen kann. Viele der Teilnehmer geh\u00f6rten den \nmehr als 80 Kommunen in Deutschland an, die den Klimanotstand \nbeschlossen oder \u00e4hnlich lautende Beschl\u00fcsse gefasst hatten. Neben der \nDBU hatten das Klima-B\u00fcndnis, die Klimaschutz- und Energieagentur \nNiedersachsen, die EnergieAgentur.NRW und die Landesenergieagentur \nHessen eingeladen. <\/strong><\/p>\n\n\n\n<h3 class=\"wp-block-heading\"><span class=\"ez-toc-section\" id=\"Meine_Kommune_im_Klimanotstand\"><\/span><em>Meine Kommune im Klimanotstand <\/em><span class=\"ez-toc-section-end\"><\/span><\/h3>\n\n\n\n<p class=\"has-small-font-size\">Der Begriff \u201eKlimanotstand\u201c sei nicht unumstritten, betonte Bonde:  \u201e\u2018Klimanotstand\u2018 ist eine Formulierung, die polarisiert. Ob sie nun  symbolisch gemeint ist oder nicht: Durch sie ist es aber gelungen, den  kommunalen Klimaschutz in die Mitte der lokalen Politik zu bringen und  ihm so h\u00f6chste Priorit\u00e4t einzur\u00e4umen.\u201c Doch allein das Thema in den  Fokus zu r\u00fccken, sei nicht genug. <br>Wichtige Impulse zum Klimaschutz erhielten die rund 200 Teilnehmer  durch Fachvortr\u00e4ge und Diskussionen. \u00a9 Deutsche Bundesstiftung  Umwelt[\/caption]<\/p>\n\n\n\n<p><em>Deutschlandweite Beteiligung <\/em><\/p>\n\n\n\n<figure class=\"wp-block-image\"><a href=\"https:\/\/www.klimabuendnis-hamm.de\/wp\/wp-content\/uploads\/dbu-2020-01-29-2.jpg\"><img decoding=\"async\" src=\"https:\/\/www.klimabuendnis-hamm.de\/wp\/wp-content\/uploads\/dbu-2020-01-29-2-320x158.jpg\" alt=\"\" class=\"wp-image-20168\"\/><\/a><figcaption>Wichtige\n Impulse zum Klimaschutz erhielten die rund 200 Teilnehmer durch \nFachvortr\u00e4ge und Diskussionen. \u00a9 Deutsche Bundesstiftung Umwelt<\/figcaption><\/figure>\n\n\n\n<p class=\"has-small-font-size\"> Erl\u00e4utert h\u00e4tten die rund 200 Teilnehmer aus ganz Deutschland zum \nBeispiel die Frage, wie der Einstieg in den Klimanotstand umzusetzen sei\n und wie in der Folge m\u00f6glichst schnell die kommunale \nTreibhausgasneutralit\u00e4t erreicht werden k\u00f6nne. Nach Vortr\u00e4gen und \nVorschl\u00e4gen am Vormittag war am Nachmittag Zeit f\u00fcr den Austausch und \ndas Vernetzen. \u201eEs ging darum, viele gute Ideen und Impulse zu geben, \nwie sich der Klimaschutz in der eigenen Kommune schnell und sinnvoll \numsetzen l\u00e4sst\u201c, so Bonde.<\/p>\n<div id=\"ez-toc-container\" class=\"ez-toc-v2_0_82_2 counter-hierarchy ez-toc-counter ez-toc-transparent ez-toc-container-direction\">\n<div class=\"ez-toc-title-container\">\n<p class=\"ez-toc-title\" style=\"cursor:inherit\">Inhalte dieser Seite :<\/p>\n<span class=\"ez-toc-title-toggle\"><a href=\"#\" class=\"ez-toc-pull-right ez-toc-btn ez-toc-btn-xs ez-toc-btn-default ez-toc-toggle\" aria-label=\"Toggle Table of Content\"><span class=\"ez-toc-js-icon-con\"><span class=\"\"><span class=\"eztoc-hide\" style=\"display:none;\">Toggle<\/span><span class=\"ez-toc-icon-toggle-span\"><svg style=\"fill: #999;color:#999\" xmlns=\"http:\/\/www.w3.org\/2000\/svg\" class=\"list-377408\" width=\"20px\" height=\"20px\" viewBox=\"0 0 24 24\" fill=\"none\"><path d=\"M6 6H4v2h2V6zm14 0H8v2h12V6zM4 11h2v2H4v-2zm16 0H8v2h12v-2zM4 16h2v2H4v-2zm16 0H8v2h12v-2z\" fill=\"currentColor\"><\/path><\/svg><svg style=\"fill: #999;color:#999\" class=\"arrow-unsorted-368013\" xmlns=\"http:\/\/www.w3.org\/2000\/svg\" width=\"10px\" height=\"10px\" viewBox=\"0 0 24 24\" version=\"1.2\" baseProfile=\"tiny\"><path d=\"M18.2 9.3l-6.2-6.3-6.2 6.3c-.2.2-.3.4-.3.7s.1.5.3.7c.2.2.4.3.7.3h11c.3 0 .5-.1.7-.3.2-.2.3-.5.3-.7s-.1-.5-.3-.7zM5.8 14.7l6.2 6.3 6.2-6.3c.2-.2.3-.5.3-.7s-.1-.5-.3-.7c-.2-.2-.4-.3-.7-.3h-11c-.3 0-.5.1-.7.3-.2.2-.3.5-.3.7s.1.5.3.7z\"\/><\/svg><\/span><\/span><\/span><\/a><\/span><\/div>\n<nav><ul class='ez-toc-list ez-toc-list-level-1 eztoc-toggle-hide-by-default' ><li class='ez-toc-page-1 ez-toc-heading-level-3'><a class=\"ez-toc-link ez-toc-heading-1\" href=\"https:\/\/boklima.de\/?p=3467\/#Pressemitteilung_des_DBU_zum_Ablauf_der_Fachtagung\" >Pressemitteilung des DBU zum Ablauf der Fachtagung:<\/a><\/li><li class='ez-toc-page-1 ez-toc-heading-level-3'><a class=\"ez-toc-link ez-toc-heading-2\" href=\"https:\/\/boklima.de\/?p=3467\/#Meine_Kommune_im_Klimanotstand\" >Meine Kommune im Klimanotstand<\/a><\/li><\/ul><\/nav><\/div>\n","protected":false},"excerpt":{"rendered":"<p>Links und KurzInfo zu der \u00fcberreginalen Veranstaltung Durch die Warnungen der Klimawissenschaftler*innen, die Extremwetterereignisse der letzten Jahre und nicht zuletzt durch Aktivit\u00e4ten von Fridays For Future ist der Klimaschutz ins Zentrum unserer Aufmerksamkeit ger\u00fcckt. Das Klima-B\u00fcndnis, die Landesenergieagenturen aus Hessen, Niedersachsen und Nordrhein-Westfalen und die Deutsche Bundesstiftung Umwelt m\u00f6chten zu einem einheitlichen Verst\u00e4ndnis vom \u201eKlimanotstand &hellip; <a href=\"https:\/\/boklima.de\/?p=3467\" class=\"more-link\"><span class=\"screen-reader-text\">\u201eMeine Kommune im Klimanotstand \u2013 Was nun? Anlass, Zielsetzungen, Umsetzungen (Osnabr\u00fcck, 29.01.20)\u201c <\/span>weiterlesen<\/a><\/p>\n","protected":false},"author":8,"featured_media":0,"comment_status":"open","ping_status":"open","sticky":false,"template":"","format":"standard","meta":{"ngg_post_thumbnail":0,"footnotes":"","_share_on_mastodon":"0"},"categories":[157,104,103,95,137,129,115,125],"tags":[],"class_list":["post-3467","post","type-post","status-publish","format-standard","hentry","category-relevant-klimanews","category-oeffentlich-fuer-alle-site-besucher-lesbar","category-status-zur-sichtbarkeit","category-aktuell","category-aktuell-allgemein","category-co2","category-allg-themen","category-klima-schutz-themen"],"share_on_mastodon":{"url":"","error":""},"rttpg_featured_image_url":null,"rttpg_author":{"display_name":"thomas","author_link":"https:\/\/boklima.de\/?author=8"},"rttpg_comment":0,"rttpg_category":"<a href=\"https:\/\/boklima.de\/?cat=157\" rel=\"category\">relevant-KlimaNews<\/a> <a href=\"https:\/\/boklima.de\/?cat=104\" rel=\"category\">\u00f6ffentlich (f\u00fcr alle lesbar)<\/a> <a href=\"https:\/\/boklima.de\/?cat=103\" rel=\"category\">#-Status zur Sichtbarkeit<\/a> <a href=\"https:\/\/boklima.de\/?cat=95\" rel=\"category\">Aktuell<\/a> <a href=\"https:\/\/boklima.de\/?cat=137\" rel=\"category\">Aktuell-Allgemein<\/a> <a href=\"https:\/\/boklima.de\/?cat=129\" rel=\"category\">CO2<\/a> <a href=\"https:\/\/boklima.de\/?cat=115\" rel=\"category\">Allg Themen<\/a> <a href=\"https:\/\/boklima.de\/?cat=125\" rel=\"category\">Klima-Schutz-Themen<\/a>","rttpg_excerpt":"Links und KurzInfo zu der \u00fcberreginalen Veranstaltung Durch die Warnungen der Klimawissenschaftler*innen, die Extremwetterereignisse der letzten Jahre und nicht zuletzt durch Aktivit\u00e4ten von Fridays For Future ist der Klimaschutz ins Zentrum unserer Aufmerksamkeit ger\u00fcckt. Das Klima-B\u00fcndnis, die Landesenergieagenturen aus Hessen, Niedersachsen und Nordrhein-Westfalen und die Deutsche Bundesstiftung Umwelt m\u00f6chten zu einem einheitlichen Verst\u00e4ndnis vom \u201eKlimanotstand&hellip;","_links":{"self":[{"href":"https:\/\/boklima.de\/index.php?rest_route=\/wp\/v2\/posts\/3467","targetHints":{"allow":["GET"]}}],"collection":[{"href":"https:\/\/boklima.de\/index.php?rest_route=\/wp\/v2\/posts"}],"about":[{"href":"https:\/\/boklima.de\/index.php?rest_route=\/wp\/v2\/types\/post"}],"author":[{"embeddable":true,"href":"https:\/\/boklima.de\/index.php?rest_route=\/wp\/v2\/users\/8"}],"replies":[{"embeddable":true,"href":"https:\/\/boklima.de\/index.php?rest_route=%2Fwp%2Fv2%2Fcomments&post=3467"}],"version-history":[{"count":6,"href":"https:\/\/boklima.de\/index.php?rest_route=\/wp\/v2\/posts\/3467\/revisions"}],"predecessor-version":[{"id":3639,"href":"https:\/\/boklima.de\/index.php?rest_route=\/wp\/v2\/posts\/3467\/revisions\/3639"}],"wp:attachment":[{"href":"https:\/\/boklima.de\/index.php?rest_route=%2Fwp%2Fv2%2Fmedia&parent=3467"}],"wp:term":[{"taxonomy":"category","embeddable":true,"href":"https:\/\/boklima.de\/index.php?rest_route=%2Fwp%2Fv2%2Fcategories&post=3467"},{"taxonomy":"post_tag","embeddable":true,"href":"https:\/\/boklima.de\/index.php?rest_route=%2Fwp%2Fv2%2Ftags&post=3467"}],"curies":[{"name":"wp","href":"https:\/\/api.w.org\/{rel}","templated":true}]}}