{"id":3391,"date":"2020-02-05T12:14:47","date_gmt":"2020-02-05T11:14:47","guid":{"rendered":"http:\/\/boklima.de\/?p=3391"},"modified":"2020-05-01T17:51:42","modified_gmt":"2020-05-01T15:51:42","slug":"dokumentationen-zu-klimaschutz-klimaneutralen-institutionen-oekostrom-oepnv-aus-den-mediatheken","status":"publish","type":"post","link":"https:\/\/boklima.de\/?p=3391","title":{"rendered":"Dokumentationen zu Klimaschutz \/ Klimaneutralen Institutionen \/ \u00d6kostrom \/ \u00d6PNV (aus den Mediatheken)"},"content":{"rendered":"\n<p class=\"has-small-font-size\">Hier eine kleine Auswahl an wichtigen und interessanten Dokumentationen zu den Themen : <br>* Kliamaschutz und angrenzender Themen <br>mit Links zu den jeweiligen Beitr\u00e4gen in den Mediatheken<\/p>\n\n\n\n<p>Einige Beitr\u00e4ge seien hier auch besonders den einzelnen AG&#8217;s (\u00d6PNV und \u00d6kostrom ans Herz gelegt und k\u00f6nnten gute Beispiele f\u00fcr Bochum werden \ud83d\ude42 !<\/p>\n\n\n\n<p class=\"has-small-font-size\">Das ganze ist als DiskussionsGrundlage gedacht und soll zu Diskussionen im Forum f\u00fchren und einladen. <\/p>\n\n\n\n<p class=\"has-small-font-size\"><a href=\"http:\/\/wdrmedien-a.akamaihd.net\/medp\/ondemand\/weltweit\/fsk0\/209\/2098969\/2098969_25931667.mp4\" target=\"_blank\" rel=\"noreferrer noopener\" aria-label=\"http:\/\/wdrmedien-a.akamaihd.net\/medp\/ondemand\/weltweit\/fsk0\/209\/2098969\/2098969_25931667.mp4 (\u00f6ffnet in neuem Tab)\">http:\/\/wdrmedien-a.akamaihd.net\/medp\/ondemand\/weltweit\/fsk0\/209\/2098969\/2098969_25931667.mp4<\/a><br> <strong>04.02.20 , 18.15 , ARD<\/strong>  <strong>Etikettenschwindel \u00d6kostrom?<\/strong><br> Gut ein Viertel aller deutschen Haushaltskunden bezieht \u00d6kostrom. Doch f\u00fcrs Klima tut man damit h\u00e4ufig gar nichts, hat unsere Reporterin herausgefunden.<br> Sie hat sich angesehen, wie wir als Verbraucher die Energiewende wirklich voranbringen k\u00f6nnen.<\/p>\n\n\n\n<p class=\"has-small-font-size\">http:\/\/wdradaptiv-vh.akamaihd.net\/i\/medp\/ondemand\/weltweit\/fsk0\/209\/2095034\/,2095034_25873151,2095034_25873147,2095034_25873149,2095034_25873148,2095034_25873150,.mp4.csmil\/index_2_av.m3u8<br> <strong>29.01.20 , 19.30 , WDR  Velbert: Vorzeigestadt in Sachen Nachhaltigkeit<\/strong><br> Die Photovoltaikanlage auf dem Dach der Technischen Betriebe der Stadt Velbert erzeugt gr\u00fcnen Strom zum Beispiel f\u00fcr die st\u00e4dtischen Elektroautos. Der Rat hat Ende vergangenen Jahres beschlossen, noch mehr solcher Anlagen auf st\u00e4dtische D\u00e4cher zu bauen. Ziel ist es, den CO2-Aussto\u00df zu senken.<\/p>\n\n\n\n<p class=\"has-small-font-size\">https:\/\/mediandr-a.akamaihd.net\/progressive\/2020\/0129\/TV-20200129-1958-5900.hd.mp4<br> <strong>29.01.20 , 19.30 , ARD  B\u00fcrgerschaft f\u00fcr Klimaschutz in Verfassung<\/strong><br> Hamburg will beim Klimaschutz Vorreiter sein. In der B\u00fcrgerschaft ist am Mittwoch erneut \u00fcber diese ehrgeizigen Pl\u00e4ne diskutiert worden. Dabei gab es auch Proteste.<\/p>\n\n\n\n<p class=\"has-small-font-size\">https:\/\/mediandr-a.akamaihd.net\/progressive\/2020\/0122\/TV-20200122-1955-4600.hq.mp4<br> <strong>22.01.20 , 19.30 , ARD ,  Preetz will bis 2030 klimaneutral werden<\/strong><br> Keine Abgase, keine Parkplatzsuche, weniger Autoverkehr:<br> Klimaschutzmanagerin Marret B\u00e4hrs will Preetz bis 2030 maximal umweltfreundlich machen. Ein Baustein: E-Bikes.<\/p>\n\n\n\n<p class=\"has-small-font-size\">http:\/\/wdrmedien-a.akamaihd.net\/medp\/ondemand\/weltweit\/fsk0\/208\/2084425\/2084425_25684879.mp4<br> <strong>15.01.20 , 20.15 , ARD ;  Konzepte f\u00fcr \u00d6PNV<\/strong><br> Gratisfahren mit den \u00d6ffis in der eigenen Stadt &#8211; ein Traum vieler B\u00fcrger. Und umweltfreundlich noch dazu. Doch wer soll das bezahlen? St\u00e4dteplaner und Verkehrsexperten streiten seit Jahren \u00fcber Sinn und Kosten. Welche Vorschl\u00e4ge gibt es f\u00fcr NRW? Was gibt es europaweit an best practise?<\/p>\n\n\n\n<p class=\"has-small-font-size\">http:\/\/wdrmedien-a.akamaihd.net\/medp\/ondemand\/weltweit\/fsk0\/208\/2081297\/2081297_25632553.mp4<br> <strong>10.01.20 , 19.30 , ARD ; Schokoladenmuseum arbeitet klimapositiv<\/strong><br> Viele Unternehmen haben sich Nachhaltigkeit auf die Fahne geschrieben. Das Schokoladenmuseum mit seinen 250 Mitarbeitern geht noch einen Schritt weiter und bezeichnet sich nicht nur als klimaneutral, sondern klimapositiv. Es entzieht also der Atmosph\u00e4re mehr CO2, als es selbst mit seinem Betrieb ausst\u00f6\u00dft. Doch wie geht das?<\/p>\n\n\n\n<p class=\"has-small-font-size\">https:\/\/rodlzdf-a.akamaihd.net\/none\/zdf\/20\/01\/200104_schuhen_h19\/1\/200104_schuhen_h19_2360k_p35v15.mp4<br> <strong>04.01.20 , 20.00 , ZDF ;  Augsburg f\u00fchrt kostenlosen \u00d6PNV ein<\/strong><br> Seit dem Jahresbeginn ist Bus- und Bahnfahren in der Augsburger Innenstadt kostenlos. Insgesamt geh\u00f6ren neun Haltestellen zum Gratisbereich &#8211; doch Pendlern gen\u00fcgt das nicht.<\/p>\n\n\n\n<p class=\"has-small-font-size\">http:\/\/cdn-storage.br.de\/MUJIuUOVBwQIbtC2uKJDM6OhuLnC_2rc9K1S\/_AJS\/_Akf52gc9U1S\/7d748e54-9142-4415-bb14-402a06ee8a4b_C.mp4<br> <strong>16.12.18 , 18.00 , ARD ;  Das (unbekannte) Modell Mieterstrom<\/strong><br> Wie kommt die Energiewende in die St\u00e4dte und Solarzellen auch auf die D\u00e4cher von Mietwohnungsblocks? Daf\u00fcr gibt es ein gesetzliches Modell, von dem alle profitieren sollen. Nur leider wird das bisher selten umgesetzt \u2026<\/p>\n\n\n\n<p class=\"has-small-font-size\">https:\/\/rodlzdf-a.akamaihd.net\/none\/zdf\/19\/11\/191129_tipp_wis\/1\/191129_tipp_wis_2328k_p35v14.mp4<br> <strong>02.12.20 , 19.30 , ZDF ;  Solarstrom f\u00fcr die Mietwohnung &#8211; Photovoltaik-Module f\u00fcr Mieter: Leistung, Kosten, Unterschiede<\/strong><br> Neben Solarpaneelen auf dem Dach kann Solarstrom f\u00fcr den eigenen Bedarf mit kleinen Photovoltaik-Modulen produziert werden. Wie funktionieren diese und f\u00fcr wen lohnt es sich? Au\u00dferdem: Welche Rahmenbedingungen m\u00fcssen Mieter einhalten?<\/p>\n\n\n\n<p class=\"has-small-font-size\">Wichtige Dohttps:\/\/rodlzdf-a.akamaihd.net\/none\/zdf\/19\/10\/191001_clip_7_dan\/1\/191001_clip_7_dan_2328k_p35v14.mp4<br><strong> 01.10.19 , 22.15 , ZDF ;  Das EEG und wer davon profitiert<\/strong><br> Bei einer kleinen Wanderrast analysieren die beiden Anstaltsphysiker Isaac Newton und Angela Merkel die Wirkung des EEG auf Verbraucher und Industrie und stellen elementare Fragen wie z.B.: &#8220;Ist \u00d6kostrom nun billig oder teuer? Und wenn ja, f\u00fcr wen?&#8221;.<\/p>\n\n\n\n<hr class=\"wp-block-separator\"\/>\n\n\n\n<p class=\"has-small-font-size\"> <em>(Wenn es sinnvoll sein sollte die Beitr\u00e4ge hier zu hinterlegen beitte melden. )<\/em><\/p>\n","protected":false},"excerpt":{"rendered":"<p>Hier eine kleine Auswahl an wichtigen und interessanten Dokumentationen zu den Themen : * Kliamaschutz und angrenzender Themen mit Links zu den jeweiligen Beitr\u00e4gen in den Mediatheken Einige Beitr\u00e4ge seien hier auch besonders den einzelnen AG&#8217;s (\u00d6PNV und \u00d6kostrom ans Herz gelegt und k\u00f6nnten gute Beispiele f\u00fcr Bochum werden \ud83d\ude42 ! Das ganze ist als &hellip; <a href=\"https:\/\/boklima.de\/?p=3391\" class=\"more-link\"><span class=\"screen-reader-text\">\u201eDokumentationen zu Klimaschutz \/ Klimaneutralen Institutionen \/ \u00d6kostrom \/ \u00d6PNV (aus den Mediatheken)\u201c <\/span>weiterlesen<\/a><\/p>\n","protected":false},"author":8,"featured_media":0,"comment_status":"open","ping_status":"open","sticky":false,"template":"","format":"standard","meta":{"ngg_post_thumbnail":0,"footnotes":"","_share_on_mastodon":"0"},"categories":[157,102,104,130,107,126,95,108,137,101,129],"tags":[],"class_list":["post-3391","post","type-post","status-publish","format-standard","hentry","category-relevant-klimanews","category-ag-oepnv","category-oeffentlich-fuer-alle-site-besucher-lesbar","category-co2-einsparen","category-ag-oeffiarbeit","category-versiegelung","category-aktuell","category-ag-oekostrom","category-aktuell-allgemein","category-ags","category-co2"],"share_on_mastodon":{"url":"","error":""},"rttpg_featured_image_url":null,"rttpg_author":{"display_name":"thomas","author_link":"https:\/\/boklima.de\/?author=8"},"rttpg_comment":0,"rttpg_category":"<a href=\"https:\/\/boklima.de\/?cat=157\" rel=\"category\">relevant-KlimaNews<\/a> <a href=\"https:\/\/boklima.de\/?cat=102\" rel=\"category\">AG-\u00d6PNV<\/a> <a href=\"https:\/\/boklima.de\/?cat=104\" rel=\"category\">\u00f6ffentlich (f\u00fcr alle lesbar)<\/a> <a href=\"https:\/\/boklima.de\/?cat=130\" rel=\"category\">CO2-einsparen<\/a> <a href=\"https:\/\/boklima.de\/?cat=107\" rel=\"category\">AG-\u00d6ffiArbeit<\/a> <a href=\"https:\/\/boklima.de\/?cat=126\" rel=\"category\">Versiegelung<\/a> <a href=\"https:\/\/boklima.de\/?cat=95\" rel=\"category\">Aktuell<\/a> <a href=\"https:\/\/boklima.de\/?cat=108\" rel=\"category\">AG-\u00d6kostrom<\/a> <a href=\"https:\/\/boklima.de\/?cat=137\" rel=\"category\">Aktuell-Allgemein<\/a> <a href=\"https:\/\/boklima.de\/?cat=101\" rel=\"category\">AG's<\/a> <a href=\"https:\/\/boklima.de\/?cat=129\" rel=\"category\">CO2<\/a>","rttpg_excerpt":"Hier eine kleine Auswahl an wichtigen und interessanten Dokumentationen zu den Themen : * Kliamaschutz und angrenzender Themen mit Links zu den jeweiligen Beitr\u00e4gen in den Mediatheken Einige Beitr\u00e4ge seien hier auch besonders den einzelnen AG&#8217;s (\u00d6PNV und \u00d6kostrom ans Herz gelegt und k\u00f6nnten gute Beispiele f\u00fcr Bochum werden \ud83d\ude42 ! Das ganze ist als&hellip;","_links":{"self":[{"href":"https:\/\/boklima.de\/index.php?rest_route=\/wp\/v2\/posts\/3391","targetHints":{"allow":["GET"]}}],"collection":[{"href":"https:\/\/boklima.de\/index.php?rest_route=\/wp\/v2\/posts"}],"about":[{"href":"https:\/\/boklima.de\/index.php?rest_route=\/wp\/v2\/types\/post"}],"author":[{"embeddable":true,"href":"https:\/\/boklima.de\/index.php?rest_route=\/wp\/v2\/users\/8"}],"replies":[{"embeddable":true,"href":"https:\/\/boklima.de\/index.php?rest_route=%2Fwp%2Fv2%2Fcomments&post=3391"}],"version-history":[{"count":3,"href":"https:\/\/boklima.de\/index.php?rest_route=\/wp\/v2\/posts\/3391\/revisions"}],"predecessor-version":[{"id":3748,"href":"https:\/\/boklima.de\/index.php?rest_route=\/wp\/v2\/posts\/3391\/revisions\/3748"}],"wp:attachment":[{"href":"https:\/\/boklima.de\/index.php?rest_route=%2Fwp%2Fv2%2Fmedia&parent=3391"}],"wp:term":[{"taxonomy":"category","embeddable":true,"href":"https:\/\/boklima.de\/index.php?rest_route=%2Fwp%2Fv2%2Fcategories&post=3391"},{"taxonomy":"post_tag","embeddable":true,"href":"https:\/\/boklima.de\/index.php?rest_route=%2Fwp%2Fv2%2Ftags&post=3391"}],"curies":[{"name":"wp","href":"https:\/\/api.w.org\/{rel}","templated":true}]}}