{"id":3253,"date":"2019-12-23T11:21:00","date_gmt":"2019-12-23T10:21:00","guid":{"rendered":"http:\/\/boklima.de\/?p=3253"},"modified":"2020-05-02T13:57:30","modified_gmt":"2020-05-02T11:57:30","slug":"bochumer-umweltschuetzer-warnen-innenstadt-wird-unbewohnbar-waz-de","status":"publish","type":"post","link":"https:\/\/boklima.de\/?p=3253","title":{"rendered":"Bochumer Umweltsch\u00fctzer warnen: Innenstadt wird unbewohnbar (waz.de)"},"content":{"rendered":"\n<p class=\"has-small-font-size\">aus WAZ 23.12.19  <\/p>\n\n\n\n<p class=\"has-small-font-size\"><strong>Bochum<\/strong>.&nbsp; Das Bochumer Klimab\u00fcndnis warnt vor den  Folgen einer zunehmenden Erw\u00e4rmung. In den Sommermonaten k\u00f6nnte die  Innenstadt unbewohnbar werden.<\/p>\n\n\n\n<p class=\"has-small-font-size\">Die Bochumer Innenstadt \nk\u00f6nnte wegen des Klimawandels in 20 bis 30 Jahren im Sommer unbewohnbar \nwerden. Davor warnt das Bochumer Klimab\u00fcndnis. \u201eTags\u00fcber w\u00fcrden dann \nh\u00e4ufig mehr als 40 Grad, nachts noch immer 25 Grad herrschen. Denken und\n lenken wir nicht drastisch um, wird die City in diesen Hitzemonaten zum\n lebensfeindlichen Raum\u201c, sagt Sprecher Ingo Franke im WAZ-Gespr\u00e4ch.<\/p>\n\n\n\n<p class=\"has-small-font-size\">Der\n 69-j\u00e4hrige Chemiker und langj\u00e4hrige Umweltberater der Stadt Essen z\u00e4hlt\n zu den erfahrensten Umweltaktivisten in Bochum. 1983 gr\u00fcndete er den \nArbeitskreis Umweltschutz (AKU). <a href=\"https:\/\/www.waz.de\/staedte\/bochum\/bochumer-stadtrat-erklaert-den-klimanotstand-id225964349.html\">Auf dessen Initiative rief der Rat im Juni den Klimanotstand aus.<\/a><\/p>\n\n\n\n<h2 class=\"wp-block-heading\"><span class=\"ez-toc-section\" id=\"Tagsueber_40_Grad_nachts_nicht_unter_25_Grad\"><\/span>Tags\u00fcber 40 Grad, nachts nicht unter 25 Grad<span class=\"ez-toc-section-end\"><\/span><\/h2>\n\n\n\n<p class=\"has-small-font-size\">\u201eEs\n wurde h\u00f6chste Zeit, dass auch in Bochum endlich ein Signal f\u00fcr den \nKlimaschutz gesetzt wird\u201c, bekr\u00e4ftigt der Naturwissenschaftler. Deutlich\n sp\u00fcrbar seien in den letzten Jahren die Auswirkungen des Klimawandels \ngewesen: l\u00e4nger werdende Hitzeperioden ebenso wie St\u00fcrme und Starkregen \nmit gravierenden Sch\u00e4den. Und das, so sei zu bef\u00fcrchten, ist nur der \nAnfang. Werde der Erderw\u00e4rmung nicht endlich Einhalt geboten, drohten \nKatastrophen gr\u00f6\u00dferen Ausma\u00dfes.<\/p>\n\n\n\n<p class=\"has-small-font-size\">Um\n zus\u00e4tzliche Schlagkraft zu entwickeln, schmiedeten im September f\u00fcnf \nOrganisationen das Bochumer Klimab\u00fcndnis: der AKU, Greenpeace, Nabu, das\n Netzwerk b\u00fcrgernahe Stadtentwicklung sowie <a href=\"https:\/\/www.waz.de\/staedte\/bochum\/bochumer-extinction-rebellion-protestiert-gegen-klimakrise-id227276563.html\">\u201eExtinction Rebellion\u201c. <\/a>Weiterer Zuwachs sei in Sicht, so Franke und hofft u.a. auf den BUND und den Allgemeinen Deutschen Fahrradclub (ADFC).<\/p>\n\n\n\n<figure class=\"wp-block-image\"><img decoding=\"async\" src=\"https:\/\/www.waz.de\/resources\/1579613751\/img\/placeholder.png\" alt=\"Mit einem Wasserwerfer der Polizei wurden w\u00e4hrend der wochenlangen Trockenperiode im Sommer Hunderte Stra\u00dfenb\u00e4ume in Bochum gew\u00e4ssert.\"\/><figcaption>\n            \n                Mit einem Wasserwerfer der Polizei wurden w\u00e4hrend der \nwochenlangen Trockenperiode im Sommer Hunderte Stra\u00dfenb\u00e4ume in Bochum \ngew\u00e4ssert.&nbsp;\n                    \n                    \n                        \n                            Foto: Funke Foto Service\n        <\/figcaption><\/figure>\n\n\n\n<h2 class=\"wp-block-heading\"><span class=\"ez-toc-section\" id=\"Umweltaktivisten_Bochum_macht_mehr_als_andere_%E2%80%93_aber_noch_immer_zu_wenig\"><\/span>Umweltaktivisten: Bochum macht mehr als andere \u2013 aber noch immer zu wenig<span class=\"ez-toc-section-end\"><\/span><\/h2>\n\n\n\n<p class=\"has-small-font-size\">Gemeinsam  gelte es, dem Klimaschutz in Bochum das angemessene Gewicht zu  verleihen. Manches sei schon auf den Weg gebracht. \u201eBochum macht mehr  als andere St\u00e4dte\u201c, konstatiert Franke und w\u00fcrdigt zum Beispiel die drei  kommunalen Klimaschutzmanager sowie das kommunale Klimaschutzkonzept.  Und doch werde auf lokaler Ebene noch immer \u201eviel zu wenig getan\u201c.  Notwendig seien u.a. der massive Ausbau der Dach- und Fassadenbegr\u00fcnung  auf und an \u00f6ffentlichen und privaten Geb\u00e4uden sowie mehr  Photovoltaik-Anlagen zur Nutzung der Sonnenenergie. <a href=\"https:\/\/www.waz.de\/staedte\/bochum\/klimaschuetzer-warnen-in-bochum-muss-viel-mehr-passieren-id227661467.html\">Ein  vierter Klima-Manager m\u00fcsse im Rathaus her, um \u2013 als Folge des  Klimanotstands \u2013 jede Vorlage der Verwaltung auf ihre Einfl\u00fcsse auf die  Umwelt abzuklopfen:<\/a> \u201eDas kann niemand in den Beh\u00f6rden ,nebenbei\u2019  erledigen.\u201c Dabei m\u00fcssten gerade die Gr\u00fcnen als Partner der SPD im Rat  ihrer politische Verantwortung f\u00fcr den Umweltschutz mehr als bisher  gerecht werden, so Franke. <\/p>\n\n\n\n<hr class=\"wp-block-separator\"\/>\n\n\n\n<p class=\"has-small-font-size\">aus WAZ 23.12.19 <a rel=\"noreferrer noopener\" href=\"https:\/\/www.waz.de\/staedte\/bochum\/bochumer-umweltschuetzer-warnen-innenstadt-wird-unbewohnbar-id227976925.html\" target=\"_blank\">https:\/\/www.waz.de\/staedte\/bochum\/bochumer-umweltschuetzer-warnen-innenstadt-wird-unbewohnbar-id227976925.html<\/a><\/p>\n<div id=\"ez-toc-container\" class=\"ez-toc-v2_0_82_2 counter-hierarchy ez-toc-counter ez-toc-transparent ez-toc-container-direction\">\n<div class=\"ez-toc-title-container\">\n<p class=\"ez-toc-title\" style=\"cursor:inherit\">Inhalte dieser Seite :<\/p>\n<span class=\"ez-toc-title-toggle\"><a href=\"#\" class=\"ez-toc-pull-right ez-toc-btn ez-toc-btn-xs ez-toc-btn-default ez-toc-toggle\" aria-label=\"Toggle Table of Content\"><span class=\"ez-toc-js-icon-con\"><span class=\"\"><span class=\"eztoc-hide\" style=\"display:none;\">Toggle<\/span><span class=\"ez-toc-icon-toggle-span\"><svg style=\"fill: #999;color:#999\" xmlns=\"http:\/\/www.w3.org\/2000\/svg\" class=\"list-377408\" width=\"20px\" height=\"20px\" viewBox=\"0 0 24 24\" fill=\"none\"><path d=\"M6 6H4v2h2V6zm14 0H8v2h12V6zM4 11h2v2H4v-2zm16 0H8v2h12v-2zM4 16h2v2H4v-2zm16 0H8v2h12v-2z\" fill=\"currentColor\"><\/path><\/svg><svg style=\"fill: #999;color:#999\" class=\"arrow-unsorted-368013\" xmlns=\"http:\/\/www.w3.org\/2000\/svg\" width=\"10px\" height=\"10px\" viewBox=\"0 0 24 24\" version=\"1.2\" baseProfile=\"tiny\"><path d=\"M18.2 9.3l-6.2-6.3-6.2 6.3c-.2.2-.3.4-.3.7s.1.5.3.7c.2.2.4.3.7.3h11c.3 0 .5-.1.7-.3.2-.2.3-.5.3-.7s-.1-.5-.3-.7zM5.8 14.7l6.2 6.3 6.2-6.3c.2-.2.3-.5.3-.7s-.1-.5-.3-.7c-.2-.2-.4-.3-.7-.3h-11c-.3 0-.5.1-.7.3-.2.2-.3.5-.3.7s.1.5.3.7z\"\/><\/svg><\/span><\/span><\/span><\/a><\/span><\/div>\n<nav><ul class='ez-toc-list ez-toc-list-level-1 eztoc-toggle-hide-by-default' ><li class='ez-toc-page-1 ez-toc-heading-level-2'><a class=\"ez-toc-link ez-toc-heading-1\" href=\"https:\/\/boklima.de\/?p=3253\/#Tagsueber_40_Grad_nachts_nicht_unter_25_Grad\" >Tags\u00fcber 40 Grad, nachts nicht unter 25 Grad<\/a><\/li><li class='ez-toc-page-1 ez-toc-heading-level-2'><a class=\"ez-toc-link ez-toc-heading-2\" href=\"https:\/\/boklima.de\/?p=3253\/#Umweltaktivisten_Bochum_macht_mehr_als_andere_%E2%80%93_aber_noch_immer_zu_wenig\" >Umweltaktivisten: Bochum macht mehr als andere \u2013 aber noch immer zu wenig<\/a><\/li><\/ul><\/nav><\/div>\n","protected":false},"excerpt":{"rendered":"<p>aus WAZ 23.12.19 Bochum.&nbsp; Das Bochumer Klimab\u00fcndnis warnt vor den Folgen einer zunehmenden Erw\u00e4rmung. In den Sommermonaten k\u00f6nnte die Innenstadt unbewohnbar werden. Die Bochumer Innenstadt k\u00f6nnte wegen des Klimawandels in 20 bis 30 Jahren im Sommer unbewohnbar werden. Davor warnt das Bochumer Klimab\u00fcndnis. \u201eTags\u00fcber w\u00fcrden dann h\u00e4ufig mehr als 40 Grad, nachts noch immer 25 &hellip; <a href=\"https:\/\/boklima.de\/?p=3253\" class=\"more-link\"><span class=\"screen-reader-text\">\u201eBochumer Umweltsch\u00fctzer warnen: Innenstadt wird unbewohnbar (waz.de)\u201c <\/span>weiterlesen<\/a><\/p>\n","protected":false},"author":2,"featured_media":0,"comment_status":"open","ping_status":"open","sticky":false,"template":"","format":"standard","meta":{"ngg_post_thumbnail":0,"footnotes":"","_share_on_mastodon":"0"},"categories":[155,156,104,103,95,137],"tags":[],"class_list":["post-3253","post","type-post","status-publish","format-standard","hentry","category-relevant-boklima","category-relevant-bochum","category-oeffentlich-fuer-alle-site-besucher-lesbar","category-status-zur-sichtbarkeit","category-aktuell","category-aktuell-allgemein"],"share_on_mastodon":{"url":"","error":""},"rttpg_featured_image_url":null,"rttpg_author":{"display_name":"thomas - als admin","author_link":"https:\/\/boklima.de\/?author=2"},"rttpg_comment":0,"rttpg_category":"<a href=\"https:\/\/boklima.de\/?cat=155\" rel=\"category\">relevant-BoKlima<\/a> <a href=\"https:\/\/boklima.de\/?cat=156\" rel=\"category\">relevant-Bochum<\/a> <a href=\"https:\/\/boklima.de\/?cat=104\" rel=\"category\">\u00f6ffentlich (f\u00fcr alle lesbar)<\/a> <a href=\"https:\/\/boklima.de\/?cat=103\" rel=\"category\">#-Status zur Sichtbarkeit<\/a> <a href=\"https:\/\/boklima.de\/?cat=95\" rel=\"category\">Aktuell<\/a> <a href=\"https:\/\/boklima.de\/?cat=137\" rel=\"category\">Aktuell-Allgemein<\/a>","rttpg_excerpt":"aus WAZ 23.12.19 Bochum.&nbsp; Das Bochumer Klimab\u00fcndnis warnt vor den Folgen einer zunehmenden Erw\u00e4rmung. In den Sommermonaten k\u00f6nnte die Innenstadt unbewohnbar werden. Die Bochumer Innenstadt k\u00f6nnte wegen des Klimawandels in 20 bis 30 Jahren im Sommer unbewohnbar werden. Davor warnt das Bochumer Klimab\u00fcndnis. \u201eTags\u00fcber w\u00fcrden dann h\u00e4ufig mehr als 40 Grad, nachts noch immer 25&hellip;","_links":{"self":[{"href":"https:\/\/boklima.de\/index.php?rest_route=\/wp\/v2\/posts\/3253","targetHints":{"allow":["GET"]}}],"collection":[{"href":"https:\/\/boklima.de\/index.php?rest_route=\/wp\/v2\/posts"}],"about":[{"href":"https:\/\/boklima.de\/index.php?rest_route=\/wp\/v2\/types\/post"}],"author":[{"embeddable":true,"href":"https:\/\/boklima.de\/index.php?rest_route=\/wp\/v2\/users\/2"}],"replies":[{"embeddable":true,"href":"https:\/\/boklima.de\/index.php?rest_route=%2Fwp%2Fv2%2Fcomments&post=3253"}],"version-history":[{"count":3,"href":"https:\/\/boklima.de\/index.php?rest_route=\/wp\/v2\/posts\/3253\/revisions"}],"predecessor-version":[{"id":4562,"href":"https:\/\/boklima.de\/index.php?rest_route=\/wp\/v2\/posts\/3253\/revisions\/4562"}],"wp:attachment":[{"href":"https:\/\/boklima.de\/index.php?rest_route=%2Fwp%2Fv2%2Fmedia&parent=3253"}],"wp:term":[{"taxonomy":"category","embeddable":true,"href":"https:\/\/boklima.de\/index.php?rest_route=%2Fwp%2Fv2%2Fcategories&post=3253"},{"taxonomy":"post_tag","embeddable":true,"href":"https:\/\/boklima.de\/index.php?rest_route=%2Fwp%2Fv2%2Ftags&post=3253"}],"curies":[{"name":"wp","href":"https:\/\/api.w.org\/{rel}","templated":true}]}}