{"id":16341,"date":"2026-07-18T11:26:18","date_gmt":"2026-07-18T09:26:18","guid":{"rendered":"https:\/\/boklima.de\/?p=16341"},"modified":"2026-07-21T14:14:49","modified_gmt":"2026-07-21T12:14:49","slug":"wachstum-ohne-grenzen-diskursreihe-von-boklima-und-gls","status":"publish","type":"post","link":"https:\/\/boklima.de\/?p=16341","title":{"rendered":"Wachstum ohne Grenzen ? &#8212; Diskursreihe von BoKlima und GLS Bank"},"content":{"rendered":"\n<p class=\"wp-block-paragraph\"><\/p>\n\n\n\n<p class=\"wp-block-paragraph\">Boklima freut sich \u00fcber die Kooperation mit der GLS Bank in diesem Herbst 2026 und wir treffen uns immer dienstags in den Monaten September, Oktober November in den R\u00e4umen der GLS-Bank in der Christstra\u00dfe.<br>Wir hoffen auf Euer Interesse!<\/p>\n\n\n\n<div style=\"height:31px\" aria-hidden=\"true\" class=\"wp-block-spacer\"><\/div>\n\n\n\n<div class=\"wp-block-group has-background\" style=\"background-color:#faf7d9\"><div class=\"wp-block-group__inner-container is-layout-constrained wp-block-group-is-layout-constrained\">\n<h4 class=\"wp-block-heading\"><span class=\"ez-toc-section\" id=\"Konkret\"><\/span>Konkret : <span class=\"ez-toc-section-end\"><\/span><\/h4>\n\n\n\n<p class=\"wp-block-paragraph\">Es gibt 3 Vortr\u00e4ge mit Diskussion , jeweils 18:30 im Werkraum der GLS. <br><strong>Bitte unbedingt anmelden !! : <a href=\"https:\/\/veranstaltungen.gls.de\/boklima\" target=\"_blank\" rel=\"noreferrer noopener nofollow\">hier<\/a><\/strong> ,<\/p>\n\n\n\n<figure class=\"wp-block-image size-full\"><img loading=\"lazy\" decoding=\"async\" width=\"101\" height=\"103\" src=\"https:\/\/boklima.de\/wp-content\/uploads\/2026\/07\/image-2.png\" alt=\"\" class=\"wp-image-16357\"\/><\/figure>\n\n\n\n<div style=\"height:13px\" aria-hidden=\"true\" class=\"wp-block-spacer\"><\/div>\n\n\n\n<ul class=\"wp-block-list\">\n<li> <strong>DI 08.09.26, B\u00e4rbel H\u00f6hn,<\/strong> Ausbau , der erneuerbaren Energien in afrikanischen L\u00e4ndern. Wie ist dort das Verh\u00e4ltnis zwischen Nachhaltigkeit und Wachstum?<\/li>\n\n\n\n<li><strong>DI 06.10.26, Dr. Tobias Vogel <\/strong>, wozu Gesellschaften auf Wachstum angewiesen sind und wie sie sich von Wachstum unabh\u00e4ngig machen k\u00f6nnten<\/li>\n\n\n\n<li><strong>DI 17.11.26, Prof. Dr. Achim Truger<\/strong> , beschreibt aus sozio\u00f6konomischer Sicht die Funktion von Wachstum in der wirtschaftlichen Entwicklung und welche Faktoren Wachstum beeinflussen<\/li>\n<\/ul>\n<\/div><\/div>\n\n\n\n<div style=\"height:24px\" aria-hidden=\"true\" class=\"wp-block-spacer\"><\/div>\n\n\n\n<hr class=\"wp-block-separator has-alpha-channel-opacity\"\/>\n\n\n\n<h3 class=\"wp-block-heading\"><span class=\"ez-toc-section\" id=\"Plakat_Aushang_Ankuendigung\"><\/span>Plakat \/ Aushang \/ Ank\u00fcndigung :<span class=\"ez-toc-section-end\"><\/span><\/h3>\n\n\n<div class=\"wp-block-image\">\n<figure class=\"aligncenter size-large\"><img loading=\"lazy\" decoding=\"async\" width=\"735\" height=\"1024\" src=\"https:\/\/boklima.de\/wp-content\/uploads\/2026\/07\/image-9-735x1024.png\" alt=\"\" class=\"wp-image-16377\" srcset=\"https:\/\/boklima.de\/wp-content\/uploads\/2026\/07\/image-9-735x1024.png 735w, https:\/\/boklima.de\/wp-content\/uploads\/2026\/07\/image-9-215x300.png 215w, https:\/\/boklima.de\/wp-content\/uploads\/2026\/07\/image-9-768x1071.png 768w, https:\/\/boklima.de\/wp-content\/uploads\/2026\/07\/image-9.png 919w\" sizes=\"auto, (max-width: 709px) 85vw, (max-width: 909px) 67vw, (max-width: 984px) 61vw, (max-width: 1362px) 45vw, 600px\" \/><\/figure>\n<\/div>\n\n\n<hr class=\"wp-block-separator has-alpha-channel-opacity\"\/>\n\n\n\n<p class=\"wp-block-paragraph\"><a href=\"https:\/\/boklima.de\/wp-content\/uploads\/2026\/07\/260707-boklima-poster-a4-diskursreihe.pdf\" target=\"_blank\" rel=\"noreferrer noopener nofollow\">Hier der Download als pdf<\/a> (zum weiterverteilen \/ aush\u00e4ngen )<\/p>\n\n\n\n<div style=\"height:21px\" aria-hidden=\"true\" class=\"wp-block-spacer\"><\/div>\n\n\n\n<hr class=\"wp-block-separator has-alpha-channel-opacity\"\/>\n\n\n\n<div class=\"wp-block-media-text has-media-on-the-right is-stacked-on-mobile\" style=\"grid-template-columns:auto 35%\"><div class=\"wp-block-media-text__content\">\n<p class=\"wp-block-paragraph\">Eine Veranstaltung von BoKlima, in Kooperation mit der GLS Bank, unterst\u00fctzt vom Bochum Fond<\/p>\n<\/div><figure class=\"wp-block-media-text__media\"><img loading=\"lazy\" decoding=\"async\" width=\"300\" height=\"143\" src=\"https:\/\/boklima.de\/wp-content\/uploads\/2026\/07\/image-7-300x143.png\" alt=\"\" class=\"wp-image-16370 size-medium\"\/><\/figure><\/div>\n\n\n\n<p class=\"wp-block-paragraph\"><\/p>\n\n\n\n<hr class=\"wp-block-separator has-alpha-channel-opacity\"\/>\n\n\n\n<h4 class=\"wp-block-heading\"><span class=\"ez-toc-section\" id=\"Ausfuehrlicher_Flyer\"><\/span>Ausf\u00fchrlicher Flyer :<span class=\"ez-toc-section-end\"><\/span><\/h4>\n\n\n\n<div data-wp-interactive=\"core\/file\" class=\"wp-block-file\"><object data-wp-bind--hidden=\"!state.hasPdfPreview\" hidden class=\"wp-block-file__embed\" data=\"https:\/\/boklima.de\/wp-content\/uploads\/2026\/07\/260708-boklima-faltblatt-dl-4seiten-diskursreihe.pdf\" type=\"application\/pdf\" style=\"width:100%;height:660px\" aria-label=\"Einbettung von 260708_boklima_faltblatt_dl-4Seiten_diskursreihe.\"><\/object><a id=\"wp-block-file--media-0c2f2b93-ad81-480d-a017-1ff9fc0d39e3\" href=\"https:\/\/boklima.de\/wp-content\/uploads\/2026\/07\/260708-boklima-faltblatt-dl-4seiten-diskursreihe.pdf\">260708_boklima_faltblatt_dl-4Seiten_diskursreihe<\/a><a href=\"https:\/\/boklima.de\/wp-content\/uploads\/2026\/07\/260708-boklima-faltblatt-dl-4seiten-diskursreihe.pdf\" class=\"wp-block-file__button wp-element-button\" download aria-describedby=\"wp-block-file--media-0c2f2b93-ad81-480d-a017-1ff9fc0d39e3\">Herunterladen<\/a><\/div>\n\n\n\n<p class=\"wp-block-paragraph\"><\/p>\n\n\n\n<p class=\"wp-block-paragraph\"><a href=\"https:\/\/boklima.de\/wp-content\/uploads\/2026\/07\/260708-boklima-faltblatt-dl-4seiten-diskursreihe.pdf\" target=\"_blank\" rel=\"noreferrer noopener nofollow\">Hier der pdf Download des 2-seitigen Flyers<\/a> (zum Weiterverteilen )<\/p>\n\n\n\n<p class=\"wp-block-paragraph\"><\/p>\n\n\n\n<div style=\"height:48px\" aria-hidden=\"true\" class=\"wp-block-spacer\"><\/div>\n\n\n\n<hr class=\"wp-block-separator has-alpha-channel-opacity\"\/>\n\n\n\n<p class=\"has-medium-font-size wp-block-paragraph\"><strong>Zur Anmeldung : <a href=\"https:\/\/veranstaltungen.gls.de\/boklima\" target=\"_blank\" rel=\"noreferrer noopener nofollow\">hier<\/a><\/strong> (externe Seite der GLS-Bank)<\/p>\n\n\n\n<figure class=\"wp-block-image size-full\"><img loading=\"lazy\" decoding=\"async\" width=\"101\" height=\"103\" src=\"https:\/\/boklima.de\/wp-content\/uploads\/2026\/07\/image-2.png\" alt=\"\" class=\"wp-image-16357\"\/><\/figure>\n\n\n\n<p class=\"has-medium-font-size wp-block-paragraph\"><\/p>\n<div id=\"ez-toc-container\" class=\"ez-toc-v2_0_87 counter-hierarchy ez-toc-counter ez-toc-transparent ez-toc-container-direction\">\n<div class=\"ez-toc-title-container\">\n<p class=\"ez-toc-title\" style=\"cursor:inherit\">Inhalte dieser Seite :<\/p>\n<span class=\"ez-toc-title-toggle\"><a href=\"#\" class=\"ez-toc-pull-right ez-toc-btn ez-toc-btn-xs ez-toc-btn-default ez-toc-toggle\" aria-label=\"Toggle Table of Content\"><span class=\"ez-toc-js-icon-con\"><span class=\"\"><span class=\"eztoc-hide\" style=\"display:none;\">Toggle<\/span><span class=\"ez-toc-icon-toggle-span\"><svg style=\"fill: #999;color:#999\" xmlns=\"http:\/\/www.w3.org\/2000\/svg\" class=\"list-377408\" width=\"20px\" height=\"20px\" viewBox=\"0 0 24 24\" fill=\"none\"><path d=\"M6 6H4v2h2V6zm14 0H8v2h12V6zM4 11h2v2H4v-2zm16 0H8v2h12v-2zM4 16h2v2H4v-2zm16 0H8v2h12v-2z\" fill=\"currentColor\"><\/path><\/svg><svg style=\"fill: #999;color:#999\" class=\"arrow-unsorted-368013\" xmlns=\"http:\/\/www.w3.org\/2000\/svg\" width=\"10px\" height=\"10px\" viewBox=\"0 0 24 24\" version=\"1.2\" baseProfile=\"tiny\"><path d=\"M18.2 9.3l-6.2-6.3-6.2 6.3c-.2.2-.3.4-.3.7s.1.5.3.7c.2.2.4.3.7.3h11c.3 0 .5-.1.7-.3.2-.2.3-.5.3-.7s-.1-.5-.3-.7zM5.8 14.7l6.2 6.3 6.2-6.3c.2-.2.3-.5.3-.7s-.1-.5-.3-.7c-.2-.2-.4-.3-.7-.3h-11c-.3 0-.5.1-.7.3-.2.2-.3.5-.3.7s.1.5.3.7z\"\/><\/svg><\/span><\/span><\/span><\/a><\/span><\/div>\n<nav><ul class='ez-toc-list ez-toc-list-level-1 eztoc-toggle-hide-by-default' ><ul class='ez-toc-list-level-4' ><li class='ez-toc-heading-level-4'><a class=\"ez-toc-link ez-toc-heading-1\" href=\"https:\/\/boklima.de\/?p=16341\/#Konkret\" >Konkret :<\/a><\/li><\/ul><\/li><li class='ez-toc-page-1 ez-toc-heading-level-3'><a class=\"ez-toc-link ez-toc-heading-2\" href=\"https:\/\/boklima.de\/?p=16341\/#Plakat_Aushang_Ankuendigung\" >Plakat \/ Aushang \/ Ank\u00fcndigung :<\/a><ul class='ez-toc-list-level-4' ><li class='ez-toc-heading-level-4'><a class=\"ez-toc-link ez-toc-heading-3\" href=\"https:\/\/boklima.de\/?p=16341\/#Ausfuehrlicher_Flyer\" >Ausf\u00fchrlicher Flyer :<\/a><\/li><\/ul><\/li><\/ul><\/nav><\/div>\n","protected":false},"excerpt":{"rendered":"<p>Boklima freut sich \u00fcber die Kooperation mit der GLS Bank in diesem Herbst 2026 und wir treffen uns immer dienstags in den Monaten September, Oktober November in den R\u00e4umen der GLS-Bank in der Christstra\u00dfe.Wir hoffen auf Euer Interesse! Konkret : Es gibt 3 Vortr\u00e4ge mit Diskussion , jeweils 18:30 im Werkraum der GLS. Bitte unbedingt &hellip; <a href=\"https:\/\/boklima.de\/?p=16341\" class=\"more-link\"><span class=\"screen-reader-text\">\u201eWachstum ohne Grenzen ? &#8212; Diskursreihe von BoKlima und GLS Bank\u201c <\/span>weiterlesen<\/a><\/p>\n","protected":false},"author":2,"featured_media":16371,"comment_status":"closed","ping_status":"open","sticky":false,"template":"","format":"standard","meta":{"ngg_post_thumbnail":0,"footnotes":"","_share_on_mastodon":"0"},"categories":[156,155,104],"tags":[368,523,524,525,316,338],"class_list":["post-16341","post","type-post","status-publish","format-standard","has-post-thumbnail","hentry","category-relevant-bochum","category-relevant-boklima","category-oeffentlich-fuer-alle-site-besucher-lesbar","tag-vortrag","tag-wachstum","tag-diskursreihe","tag-wohlstand","tag-klima-2","tag-veranstaltung-2"],"share_on_mastodon":{"url":"https:\/\/ruhr.social\/@BoKlima\/116940261346605237","error":""},"rttpg_featured_image_url":{"full":["https:\/\/boklima.de\/wp-content\/uploads\/2026\/07\/image-8.png",682,582,false],"landscape":["https:\/\/boklima.de\/wp-content\/uploads\/2026\/07\/image-8.png",682,582,false],"portraits":["https:\/\/boklima.de\/wp-content\/uploads\/2026\/07\/image-8.png",682,582,false],"thumbnail":["https:\/\/boklima.de\/wp-content\/uploads\/2026\/07\/image-8-150x150.png",150,150,true],"medium":["https:\/\/boklima.de\/wp-content\/uploads\/2026\/07\/image-8-300x256.png",300,256,true],"large":["https:\/\/boklima.de\/wp-content\/uploads\/2026\/07\/image-8.png",682,582,false],"1536x1536":["https:\/\/boklima.de\/wp-content\/uploads\/2026\/07\/image-8.png",682,582,false],"2048x2048":["https:\/\/boklima.de\/wp-content\/uploads\/2026\/07\/image-8.png",682,582,false],"post-thumbnail":["https:\/\/boklima.de\/wp-content\/uploads\/2026\/07\/image-8.png",682,582,false]},"rttpg_author":{"display_name":"thomas - als admin","author_link":"https:\/\/boklima.de\/?author=2"},"rttpg_comment":0,"rttpg_category":"<a href=\"https:\/\/boklima.de\/?cat=156\" rel=\"category\">relevant-Bochum<\/a> <a href=\"https:\/\/boklima.de\/?cat=155\" rel=\"category\">relevant-BoKlima<\/a> <a href=\"https:\/\/boklima.de\/?cat=104\" rel=\"category\">\u00f6ffentlich (f\u00fcr alle lesbar)<\/a>","rttpg_excerpt":"Boklima freut sich \u00fcber die Kooperation mit der GLS Bank in diesem Herbst 2026 und wir treffen uns immer dienstags in den Monaten September, Oktober November in den R\u00e4umen der GLS-Bank in der Christstra\u00dfe.Wir hoffen auf Euer Interesse! Konkret : Es gibt 3 Vortr\u00e4ge mit Diskussion , jeweils 18:30 im Werkraum der GLS. Bitte unbedingt&hellip;","_links":{"self":[{"href":"https:\/\/boklima.de\/index.php?rest_route=\/wp\/v2\/posts\/16341","targetHints":{"allow":["GET"]}}],"collection":[{"href":"https:\/\/boklima.de\/index.php?rest_route=\/wp\/v2\/posts"}],"about":[{"href":"https:\/\/boklima.de\/index.php?rest_route=\/wp\/v2\/types\/post"}],"author":[{"embeddable":true,"href":"https:\/\/boklima.de\/index.php?rest_route=\/wp\/v2\/users\/2"}],"replies":[{"embeddable":true,"href":"https:\/\/boklima.de\/index.php?rest_route=%2Fwp%2Fv2%2Fcomments&post=16341"}],"version-history":[{"count":9,"href":"https:\/\/boklima.de\/index.php?rest_route=\/wp\/v2\/posts\/16341\/revisions"}],"predecessor-version":[{"id":16381,"href":"https:\/\/boklima.de\/index.php?rest_route=\/wp\/v2\/posts\/16341\/revisions\/16381"}],"wp:featuredmedia":[{"embeddable":true,"href":"https:\/\/boklima.de\/index.php?rest_route=\/wp\/v2\/media\/16371"}],"wp:attachment":[{"href":"https:\/\/boklima.de\/index.php?rest_route=%2Fwp%2Fv2%2Fmedia&parent=16341"}],"wp:term":[{"taxonomy":"category","embeddable":true,"href":"https:\/\/boklima.de\/index.php?rest_route=%2Fwp%2Fv2%2Fcategories&post=16341"},{"taxonomy":"post_tag","embeddable":true,"href":"https:\/\/boklima.de\/index.php?rest_route=%2Fwp%2Fv2%2Ftags&post=16341"}],"curies":[{"name":"wp","href":"https:\/\/api.w.org\/{rel}","templated":true}]}}