{"id":15893,"date":"2026-01-24T21:21:46","date_gmt":"2026-01-24T20:21:46","guid":{"rendered":"https:\/\/boklima.de\/?p=15893"},"modified":"2026-04-10T12:16:14","modified_gmt":"2026-04-10T10:16:14","slug":"bochumer-technologiequartier-bebauungsplan-baeume-sind-gefaehrdet","status":"publish","type":"post","link":"https:\/\/boklima.de\/?p=15893","title":{"rendered":"Bochumer TechnologieQuartier Bebauungsplan &#8212; B\u00e4ume sind gef\u00e4hrdet"},"content":{"rendered":"\n<h2 class=\"wp-block-heading\"><span class=\"ez-toc-section\" id=\"Das_Technologiequartier_in_Bochum_bekommt_neue_Baugrundstuecke_%E2%80%94_Es_sollen_wieder_Baeume_gefaellt_werden\"><\/span>Das Technologiequartier in Bochum bekommt neue Baugrundst\u00fccke &#8212;<br>Es sollen  wieder B\u00e4ume gef\u00e4llt werden <span class=\"ez-toc-section-end\"><\/span><\/h2>\n\n\n\n<blockquote class=\"wp-block-quote is-layout-flow wp-block-quote-is-layout-flow\">\n<p class=\"has-background\" style=\"background-color:#fef8d6\"><strong>Infoveranstaltung : DO 29.01.26,  18h  , Zentrum f\u00fcr IT-Sicherheit statt. (Lise-Meitner-Alee 4)<\/strong><\/p>\n<\/blockquote>\n\n\n\n<p>Das Bochumer Technologiequartier soll wachsen. Geplant ist die Schaffung neuer Baugrundst\u00fccke, die Unternehmen die M\u00f6glichkeit bieten, sich in direkter N\u00e4he zur Ruhr-Universit\u00e4t und der Hochschule Bochum anzusiedeln. Diese N\u00e4he zu den wissenschaftlichen Einrichtungen soll den zuk\u00fcnftig ans\u00e4ssigen Unternehmen zahlreiche Vorteile und Synergien bieten. Die Stadt Bochum wird den Bebauungsplan f\u00fcr den Ausbau des Technologiequartiers Ende Januar vorstellen. Eine Infoveranstaltung dazu findet am\u00a029. Januar 2026\u00a0im Zentrum f\u00fcr IT-Sicherheit statt. (Lise-Meitner-Alee 4) Bereits ab dem\u00a019. Januar 2026\u00a0wird der Bebauungsplan online,\u00a0auf der Website der Stadt Bochum, verf\u00fcgbar sein.<\/p>\n\n\n\n<h2 class=\"wp-block-heading\"><span class=\"ez-toc-section\" id=\"Weitere_Infos\"><\/span>Weitere Infos : <span class=\"ez-toc-section-end\"><\/span><\/h2>\n\n\n\n<ul class=\"wp-block-list\">\n<li>Die Vorstellung des Konzepts zum Bebauungsplan findet auf einer Informationsveranstaltung am 29. Januar um 18 Uhr im Zentrum f\u00fcr IT-Sicherheit, Lise-Meitner-Allee 4, statt. Au\u00dferdem kann das Konzept vom 19. Januar bis zum 20. Februar eingesehen werden auf den Internetseiten der Stadt Bochum unter bochum.de\/bebauungsplaene oder im Technischen Rathaus der Stadt Bochum, Hans-B\u00f6ckler-Stra\u00dfe 19, Zimmer Nr. 1.0.210 (Planauslage). Die \u00d6ffnungszeiten sind: Montag, Dienstag und Freitag von 8 bis 13 Uhr, Mittwoch von 8 bis 16 Uhr und Donnerstag von 8 bis 18 Uhr. Stellungnahmen zur Planung k\u00f6nnen zum Beispiel im Internet unter\u00a0<a href=\"https:\/\/www.o-sp.de\/bochum\/\" target=\"_blank\" rel=\"noreferrer noopener\">bochum.de\/bebauungsplaene<\/a>\u00a0abgegeben werden.<\/li>\n<\/ul>\n\n\n\n<ul class=\"wp-block-list\">\n<li><a href=\"https:\/\/www.bochum.de\/Pressemeldungen\/13-Januar-2026\/Technologiequartier-am-Campus-oeffentliche-Informationsveranstaltung\" target=\"_blank\" rel=\"noreferrer noopener\">https:\/\/www.bochum.de\/Pressemeldungen\/13-Januar-2026\/Technologiequartier-am-Campus-oeffentliche-Informationsveranstaltung<\/a><\/li>\n<\/ul>\n\n\n\n<ul class=\"wp-block-list\">\n<li>Bebauungsplan Nr. 1039 \u2013 Technologiequartier am Campus \u2013 In der N\u00e4he zur Ruhr-Universit\u00e4t und zur Hochschule Bochum sollen neue Gewerbefl\u00e4chen entstehen.<br><a href=\"https:\/\/bochum-mitgestalten.de\/bebauungsplan-nr-1039\" target=\"_blank\" rel=\"noreferrer noopener\">https:\/\/bochum-mitgestalten.de\/bebauungsplan-nr-1039<\/a><br>(( leider keine direkte Beteiligung via Consul !! ))<\/li>\n\n\n\n<li>1039 &#8211; Technologiequartier am Campus &#8211;<br><a href=\"https:\/\/www.o-sp.de\/bochum\/plan?pid=77788&amp;tid=207015\" target=\"_blank\" rel=\"noreferrer noopener\">https:\/\/www.o-sp.de\/bochum\/plan?pid=77788&amp;tid=207015<\/a><br>(( Hier finden sich auch Links zu weiteren Unterlagen ))\n<ul class=\"wp-block-list\">\n<li>Unterlagen zum Verfahren<\/li>\n\n\n\n<li><a href=\"https:\/\/www.o-sp.de\/download\/bochum\/557649\" target=\"_blank\" rel=\"noreferrer noopener\">Karte zum Aufstellungsbeschluss<\/a>\u00a0(PDF, 4,58 MB)<\/li>\n\n\n\n<li>Unterlagen zur fr\u00fchzeitigen Beteiligung<\/li>\n\n\n\n<li><a href=\"https:\/\/www.o-sp.de\/download\/bochum\/557212\" target=\"_blank\" rel=\"noreferrer noopener\">\u00dcbersichtsplan<\/a>\u00a0(PDF, 5,09 MB)<\/li>\n\n\n\n<li><a href=\"https:\/\/www.o-sp.de\/download\/bochum\/557136\" target=\"_blank\" rel=\"noreferrer noopener\">St\u00e4dtebaulicher Vorentwurf<\/a>\u00a0(PDF, 12,52 MB)<\/li>\n\n\n\n<li><a href=\"https:\/\/www.o-sp.de\/download\/bochum\/557137\" target=\"_blank\" rel=\"noreferrer noopener\">St\u00e4dtebaulicher Vorentwurf<\/a>\u00a0(JPG, 8,48 MB)<\/li>\n\n\n\n<li><a href=\"https:\/\/www.o-sp.de\/download\/bochum\/557528\" target=\"_blank\" rel=\"noreferrer noopener\">Kurzbegr\u00fcndung<\/a>\u00a0(PDF, 555,94 KB)<\/li>\n\n\n\n<li><a href=\"https:\/\/www.o-sp.de\/download\/bochum\/557663\" target=\"_blank\" rel=\"noreferrer noopener\">Aufzuhebender Teilbereich des Bebauungsplans Nr. 264<\/a>\u00a0(PDF, 3,43 MB)<\/li>\n\n\n\n<li><a href=\"https:\/\/www.o-sp.de\/download\/bochum\/557664\" target=\"_blank\" rel=\"noreferrer noopener\">Aufzuhebender Teilbereich des Bebauungsplans Nr. 281N<\/a>\u00a0(PDF, 9,95 MB)<\/li>\n\n\n\n<li>Amtsblatt<\/li>\n\n\n\n<li><a href=\"https:\/\/www.o-sp.de\/download\/bochum\/434872\" target=\"_blank\" rel=\"noreferrer noopener\">Amtsblatt Ausgabe 2 \/ 2026 vom 19. Januar 2026<\/a>\u00a0(Externer Link)<\/li>\n<\/ul>\n<\/li>\n\n\n\n<li>Ablauf eines Bebauungsplanverfahrens : <br><a href=\"https:\/\/www.bochum.de\/Amt-fuer-Stadtplanung-und-Wohnen\/Ablauf-eines-Bebauungsplanverfahrens\">https:\/\/www.bochum.de\/Amt-fuer-Stadtplanung-und-Wohnen\/Ablauf-eines-Bebauungsplanverfahrens<\/a><\/li>\n<\/ul>\n\n\n\n<p class=\"has-text-align-center has-background has-medium-font-size\" style=\"background-color:#fef7c6\"><strong>Vielleicht l\u00e4sst sich ja \u00fcber die Beteiligung <\/strong><br><strong>noch mit anderen Ideen <br>ein Gro\u00dfteil der F\u00e4llungen verhindern<\/strong><\/p>\n\n\n\n<p><\/p>\n<div id=\"ez-toc-container\" class=\"ez-toc-v2_0_82_2 counter-hierarchy ez-toc-counter ez-toc-transparent ez-toc-container-direction\">\n<div class=\"ez-toc-title-container\">\n<p class=\"ez-toc-title\" style=\"cursor:inherit\">Inhalte dieser Seite :<\/p>\n<span class=\"ez-toc-title-toggle\"><a href=\"#\" class=\"ez-toc-pull-right ez-toc-btn ez-toc-btn-xs ez-toc-btn-default ez-toc-toggle\" aria-label=\"Toggle Table of Content\"><span class=\"ez-toc-js-icon-con\"><span class=\"\"><span class=\"eztoc-hide\" style=\"display:none;\">Toggle<\/span><span class=\"ez-toc-icon-toggle-span\"><svg style=\"fill: #999;color:#999\" xmlns=\"http:\/\/www.w3.org\/2000\/svg\" class=\"list-377408\" width=\"20px\" height=\"20px\" viewBox=\"0 0 24 24\" fill=\"none\"><path d=\"M6 6H4v2h2V6zm14 0H8v2h12V6zM4 11h2v2H4v-2zm16 0H8v2h12v-2zM4 16h2v2H4v-2zm16 0H8v2h12v-2z\" fill=\"currentColor\"><\/path><\/svg><svg style=\"fill: #999;color:#999\" class=\"arrow-unsorted-368013\" xmlns=\"http:\/\/www.w3.org\/2000\/svg\" width=\"10px\" height=\"10px\" viewBox=\"0 0 24 24\" version=\"1.2\" baseProfile=\"tiny\"><path d=\"M18.2 9.3l-6.2-6.3-6.2 6.3c-.2.2-.3.4-.3.7s.1.5.3.7c.2.2.4.3.7.3h11c.3 0 .5-.1.7-.3.2-.2.3-.5.3-.7s-.1-.5-.3-.7zM5.8 14.7l6.2 6.3 6.2-6.3c.2-.2.3-.5.3-.7s-.1-.5-.3-.7c-.2-.2-.4-.3-.7-.3h-11c-.3 0-.5.1-.7.3-.2.2-.3.5-.3.7s.1.5.3.7z\"\/><\/svg><\/span><\/span><\/span><\/a><\/span><\/div>\n<nav><ul class='ez-toc-list ez-toc-list-level-1 eztoc-toggle-hide-by-default' ><li class='ez-toc-page-1 ez-toc-heading-level-2'><a class=\"ez-toc-link ez-toc-heading-1\" href=\"https:\/\/boklima.de\/?p=15893\/#Das_Technologiequartier_in_Bochum_bekommt_neue_Baugrundstuecke_%E2%80%94_Es_sollen_wieder_Baeume_gefaellt_werden\" >Das Technologiequartier in Bochum bekommt neue Baugrundst\u00fccke &#8212; Es sollen  wieder B\u00e4ume gef\u00e4llt werden<\/a><\/li><li class='ez-toc-page-1 ez-toc-heading-level-2'><a class=\"ez-toc-link ez-toc-heading-2\" href=\"https:\/\/boklima.de\/?p=15893\/#Weitere_Infos\" >Weitere Infos :<\/a><\/li><\/ul><\/nav><\/div>\n","protected":false},"excerpt":{"rendered":"<p>Das Technologiequartier in Bochum bekommt neue Baugrundst\u00fccke &#8212;Es sollen wieder B\u00e4ume gef\u00e4llt werden Infoveranstaltung : DO 29.01.26, 18h , Zentrum f\u00fcr IT-Sicherheit statt. (Lise-Meitner-Alee 4) Das Bochumer Technologiequartier soll wachsen. Geplant ist die Schaffung neuer Baugrundst\u00fccke, die Unternehmen die M\u00f6glichkeit bieten, sich in direkter N\u00e4he zur Ruhr-Universit\u00e4t und der Hochschule Bochum anzusiedeln. Diese N\u00e4he zu &hellip; <a href=\"https:\/\/boklima.de\/?p=15893\" class=\"more-link\"><span class=\"screen-reader-text\">\u201eBochumer TechnologieQuartier Bebauungsplan &#8212; B\u00e4ume sind gef\u00e4hrdet\u201c <\/span>weiterlesen<\/a><\/p>\n","protected":false},"author":2,"featured_media":0,"comment_status":"closed","ping_status":"open","sticky":false,"template":"","format":"standard","meta":{"ngg_post_thumbnail":0,"footnotes":"","_share_on_mastodon":"0"},"categories":[155,156,104],"tags":[254,295,330,420,475],"class_list":["post-15893","post","type-post","status-publish","format-standard","hentry","category-relevant-boklima","category-relevant-bochum","category-oeffentlich-fuer-alle-site-besucher-lesbar","tag-baeume","tag-klimaschutz-2","tag-baeumeretten","tag-planung","tag-beteiligung"],"share_on_mastodon":{"url":"https:\/\/ruhr.social\/@BoKlima\/115951934268160103","error":""},"rttpg_featured_image_url":null,"rttpg_author":{"display_name":"thomas - als admin","author_link":"https:\/\/boklima.de\/?author=2"},"rttpg_comment":1,"rttpg_category":"<a href=\"https:\/\/boklima.de\/?cat=155\" rel=\"category\">relevant-BoKlima<\/a> <a href=\"https:\/\/boklima.de\/?cat=156\" rel=\"category\">relevant-Bochum<\/a> <a href=\"https:\/\/boklima.de\/?cat=104\" rel=\"category\">\u00f6ffentlich (f\u00fcr alle lesbar)<\/a>","rttpg_excerpt":"Das Technologiequartier in Bochum bekommt neue Baugrundst\u00fccke &#8212;Es sollen wieder B\u00e4ume gef\u00e4llt werden Infoveranstaltung : DO 29.01.26, 18h , Zentrum f\u00fcr IT-Sicherheit statt. (Lise-Meitner-Alee 4) Das Bochumer Technologiequartier soll wachsen. Geplant ist die Schaffung neuer Baugrundst\u00fccke, die Unternehmen die M\u00f6glichkeit bieten, sich in direkter N\u00e4he zur Ruhr-Universit\u00e4t und der Hochschule Bochum anzusiedeln. Diese N\u00e4he zu&hellip;","_links":{"self":[{"href":"https:\/\/boklima.de\/index.php?rest_route=\/wp\/v2\/posts\/15893","targetHints":{"allow":["GET"]}}],"collection":[{"href":"https:\/\/boklima.de\/index.php?rest_route=\/wp\/v2\/posts"}],"about":[{"href":"https:\/\/boklima.de\/index.php?rest_route=\/wp\/v2\/types\/post"}],"author":[{"embeddable":true,"href":"https:\/\/boklima.de\/index.php?rest_route=\/wp\/v2\/users\/2"}],"replies":[{"embeddable":true,"href":"https:\/\/boklima.de\/index.php?rest_route=%2Fwp%2Fv2%2Fcomments&post=15893"}],"version-history":[{"count":2,"href":"https:\/\/boklima.de\/index.php?rest_route=\/wp\/v2\/posts\/15893\/revisions"}],"predecessor-version":[{"id":15896,"href":"https:\/\/boklima.de\/index.php?rest_route=\/wp\/v2\/posts\/15893\/revisions\/15896"}],"wp:attachment":[{"href":"https:\/\/boklima.de\/index.php?rest_route=%2Fwp%2Fv2%2Fmedia&parent=15893"}],"wp:term":[{"taxonomy":"category","embeddable":true,"href":"https:\/\/boklima.de\/index.php?rest_route=%2Fwp%2Fv2%2Fcategories&post=15893"},{"taxonomy":"post_tag","embeddable":true,"href":"https:\/\/boklima.de\/index.php?rest_route=%2Fwp%2Fv2%2Ftags&post=15893"}],"curies":[{"name":"wp","href":"https:\/\/api.w.org\/{rel}","templated":true}]}}