{"id":15818,"date":"2025-12-08T12:33:06","date_gmt":"2025-12-08T11:33:06","guid":{"rendered":"https:\/\/boklima.de\/?p=15818"},"modified":"2025-12-08T18:49:23","modified_gmt":"2025-12-08T17:49:23","slug":"dringende-blitzmail-aktion-bis-08-12-2025-eu-klimagesetz-in-grosser-gefahr-stoppt-den-omnibus-pakt-mit-europas-rechtsextremen","status":"publish","type":"post","link":"https:\/\/boklima.de\/?p=15818","title":{"rendered":"DRINGENDE BLITZMAIL-AKTION bis 08.12.2025: &#8220;EU-Klimagesetz in gro\u00dfer Gefahr: Stoppt den Omnibus-Pakt mit Europas Rechtsextremen!&#8221;"},"content":{"rendered":"\n<div class=\"wp-block-group has-background\" style=\"background-color:#fbf5ce\"><div class=\"wp-block-group__inner-container is-layout-constrained wp-block-group-is-layout-constrained\">\n<p class=\"has-text-align-center has-medium-font-size\">siehe auch :   <a href=\"https:\/\/schwarmforfuture.net\/mailtool\/\" target=\"_blank\" rel=\"noreferrer noopener nofollow\">https:\/\/schwarmforfuture.net\/mailtool\/<\/a><\/p>\n\n\n\n<p>LUISA NEUBAUER SCHL\u00c4GT ALARM: EU-KLIMAGESETZ IN GEFAHR!<\/p>\n\n\n\n<p>Konservative im EU-Parlament bereiten heimlich einen Pakt mit Rechtsextremen zum EU-Lieferkettengesetz CSDDD vor. Die Verpflichtungen f\u00fcr Unternehmen zum Schutz von Klima und Menschenrechten d\u00fcrfen nicht noch weiter ausgeh\u00f6hlt werden. Schon am Montag 8.12. verhandeln die EU-Spitzen. Wir m\u00fcssen schnellstens aktiv werden!<br>BLITZMAIL-AKTION nur bis Montag 08.12.<\/p>\n\n\n\n<p>Schickt bitte sofort eure 3 Mails an Kanzler Merz, EU-Pr\u00e4sidentin von der Leyen und EVP-Chef Weber!<\/p>\n\n\n\n<p>MUSTERMAIL ist vorbereitet:<\/p>\n<\/div><\/div>\n\n\n\n<p><em><strong>+++ Eine \u00dcber-Nacht-Mailaktion von Schwarm for Future, auf Initiative von Luisa Neubauer, Berlin4Future und vielen anderen +++<\/strong><\/em><\/p>\n\n\n\n<p><\/p>\n\n\n\n<h2 class=\"wp-block-heading\"><span class=\"ez-toc-section\" id=\"BITTE_SCHICKT_SOFORT_%E2%80%93_spaetestens_bis_Montag_0812_%E2%80%93_die_Mail_Tool_unten_PDF_hier_an_Bundeskanzler_Merz_EU-Praesidentin_von_der_Leyen_und_EVP-Chef_Weber\"><\/span>BITTE SCHICKT SOFORT <br>&#8211; sp\u00e4testens bis Montag 08.12. &#8211; <br>die Mail (Tool unten, <a href=\"https:\/\/schwarmforfuture.net\/wp-content\/uploads\/2025\/12\/Mustermail-als-PDF_EU-BLITZAKTION_2025-12-07.pdf\" target=\"_blank\" rel=\"noreferrer noopener nofollow\">PDF hier<\/a>) an <br>* Bundeskanzler Merz, <br>* EU-Pr\u00e4sidentin von der Leyen und <br>* EVP-Chef Weber!<span class=\"ez-toc-section-end\"><\/span><\/h2>\n\n\n\n<h4 class=\"wp-block-heading\"><span class=\"ez-toc-section\" id=\"Darum_gehts\"><\/span><strong>Darum geht&#8217;s:<\/strong><span class=\"ez-toc-section-end\"><\/span><\/h4>\n\n\n\n<p><strong>Eines der zentralsten Gesetze des europ\u00e4ischen Green Deals ist in gro\u00dfer Gefahr, zerst\u00f6rt zu werden.<\/strong> Das m\u00fcssen wir unbedingt verhindern! Konservative im EU-Parlament &#8211; angef\u00fchrt vom EVP-Chef Manfred Weber von der CDU\/CSU &#8211; haben heimlich mit dem rechtsextremen Lager verhandelt, zu dem auch die AfD geh\u00f6rt. Sie wollen gemeinsame Sache machen, um das Lieferkettengesetz der EU &#8211; die Corporate Sustainability Due Dilligence Directive (CSDDD) &#8211; zu schreddern. Pl\u00f6tzlich steht sogar die vereinbarte Pflicht f\u00fcr Unternehmen auf dem Spiel, ihre Gesch\u00e4ftst\u00e4tigkeit an das Pariser Klimaabkommen und das EU-Klimaziel bis 2025 anzupassen!&nbsp;<\/p>\n\n\n\n<p>Luisa Neubauer schreibt am 7.12. auf <a href=\"https:\/\/www.instagram.com\/p\/DR632wTDCzy\/?img_index=1\">Instragram<\/a>:&nbsp; &#8220;Es. Geht. Um. Alles! (&#8230;) Es ist das einzige Gesetz, das gro\u00dfe Konzerne tats\u00e4chlich dazu zwingt, die Zerst\u00f6rung von Klima, Menschen und Natur zu stoppen. Deutschland kennt dieses Prinzip: Das deutsche Lieferkettengesetz existiert seit dem Jahr 2023. Wenn jemand dieses EU-Gesetz verteidigen sollte, dann w\u00e4re es Ursula von der Leyen.&#8221;<\/p>\n\n\n\n<p>Was Demokrat:innen in vielen Jahren der Verhandlungen m\u00fchsam aufgebaut haben, k\u00f6nnten Konservative in einem \u00fcblen Pakt mit Rechtsextremen nun im Rahmen eines sogenannten &#8220;Omnibus&#8221;-Verfahrens an die Wand fahren.<\/p>\n\n\n\n<p>Schon am Montag, 8.12. findet das entscheidende &#8220;Trilog&#8221;-Gespr\u00e4ch statt, in dem EU-Pr\u00e4sidentin Ursula von der Leyen mit EVP-Chef Manfred Weber und der deutsche Bundeskanzler Friedrich Merz zentrale Rollen haben. <strong>Wir m\u00fcssen superschnell sein und ihre Mailboxen fluten. Legt los bis allersp\u00e4testens Montag, 8. Dezember 2025 und sagt es allen!<\/strong><\/p>\n\n\n\n<h3 class=\"wp-block-heading\"><span class=\"ez-toc-section\" id=\"Bisher_verschickt_2276_Anfragen_an_die_EU-Verantwortlichen\"><\/span>Bisher verschickt: 2276 Anfragen an die EU-Verantwortlichen<span class=\"ez-toc-section-end\"><\/span><\/h3>\n\n\n\n<h4 class=\"wp-block-heading\"><span class=\"ez-toc-section\" id=\"So_nutzt_Du_das_Mustermail-Tool\"><\/span><strong>So nutzt Du das Mustermail-Tool:<\/strong><span class=\"ez-toc-section-end\"><\/span><\/h4>\n\n\n\n<p>&gt; <strong>Klicke auf die Buttons &#8220;Anfrage schicken&#8221;, um zur Mustermail zu kommen<\/strong><br>Du kannst die Mustermail in deinem Mailprogramm \u00f6ffnen oder kopieren, personalisieren und sofort losschicken. Schreib einen individuellen Betreff, damit umgehst du ihre Mailbox-Filter. <\/p>\n\n\n\n<p>Eine <strong>Vorschau der Mustermail<\/strong> siehst Du <a href=\"https:\/\/schwarmforfuture.net\/wp-content\/uploads\/2025\/12\/Mustermail-als-PDF_EU-BLITZAKTION_2025-12-07.pdf\">hier als PDF<\/a>.<\/p>\n<div id=\"ez-toc-container\" class=\"ez-toc-v2_0_82_2 counter-hierarchy ez-toc-counter ez-toc-transparent ez-toc-container-direction\">\n<div class=\"ez-toc-title-container\">\n<p class=\"ez-toc-title\" style=\"cursor:inherit\">Inhalte dieser Seite :<\/p>\n<span class=\"ez-toc-title-toggle\"><a href=\"#\" class=\"ez-toc-pull-right ez-toc-btn ez-toc-btn-xs ez-toc-btn-default ez-toc-toggle\" aria-label=\"Toggle Table of Content\"><span class=\"ez-toc-js-icon-con\"><span class=\"\"><span class=\"eztoc-hide\" style=\"display:none;\">Toggle<\/span><span class=\"ez-toc-icon-toggle-span\"><svg style=\"fill: #999;color:#999\" xmlns=\"http:\/\/www.w3.org\/2000\/svg\" class=\"list-377408\" width=\"20px\" height=\"20px\" viewBox=\"0 0 24 24\" fill=\"none\"><path d=\"M6 6H4v2h2V6zm14 0H8v2h12V6zM4 11h2v2H4v-2zm16 0H8v2h12v-2zM4 16h2v2H4v-2zm16 0H8v2h12v-2z\" fill=\"currentColor\"><\/path><\/svg><svg style=\"fill: #999;color:#999\" class=\"arrow-unsorted-368013\" xmlns=\"http:\/\/www.w3.org\/2000\/svg\" width=\"10px\" height=\"10px\" viewBox=\"0 0 24 24\" version=\"1.2\" baseProfile=\"tiny\"><path d=\"M18.2 9.3l-6.2-6.3-6.2 6.3c-.2.2-.3.4-.3.7s.1.5.3.7c.2.2.4.3.7.3h11c.3 0 .5-.1.7-.3.2-.2.3-.5.3-.7s-.1-.5-.3-.7zM5.8 14.7l6.2 6.3 6.2-6.3c.2-.2.3-.5.3-.7s-.1-.5-.3-.7c-.2-.2-.4-.3-.7-.3h-11c-.3 0-.5.1-.7.3-.2.2-.3.5-.3.7s.1.5.3.7z\"\/><\/svg><\/span><\/span><\/span><\/a><\/span><\/div>\n<nav><ul class='ez-toc-list ez-toc-list-level-1 eztoc-toggle-hide-by-default' ><li class='ez-toc-page-1 ez-toc-heading-level-2'><a class=\"ez-toc-link ez-toc-heading-1\" href=\"https:\/\/boklima.de\/?p=15818\/#BITTE_SCHICKT_SOFORT_%E2%80%93_spaetestens_bis_Montag_0812_%E2%80%93_die_Mail_Tool_unten_PDF_hier_an_Bundeskanzler_Merz_EU-Praesidentin_von_der_Leyen_und_EVP-Chef_Weber\" >BITTE SCHICKT SOFORT  &#8211; sp\u00e4testens bis Montag 08.12. &#8211;  die Mail (Tool unten, PDF hier) an  * Bundeskanzler Merz,  * EU-Pr\u00e4sidentin von der Leyen und  * EVP-Chef Weber!<\/a><ul class='ez-toc-list-level-4' ><li class='ez-toc-heading-level-4'><ul class='ez-toc-list-level-4' ><li class='ez-toc-heading-level-4'><a class=\"ez-toc-link ez-toc-heading-2\" href=\"https:\/\/boklima.de\/?p=15818\/#Darum_gehts\" >Darum geht&#8217;s:<\/a><\/li><\/ul><\/li><li class='ez-toc-page-1 ez-toc-heading-level-3'><a class=\"ez-toc-link ez-toc-heading-3\" href=\"https:\/\/boklima.de\/?p=15818\/#Bisher_verschickt_2276_Anfragen_an_die_EU-Verantwortlichen\" >Bisher verschickt: 2276 Anfragen an die EU-Verantwortlichen<\/a><ul class='ez-toc-list-level-4' ><li class='ez-toc-heading-level-4'><a class=\"ez-toc-link ez-toc-heading-4\" href=\"https:\/\/boklima.de\/?p=15818\/#So_nutzt_Du_das_Mustermail-Tool\" >So nutzt Du das Mustermail-Tool:<\/a><\/li><\/ul><\/li><\/ul><\/li><\/ul><\/nav><\/div>\n","protected":false},"excerpt":{"rendered":"<p>siehe auch : https:\/\/schwarmforfuture.net\/mailtool\/ LUISA NEUBAUER SCHL\u00c4GT ALARM: EU-KLIMAGESETZ IN GEFAHR! Konservative im EU-Parlament bereiten heimlich einen Pakt mit Rechtsextremen zum EU-Lieferkettengesetz CSDDD vor. Die Verpflichtungen f\u00fcr Unternehmen zum Schutz von Klima und Menschenrechten d\u00fcrfen nicht noch weiter ausgeh\u00f6hlt werden. Schon am Montag 8.12. verhandeln die EU-Spitzen. Wir m\u00fcssen schnellstens aktiv werden!BLITZMAIL-AKTION nur bis Montag &hellip; <a href=\"https:\/\/boklima.de\/?p=15818\" class=\"more-link\"><span class=\"screen-reader-text\">\u201eDRINGENDE BLITZMAIL-AKTION bis 08.12.2025: &#8220;EU-Klimagesetz in gro\u00dfer Gefahr: Stoppt den Omnibus-Pakt mit Europas Rechtsextremen!&#8221;\u201c <\/span>weiterlesen<\/a><\/p>\n","protected":false},"author":2,"featured_media":15819,"comment_status":"closed","ping_status":"closed","sticky":false,"template":"","format":"standard","meta":{"ngg_post_thumbnail":0,"footnotes":"","_share_on_mastodon":"1"},"categories":[155,157,104],"tags":[295,316,445,446,447],"class_list":["post-15818","post","type-post","status-publish","format-standard","has-post-thumbnail","hentry","category-relevant-boklima","category-relevant-klimanews","category-oeffentlich-fuer-alle-site-besucher-lesbar","tag-klimaschutz-2","tag-klima-2","tag-mailaktion","tag-liferkettengestz","tag-eu"],"share_on_mastodon":{"url":"https:\/\/ruhr.social\/@BoKlima\/115683727003118309","error":""},"rttpg_featured_image_url":{"full":["https:\/\/boklima.de\/wp-content\/uploads\/2025\/12\/image.png",901,589,false],"landscape":["https:\/\/boklima.de\/wp-content\/uploads\/2025\/12\/image.png",901,589,false],"portraits":["https:\/\/boklima.de\/wp-content\/uploads\/2025\/12\/image.png",901,589,false],"thumbnail":["https:\/\/boklima.de\/wp-content\/uploads\/2025\/12\/image-150x150.png",150,150,true],"medium":["https:\/\/boklima.de\/wp-content\/uploads\/2025\/12\/image-300x196.png",300,196,true],"large":["https:\/\/boklima.de\/wp-content\/uploads\/2025\/12\/image.png",840,549,false],"1536x1536":["https:\/\/boklima.de\/wp-content\/uploads\/2025\/12\/image.png",901,589,false],"2048x2048":["https:\/\/boklima.de\/wp-content\/uploads\/2025\/12\/image.png",901,589,false],"post-thumbnail":["https:\/\/boklima.de\/wp-content\/uploads\/2025\/12\/image.png",901,589,false]},"rttpg_author":{"display_name":"thomas - als admin","author_link":"https:\/\/boklima.de\/?author=2"},"rttpg_comment":0,"rttpg_category":"<a href=\"https:\/\/boklima.de\/?cat=155\" rel=\"category\">relevant-BoKlima<\/a> <a href=\"https:\/\/boklima.de\/?cat=157\" rel=\"category\">relevant-KlimaNews<\/a> <a href=\"https:\/\/boklima.de\/?cat=104\" rel=\"category\">\u00f6ffentlich (f\u00fcr alle lesbar)<\/a>","rttpg_excerpt":"siehe auch : https:\/\/schwarmforfuture.net\/mailtool\/ LUISA NEUBAUER SCHL\u00c4GT ALARM: EU-KLIMAGESETZ IN GEFAHR! Konservative im EU-Parlament bereiten heimlich einen Pakt mit Rechtsextremen zum EU-Lieferkettengesetz CSDDD vor. Die Verpflichtungen f\u00fcr Unternehmen zum Schutz von Klima und Menschenrechten d\u00fcrfen nicht noch weiter ausgeh\u00f6hlt werden. Schon am Montag 8.12. verhandeln die EU-Spitzen. Wir m\u00fcssen schnellstens aktiv werden!BLITZMAIL-AKTION nur bis Montag&hellip;","_links":{"self":[{"href":"https:\/\/boklima.de\/index.php?rest_route=\/wp\/v2\/posts\/15818","targetHints":{"allow":["GET"]}}],"collection":[{"href":"https:\/\/boklima.de\/index.php?rest_route=\/wp\/v2\/posts"}],"about":[{"href":"https:\/\/boklima.de\/index.php?rest_route=\/wp\/v2\/types\/post"}],"author":[{"embeddable":true,"href":"https:\/\/boklima.de\/index.php?rest_route=\/wp\/v2\/users\/2"}],"replies":[{"embeddable":true,"href":"https:\/\/boklima.de\/index.php?rest_route=%2Fwp%2Fv2%2Fcomments&post=15818"}],"version-history":[{"count":2,"href":"https:\/\/boklima.de\/index.php?rest_route=\/wp\/v2\/posts\/15818\/revisions"}],"predecessor-version":[{"id":15821,"href":"https:\/\/boklima.de\/index.php?rest_route=\/wp\/v2\/posts\/15818\/revisions\/15821"}],"wp:featuredmedia":[{"embeddable":true,"href":"https:\/\/boklima.de\/index.php?rest_route=\/wp\/v2\/media\/15819"}],"wp:attachment":[{"href":"https:\/\/boklima.de\/index.php?rest_route=%2Fwp%2Fv2%2Fmedia&parent=15818"}],"wp:term":[{"taxonomy":"category","embeddable":true,"href":"https:\/\/boklima.de\/index.php?rest_route=%2Fwp%2Fv2%2Fcategories&post=15818"},{"taxonomy":"post_tag","embeddable":true,"href":"https:\/\/boklima.de\/index.php?rest_route=%2Fwp%2Fv2%2Ftags&post=15818"}],"curies":[{"name":"wp","href":"https:\/\/api.w.org\/{rel}","templated":true}]}}